{"id":790815,"date":"2026-03-12T23:51:57","date_gmt":"2026-03-12T22:51:57","guid":{"rendered":"https:\/\/www.hashtag.al\/?p=790815"},"modified":"2026-03-13T00:01:27","modified_gmt":"2026-03-12T23:01:27","slug":"te-perkushtuar-per-te-mbeshtetur-e-mbrojtur-te-drejtat-e-shqiptareve-ne-lugine-hoxha-pret-kryetaren-e-presheves","status":"publish","type":"post","link":"https:\/\/www.hashtag.al\/index.php\/2026\/03\/12\/te-perkushtuar-per-te-mbeshtetur-e-mbrojtur-te-drejtat-e-shqiptareve-ne-lugine-hoxha-pret-kryetaren-e-presheves\/","title":{"rendered":"\u201cT\u00eb p\u00ebrkushtuar p\u00ebr t\u00eb mbrojtur t\u00eb drejtat e shqiptar\u00ebve n\u00eb Lugin\u00eb\u201d &#8211; Hoxha pret kryetaren e Preshev\u00ebs","gt_translate_keys":[{"key":"rendered","format":"text"}]},"content":{"rendered":"<p><img loading=\"lazy\" decoding=\"async\" class=\"aligncenter size-full wp-image-790816\" src=\"https:\/\/www.hashtag.al\/wp-content\/uploads\/2026\/03\/1773353225_WhatsAppImage20260312at23.06.26.jpeg\" alt=\"\" width=\"780\" height=\"440\" srcset=\"https:\/\/www.hashtag.al\/wp-content\/uploads\/2026\/03\/1773353225_WhatsAppImage20260312at23.06.26.jpeg 780w, https:\/\/www.hashtag.al\/wp-content\/uploads\/2026\/03\/1773353225_WhatsAppImage20260312at23.06.26-300x169.jpeg 300w, https:\/\/www.hashtag.al\/wp-content\/uploads\/2026\/03\/1773353225_WhatsAppImage20260312at23.06.26-768x433.jpeg 768w\" sizes=\"auto, (max-width: 780px) 100vw, 780px\" \/><\/p>\n<p><span style=\"color: #000000;\">Ministri i Jasht\u00ebm Hoxha ka pritur sot kryetaren e Preshev\u00ebs, Ardita Sinani. <\/span><\/p>\n<p><span style=\"color: #000000;\">Ai shkruan se Tirana \u00ebsht\u00eb e p\u00ebrkushtuar p\u00ebr t\u00eb mb\u00ebshtetur dhe mbrojtur t\u00eb drejtat e shqiptar\u00ebve t\u00eb Lugin\u00ebs s\u00eb Preshev\u00ebs.<\/span><\/p>\n<p><span style=\"color: #000000;\">Respektimi i t\u00eb drejtave t\u00eb njeriut, identitetit komb\u00ebtar, gjuh\u00ebs dhe p\u00ebrfaq\u00ebsimit instiutucional \u00ebsht\u00eb thelb\u00ebsor p\u00ebr nj\u00eb shoq\u00ebri demokratike.<\/span><\/p>\n<p><span style=\"color: #000000;\"><em>\u201cPata k\u00ebnaq\u00ebsin\u00eb t\u00eb pres sot n\u00eb takim Kryetaren e Komun\u00ebs s\u00eb Preshev\u00ebs, znj. Ardita Sinani. Biseduam hapur p\u00ebr situat\u00ebn, problematikat dhe sfidat me t\u00eb cilat p\u00ebrballen shqiptar\u00ebt n\u00eb Lugin\u00ebn e Preshev\u00ebs.<\/em><\/span><\/p>\n<p><span style=\"color: #000000;\"><em>Shqip\u00ebria mbetet t\u00ebr\u00ebsisht e p\u00ebrkushtuar p\u00ebr t\u00eb mb\u00ebshtetur dhe mbrojtur t\u00eb drejtat e shqiptar\u00ebve n\u00eb Lugin\u00eb.<\/em><\/span><\/p>\n<p><span style=\"color: #000000;\"><em>Institucionet shqiptare do t\u00eb vijojn\u00eb t\u00eb ndjekin me v\u00ebmendje situat\u00ebn e shqiptar\u00ebve atje dhe mbeten t\u00eb angazhuara n\u00eb m\u00ebnyr\u00eb t\u00eb vazhdueshme, si n\u00eb dialogun dypal\u00ebsh ashtu edhe n\u00eb forumet nd\u00ebrkomb\u00ebtare, p\u00ebr t\u00eb promovuar dhe mbrojtur t\u00eb drejtat dhe interesat e tyre legjitime, p\u00ebr t\u00eb adresuar \u00e7\u00ebshtjet q\u00eb i shqet\u00ebsojn\u00eb dhe p\u00ebr t\u00eb nxitur politika q\u00eb garantojn\u00eb barazi, respekt dhe mund\u00ebsi t\u00eb drejta, si dhe q\u00eb z\u00ebri i tyre t\u00eb d\u00ebgjohet kudo ku mbrohen t\u00eb drejtat e njeriut dhe t\u00eb komuniteteve.<\/em><\/span><\/p>\n<p><span style=\"color: #000000;\"><em>Respektimi i t\u00eb drejtave t\u00eb njeriut, i identitetit komb\u00ebtar, i gjuh\u00ebs dhe i p\u00ebrfaq\u00ebsimit t\u00eb drejt\u00eb institucional \u00ebsht\u00eb thelb\u00ebsor p\u00ebr nd\u00ebrtimin e nj\u00eb shoq\u00ebrie demokratike dhe gjith\u00ebp\u00ebrfshir\u00ebse. Mb\u00ebshtetja p\u00ebr zhvillimin ekonomik, arsimor dhe kulturor t\u00eb komunitetit shqiptar n\u00eb Lugin\u00ebn e Preshev\u00ebs mbetet nj\u00eb prioritet i r\u00ebnd\u00ebsish\u00ebm. Shqip\u00ebria do t\u00eb vazhdoj\u00eb t\u00eb punoj\u00eb ngusht\u00eb me p\u00ebrfaq\u00ebsuesit e shqiptar\u00ebve n\u00eb Lugin\u00eb dhe me partner\u00ebt nd\u00ebrkomb\u00ebtar\u00eb p\u00ebr t\u00eb garantuar barazi, dinjitet dhe perspektiv\u00eb p\u00ebr t\u00eb ardhmen e tyre.\u201d<\/em><\/span><\/p>\n","protected":false,"gt_translate_keys":[{"key":"rendered","format":"html"}]},"excerpt":{"rendered":"<p>Ministri i Jasht\u00ebm Hoxha ka pritur sot kryetaren e Preshev\u00ebs, Ardita Sinani. Ai shkruan se Tirana \u00ebsht\u00eb e p\u00ebrkushtuar p\u00ebr t\u00eb mb\u00ebshtetur dhe mbrojtur t\u00eb drejtat e shqiptar\u00ebve t\u00eb Lugin\u00ebs s\u00eb Preshev\u00ebs. Respektimi i t\u00eb drejtave t\u00eb njeriut, identitetit komb\u00ebtar, gjuh\u00ebs dhe p\u00ebrfaq\u00ebsimit instiutucional \u00ebsht\u00eb thelb\u00ebsor p\u00ebr nj\u00eb shoq\u00ebri demokratike. \u201cPata k\u00ebnaq\u00ebsin\u00eb t\u00eb pres sot [&hellip;]<\/p>\n","protected":false,"gt_translate_keys":[{"key":"rendered","format":"html"}]},"author":51,"featured_media":790816,"comment_status":"closed","ping_status":"open","sticky":false,"template":"","format":"standard","meta":{"footnotes":""},"categories":[65],"tags":[],"class_list":["post-790815","post","type-post","status-publish","format-standard","has-post-thumbnail","hentry","category-lajme"],"gt_translate_keys":[{"key":"link","format":"url"}],"_links":{"self":[{"href":"https:\/\/www.hashtag.al\/index.php\/wp-json\/wp\/v2\/posts\/790815","targetHints":{"allow":["GET"]}}],"collection":[{"href":"https:\/\/www.hashtag.al\/index.php\/wp-json\/wp\/v2\/posts"}],"about":[{"href":"https:\/\/www.hashtag.al\/index.php\/wp-json\/wp\/v2\/types\/post"}],"author":[{"embeddable":true,"href":"https:\/\/www.hashtag.al\/index.php\/wp-json\/wp\/v2\/users\/51"}],"replies":[{"embeddable":true,"href":"https:\/\/www.hashtag.al\/index.php\/wp-json\/wp\/v2\/comments?post=790815"}],"version-history":[{"count":99999,"href":"https:\/\/www.hashtag.al\/index.php\/wp-json\/wp\/v2\/posts\/790815\/revisions"}],"predecessor-version":[{"id":790818,"href":"https:\/\/www.hashtag.al\/index.php\/wp-json\/wp\/v2\/posts\/790815\/revisions\/790818"}],"wp:featuredmedia":[{"embeddable":true,"href":"https:\/\/www.hashtag.al\/index.php\/wp-json\/wp\/v2\/media\/790816"}],"wp:attachment":[{"href":"https:\/\/www.hashtag.al\/index.php\/wp-json\/wp\/v2\/media?parent=790815"}],"wp:term":[{"taxonomy":"category","embeddable":true,"href":"https:\/\/www.hashtag.al\/index.php\/wp-json\/wp\/v2\/categories?post=790815"},{"taxonomy":"post_tag","embeddable":true,"href":"https:\/\/www.hashtag.al\/index.php\/wp-json\/wp\/v2\/tags?post=790815"}],"curies":[{"name":"wp","href":"https:\/\/api.w.org\/{rel}","templated":true}]}}