{"id":790788,"date":"2026-03-12T21:48:04","date_gmt":"2026-03-12T20:48:04","guid":{"rendered":"https:\/\/www.hashtag.al\/?p=790788"},"modified":"2026-03-12T21:48:04","modified_gmt":"2026-03-12T20:48:04","slug":"rama-ka-hallin-e-vet-jo-te-ballukut-murrizi","status":"publish","type":"post","link":"https:\/\/www.hashtag.al\/index.php\/2026\/03\/12\/rama-ka-hallin-e-vet-jo-te-ballukut-murrizi\/","title":{"rendered":"\u201cRama ka hallin e vet, jo t\u00eb Ballukut\u201d &#8211; Murrizi","gt_translate_keys":[{"key":"rendered","format":"text"}]},"content":{"rendered":"<p><img loading=\"lazy\" decoding=\"async\" class=\"aligncenter size-full wp-image-790789\" src=\"https:\/\/www.hashtag.al\/wp-content\/uploads\/2026\/03\/murrizi.jpg\" alt=\"\" width=\"927\" height=\"502\" srcset=\"https:\/\/www.hashtag.al\/wp-content\/uploads\/2026\/03\/murrizi.jpg 927w, https:\/\/www.hashtag.al\/wp-content\/uploads\/2026\/03\/murrizi-300x162.jpg 300w, https:\/\/www.hashtag.al\/wp-content\/uploads\/2026\/03\/murrizi-768x416.jpg 768w\" sizes=\"auto, (max-width: 927px) 100vw, 927px\" \/><\/p>\n<p><span style=\"color: #000000;\">Sipas Myslim Murrizit, mbrojtja q\u00eb Rama po i b\u00ebn Ballukut \u00ebsht\u00eb n\u00eb fakt mbrojtje q\u00eb ai po i b\u00ebn vetes. <\/span><\/p>\n<p><span style=\"color: #000000;\">Ai tha se pezullimi i Ballukut mund t\u00eb mb\u00ebrrij\u00eb te vet\u00eb kreu i qeveris\u00eb nes\u00ebr. Ish-deputeti demokrat tha gjithashtu se zyrtar\u00ebve q\u00eb po hetohen prej koh\u00ebsh duhet t\u2019u hetohet edhe pasuria.<\/span><\/p>\n<p><span style=\"color: #000000;\"><em>\u201cRama nuk ka hallin e Belind\u00ebs fare. Po t\u00eb ishte Erion Bra\u00e7e apo dikush tjet\u00ebr zv\/kryeminist\u00ebr, do t\u00eb mbante t\u00eb nj\u00ebjtin q\u00ebndrim si m\u00eb par\u00eb. Fakti q\u00eb Belinda ishte n\u00eb detyr\u00eb dhe SPAK k\u00ebrkoi pezullim nga detyra tregon se po e frenon sa t\u00eb mundet larg der\u00ebs s\u00eb tij, sepse n\u00ebse kalon ajo der\u00eb, \u00e7\u00ebshtja shkon te dera e tij\u201d<\/em>, tha Murrizi n\u00eb News24.<\/span><\/p>\n","protected":false,"gt_translate_keys":[{"key":"rendered","format":"html"}]},"excerpt":{"rendered":"<p>Sipas Myslim Murrizit, mbrojtja q\u00eb Rama po i b\u00ebn Ballukut \u00ebsht\u00eb n\u00eb fakt mbrojtje q\u00eb ai po i b\u00ebn vetes. Ai tha se pezullimi i Ballukut mund t\u00eb mb\u00ebrrij\u00eb te vet\u00eb kreu i qeveris\u00eb nes\u00ebr. Ish-deputeti demokrat tha gjithashtu se zyrtar\u00ebve q\u00eb po hetohen prej koh\u00ebsh duhet t\u2019u hetohet edhe pasuria. \u201cRama nuk ka hallin [&hellip;]<\/p>\n","protected":false,"gt_translate_keys":[{"key":"rendered","format":"html"}]},"author":51,"featured_media":790789,"comment_status":"closed","ping_status":"open","sticky":false,"template":"","format":"standard","meta":{"footnotes":""},"categories":[65],"tags":[],"class_list":["post-790788","post","type-post","status-publish","format-standard","has-post-thumbnail","hentry","category-lajme"],"gt_translate_keys":[{"key":"link","format":"url"}],"_links":{"self":[{"href":"https:\/\/www.hashtag.al\/index.php\/wp-json\/wp\/v2\/posts\/790788","targetHints":{"allow":["GET"]}}],"collection":[{"href":"https:\/\/www.hashtag.al\/index.php\/wp-json\/wp\/v2\/posts"}],"about":[{"href":"https:\/\/www.hashtag.al\/index.php\/wp-json\/wp\/v2\/types\/post"}],"author":[{"embeddable":true,"href":"https:\/\/www.hashtag.al\/index.php\/wp-json\/wp\/v2\/users\/51"}],"replies":[{"embeddable":true,"href":"https:\/\/www.hashtag.al\/index.php\/wp-json\/wp\/v2\/comments?post=790788"}],"version-history":[{"count":99999,"href":"https:\/\/www.hashtag.al\/index.php\/wp-json\/wp\/v2\/posts\/790788\/revisions"}],"predecessor-version":[{"id":790791,"href":"https:\/\/www.hashtag.al\/index.php\/wp-json\/wp\/v2\/posts\/790788\/revisions\/790791"}],"wp:featuredmedia":[{"embeddable":true,"href":"https:\/\/www.hashtag.al\/index.php\/wp-json\/wp\/v2\/media\/790789"}],"wp:attachment":[{"href":"https:\/\/www.hashtag.al\/index.php\/wp-json\/wp\/v2\/media?parent=790788"}],"wp:term":[{"taxonomy":"category","embeddable":true,"href":"https:\/\/www.hashtag.al\/index.php\/wp-json\/wp\/v2\/categories?post=790788"},{"taxonomy":"post_tag","embeddable":true,"href":"https:\/\/www.hashtag.al\/index.php\/wp-json\/wp\/v2\/tags?post=790788"}],"curies":[{"name":"wp","href":"https:\/\/api.w.org\/{rel}","templated":true}]}}