{"id":790784,"date":"2026-03-12T21:31:34","date_gmt":"2026-03-12T20:31:34","guid":{"rendered":"https:\/\/www.hashtag.al\/?p=790784"},"modified":"2026-03-12T21:32:11","modified_gmt":"2026-03-12T20:32:11","slug":"vota-e-socialisteve-per-mbrojtjen-e-ballukut-poengon-integrimin-e-vendit-ne-be-kellici","status":"publish","type":"post","link":"https:\/\/www.hashtag.al\/index.php\/2026\/03\/12\/vota-e-socialisteve-per-mbrojtjen-e-ballukut-poengon-integrimin-e-vendit-ne-be-kellici\/","title":{"rendered":"\u201cVota e socialist\u00ebve p\u00ebr mbrojtjen e Ballukut pengon integrimin e vendit n\u00eb BE\u201d &#8211; K\u00eblli\u00e7i","gt_translate_keys":[{"key":"rendered","format":"text"}]},"content":{"rendered":"<p><img loading=\"lazy\" decoding=\"async\" class=\"aligncenter size-full wp-image-790785\" src=\"https:\/\/www.hashtag.al\/wp-content\/uploads\/2026\/03\/kellici.jpg\" alt=\"\" width=\"938\" height=\"616\" srcset=\"https:\/\/www.hashtag.al\/wp-content\/uploads\/2026\/03\/kellici.jpg 938w, https:\/\/www.hashtag.al\/wp-content\/uploads\/2026\/03\/kellici-300x197.jpg 300w, https:\/\/www.hashtag.al\/wp-content\/uploads\/2026\/03\/kellici-768x504.jpg 768w\" sizes=\"auto, (max-width: 938px) 100vw, 938px\" \/><\/p>\n<p><span style=\"color: #000000;\">Deputeti i PD-s\u00eb Belind K\u00eblli\u00e7i tha mbr\u00ebmjen e sotme se mosheqja e imunitetit t\u00eb Belinda Ballukut nga deputet\u00ebt socialist\u00eb d\u00ebmton integrimin e vendit n\u00eb BE.<\/span><\/p>\n<p><span style=\"color: #000000;\"> Ai theksoi se dosja \u201cBalluku\u201d \u00ebsht\u00eb test kritik p\u00ebr sa i p\u00ebrket integrimit dhe reagimet e ambasadave t\u00eb vendeve t\u00eb BE-s\u00eb n\u00eb Tiran\u00eb \u00ebsht\u00eb tregues i saj.<\/span><\/p>\n<p><span style=\"color: #000000;\"><em>\u201cAjo q\u00eb ka ndodhur sot n\u00eb Kuvend \u00ebsht\u00eb lajm i keq p\u00ebr shqiptar\u00ebt, lajm i keq p\u00ebr integrimin e vendit, por lajm i mir\u00eb p\u00ebr ata q\u00eb duan t\u2019i bashkohen band\u00ebs s\u00eb Edi Ram\u00ebs. Rasti \u201cBalluku\u201d \u00ebsht\u00eb test kritik p\u00ebr integrimin e Shqip\u00ebris\u00eb n\u00eb BE.<\/em><\/span><\/p>\n<p><span style=\"color: #000000;\"><em>T\u00eb gjith\u00eb ambasadat e huaja n\u00eb Tiran\u00eb kan\u00eb patur nj\u00eb mesazh. M\u00eb vjen mir\u00eb q\u00eb dhe n\u00eb PS pati nj\u00eb deputet si Elisa Spiropali, q\u00eb e pati kurajon t\u00eb mos i bashkohej k\u00ebsaj maskarade q\u00eb p\u00ebr hir t\u00eb v\u00ebrtet\u00ebs efektet do t\u00eb shihen n\u00eb vijim. Ata q\u00eb iu bashkuan do t\u00eb duhet t\u00eb ulin kokat p\u00ebr turpin q\u00eb i kan\u00eb b\u00ebr\u00eb Shqip\u00ebris\u00eb dhe standardit q\u00eb vendos\u00ebn sot p\u00ebr t\u00eb mbrojtur me ligj t\u00eb korruptuarit. P\u00ebr Edi Ram\u00ebn nuk ka prokurori speciale, por ka prokurori t\u00eb zakonshme dhe qeveri speciale.<\/em><\/span><\/p>\n<p><span style=\"color: #000000;\"><em>Sepse prokuroria speciale nuk ekziston m\u00eb p\u00ebr Edi Ram\u00ebn dhe termin special e kan\u00eb vet\u00ebm ministrat, kabineti q\u00eb do t\u00eb jen\u00eb nga sot mbi ligjin sepse do t\u00eb ken\u00eb mbrojtjen dhe imunitetin e e garantuar nga garantori q\u00eb \u00ebsht\u00eb Edi Rama q\u00eb e mban k\u00ebt\u00eb sistem n\u00eb k\u00ebmb\u00eb.\u201d<\/em> &#8211; tha K\u00eblli\u00e7i.<\/span><\/p>\n","protected":false,"gt_translate_keys":[{"key":"rendered","format":"html"}]},"excerpt":{"rendered":"<p>Deputeti i PD-s\u00eb Belind K\u00eblli\u00e7i tha mbr\u00ebmjen e sotme se mosheqja e imunitetit t\u00eb Belinda Ballukut nga deputet\u00ebt socialist\u00eb d\u00ebmton integrimin e vendit n\u00eb BE. Ai theksoi se dosja \u201cBalluku\u201d \u00ebsht\u00eb test kritik p\u00ebr sa i p\u00ebrket integrimit dhe reagimet e ambasadave t\u00eb vendeve t\u00eb BE-s\u00eb n\u00eb Tiran\u00eb \u00ebsht\u00eb tregues i saj. \u201cAjo q\u00eb ka [&hellip;]<\/p>\n","protected":false,"gt_translate_keys":[{"key":"rendered","format":"html"}]},"author":51,"featured_media":790785,"comment_status":"closed","ping_status":"open","sticky":false,"template":"","format":"standard","meta":{"footnotes":""},"categories":[65],"tags":[],"class_list":["post-790784","post","type-post","status-publish","format-standard","has-post-thumbnail","hentry","category-lajme"],"gt_translate_keys":[{"key":"link","format":"url"}],"_links":{"self":[{"href":"https:\/\/www.hashtag.al\/index.php\/wp-json\/wp\/v2\/posts\/790784","targetHints":{"allow":["GET"]}}],"collection":[{"href":"https:\/\/www.hashtag.al\/index.php\/wp-json\/wp\/v2\/posts"}],"about":[{"href":"https:\/\/www.hashtag.al\/index.php\/wp-json\/wp\/v2\/types\/post"}],"author":[{"embeddable":true,"href":"https:\/\/www.hashtag.al\/index.php\/wp-json\/wp\/v2\/users\/51"}],"replies":[{"embeddable":true,"href":"https:\/\/www.hashtag.al\/index.php\/wp-json\/wp\/v2\/comments?post=790784"}],"version-history":[{"count":99999,"href":"https:\/\/www.hashtag.al\/index.php\/wp-json\/wp\/v2\/posts\/790784\/revisions"}],"predecessor-version":[{"id":790787,"href":"https:\/\/www.hashtag.al\/index.php\/wp-json\/wp\/v2\/posts\/790784\/revisions\/790787"}],"wp:featuredmedia":[{"embeddable":true,"href":"https:\/\/www.hashtag.al\/index.php\/wp-json\/wp\/v2\/media\/790785"}],"wp:attachment":[{"href":"https:\/\/www.hashtag.al\/index.php\/wp-json\/wp\/v2\/media?parent=790784"}],"wp:term":[{"taxonomy":"category","embeddable":true,"href":"https:\/\/www.hashtag.al\/index.php\/wp-json\/wp\/v2\/categories?post=790784"},{"taxonomy":"post_tag","embeddable":true,"href":"https:\/\/www.hashtag.al\/index.php\/wp-json\/wp\/v2\/tags?post=790784"}],"curies":[{"name":"wp","href":"https:\/\/api.w.org\/{rel}","templated":true}]}}