{"id":790711,"date":"2026-03-12T15:45:08","date_gmt":"2026-03-12T14:45:08","guid":{"rendered":"https:\/\/www.hashtag.al\/?p=790711"},"modified":"2026-03-12T15:45:16","modified_gmt":"2026-03-12T14:45:16","slug":"shqiperia-ne-okb-ministrja-evis-sala-riafirmon-angazhimin-per-pershpejtimin-e-barazise-gjinore","status":"publish","type":"post","link":"https:\/\/www.hashtag.al\/index.php\/2026\/03\/12\/shqiperia-ne-okb-ministrja-evis-sala-riafirmon-angazhimin-per-pershpejtimin-e-barazise-gjinore\/","title":{"rendered":"Shqip\u00ebria n\u00eb OKB, ministrja Evis Sala riafirmon angazhimin p\u00ebr p\u00ebrshpejtimin e barazis\u00eb gjinore","gt_translate_keys":[{"key":"rendered","format":"text"}]},"content":{"rendered":"<p><span style=\"color: #000000;\"><a style=\"color: #000000;\" href=\"https:\/\/www.hashtag.al\/index.php\/2026\/03\/12\/shqiperia-ne-okb-ministrja-evis-sala-riafirmon-angazhimin-per-pershpejtimin-e-barazise-gjinore\/sala-ne-okb-351x263\/\" rel=\"attachment wp-att-790712\"><img loading=\"lazy\" decoding=\"async\" class=\"alignnone size-full wp-image-790712\" src=\"https:\/\/www.hashtag.al\/wp-content\/uploads\/2026\/03\/sala-ne-okb-351x263-1.jpg\" alt=\"\" width=\"351\" height=\"263\" srcset=\"https:\/\/www.hashtag.al\/wp-content\/uploads\/2026\/03\/sala-ne-okb-351x263-1.jpg 351w, https:\/\/www.hashtag.al\/wp-content\/uploads\/2026\/03\/sala-ne-okb-351x263-1-300x225.jpg 300w\" sizes=\"auto, (max-width: 351px) 100vw, 351px\" \/><\/a><\/span><\/p>\n<p><span style=\"color: #000000;\">Ministrja e Sh\u00ebndet\u00ebsis\u00eb dhe Mir\u00ebqenies Sociale, Evis Sala, riafirmoi n\u00eb United Nations angazhimin e fort\u00eb t\u00eb Albania p\u00ebr p\u00ebrshpejtimin e politikave dhe reformave q\u00eb synojn\u00eb fuqizimin e grave dhe vajzave n\u00eb vend.<\/span><\/p>\n<p><span style=\"color: #000000;\">Gjat\u00eb nj\u00eb takimi me vendet an\u00ebtare mbi Planin e P\u00ebrshpejtimit t\u00eb Barazis\u00eb Gjinore t\u00eb Sekretarit t\u00eb P\u00ebrgjithsh\u00ebm t\u00eb OKB-s\u00eb, ministrja theksoi se barazia gjinore mbetet nj\u00eb prioritet i qart\u00eb i qeveris\u00eb shqiptare dhe nj\u00eb element ky\u00e7 n\u00eb procesin e zhvillimit demokratik, si edhe n\u00eb rrug\u00ebn e vendit drejt an\u00ebtar\u00ebsimit n\u00eb European Union.<\/span><\/p>\n<p><span style=\"color: #000000;\">N\u00eb fjal\u00ebn e saj, Sala vler\u00ebsoi gjithashtu r\u00ebnd\u00ebsin\u00eb e Profilit t\u00eb Barazis\u00eb Gjinore p\u00ebr Shqip\u00ebrin\u00eb, t\u00eb hartuar n\u00eb bashk\u00ebpunim me sistemin e Kombeve t\u00eb Bashkuara dhe partner\u00ebt komb\u00ebtar\u00eb. Ky dokument, sipas saj, ofron nj\u00eb analiz\u00eb t\u00eb detajuar t\u00eb progresit t\u00eb arritur deri m\u00eb tani, por edhe t\u00eb sfidave q\u00eb mbeten p\u00ebrpara.<\/span><\/p>\n<p><span style=\"color: #000000;\">Ministrja n\u00ebnvizoi se Shqip\u00ebria ka b\u00ebr\u00eb hapa t\u00eb r\u00ebnd\u00ebsish\u00ebm n\u00eb rritjen e p\u00ebrfaq\u00ebsimit t\u00eb grave n\u00eb jet\u00ebn publike, n\u00eb aksesin n\u00eb arsim dhe n\u00eb forcimin e mekanizmave p\u00ebr mbrojtjen e grave dhe vajzave nga dhuna.<\/span><\/p>\n<p><span style=\"color: #000000;\">Megjithat\u00eb, ajo theksoi se qeveria mbetet e angazhuar p\u00ebr t\u00eb adresuar nj\u00eb s\u00ebr\u00eb sfidash t\u00eb tjera, si fuqizimi ekonomik i grave, shp\u00ebrndarja m\u00eb e drejt\u00eb e p\u00ebrgjegj\u00ebsive t\u00eb kujdesit t\u00eb papaguar dhe lufta kund\u00ebr t\u00eb gjitha formave t\u00eb dhun\u00ebs, p\u00ebrfshir\u00eb edhe ato q\u00eb shfaqen n\u00eb hap\u00ebsirat digjitale.<\/span><\/p>\n<p><span style=\"color: #000000;\"><em>\u201cBarazia gjinore nuk \u00ebsht\u00eb nj\u00eb privilegj i dh\u00ebn\u00eb nga nj\u00eb gjini tek tjetra. Ajo \u00ebsht\u00eb nj\u00eb e drejt\u00eb themelore e njeriut dhe nj\u00eb investim i men\u00e7ur p\u00ebr zhvillimin e shoq\u00ebris\u00eb. Shoq\u00ebrit\u00eb q\u00eb fuqizojn\u00eb grat\u00eb dhe vajzat nd\u00ebrtojn\u00eb ekonomi m\u00eb t\u00eb forta, institucione m\u00eb gjith\u00ebp\u00ebrfshir\u00ebse dhe demokraci m\u00eb t\u00eb q\u00ebndrueshme,\u201d<\/em> u shpreh ministrja n\u00eb p\u00ebrfundim t\u00eb fjal\u00ebs s\u00eb saj.<\/span><\/p>\n<p><span style=\"color: #000000;\">N\u00eb k\u00ebt\u00eb drejtim, ajo p\u00ebrmendi edhe reformat e fundit ligjore t\u00eb nd\u00ebrmarra nga Shqip\u00ebria, p\u00ebrfshir\u00eb ligjin e ri p\u00ebr barazin\u00eb gjinore, i cili synon t\u00eb forcoj\u00eb p\u00ebrgjegjshm\u00ebrin\u00eb institucionale dhe t\u00eb njoh\u00eb vler\u00ebn ekonomike dhe sociale t\u00eb pun\u00ebs s\u00eb kujdesit t\u00eb papaguar.<\/span><\/p>\n<p><span style=\"color: #000000;\">Po ashtu, Sala p\u00ebrmendi edhe ligjin e ri p\u00ebr parandalimin dhe mbrojtjen nga dhuna dhe dhuna n\u00eb familje, i cili zgjeron mekanizmat e mbrojtjes dhe reagimit institucional p\u00ebr viktimat.<\/span><\/p>\n<p><span style=\"color: #000000;\">N\u00eb p\u00ebrfundim, ministrja theksoi r\u00ebnd\u00ebsin\u00eb e bashk\u00ebpunimit me partner\u00ebt nd\u00ebrkomb\u00ebtar\u00eb dhe vendas, duke vler\u00ebsuar rolin e United Nations, European Union, shoq\u00ebris\u00eb civile dhe institucioneve t\u00eb pavarura n\u00eb avancimin e politikave dhe sh\u00ebrbimeve p\u00ebr barazin\u00eb gjinore n\u00eb Shqip\u00ebri.<\/span><\/p>\n","protected":false,"gt_translate_keys":[{"key":"rendered","format":"html"}]},"excerpt":{"rendered":"<p>Ministrja e Sh\u00ebndet\u00ebsis\u00eb dhe Mir\u00ebqenies Sociale, Evis Sala, riafirmoi n\u00eb United Nations angazhimin e fort\u00eb t\u00eb Albania p\u00ebr p\u00ebrshpejtimin e politikave dhe reformave q\u00eb synojn\u00eb fuqizimin e grave dhe vajzave n\u00eb vend. Gjat\u00eb nj\u00eb takimi me vendet an\u00ebtare mbi Planin e P\u00ebrshpejtimit t\u00eb Barazis\u00eb Gjinore t\u00eb Sekretarit t\u00eb P\u00ebrgjithsh\u00ebm t\u00eb OKB-s\u00eb, ministrja theksoi se barazia [&hellip;]<\/p>\n","protected":false,"gt_translate_keys":[{"key":"rendered","format":"html"}]},"author":32,"featured_media":790712,"comment_status":"closed","ping_status":"open","sticky":false,"template":"","format":"standard","meta":{"footnotes":""},"categories":[65],"tags":[],"class_list":["post-790711","post","type-post","status-publish","format-standard","has-post-thumbnail","hentry","category-lajme"],"gt_translate_keys":[{"key":"link","format":"url"}],"_links":{"self":[{"href":"https:\/\/www.hashtag.al\/index.php\/wp-json\/wp\/v2\/posts\/790711","targetHints":{"allow":["GET"]}}],"collection":[{"href":"https:\/\/www.hashtag.al\/index.php\/wp-json\/wp\/v2\/posts"}],"about":[{"href":"https:\/\/www.hashtag.al\/index.php\/wp-json\/wp\/v2\/types\/post"}],"author":[{"embeddable":true,"href":"https:\/\/www.hashtag.al\/index.php\/wp-json\/wp\/v2\/users\/32"}],"replies":[{"embeddable":true,"href":"https:\/\/www.hashtag.al\/index.php\/wp-json\/wp\/v2\/comments?post=790711"}],"version-history":[{"count":99999,"href":"https:\/\/www.hashtag.al\/index.php\/wp-json\/wp\/v2\/posts\/790711\/revisions"}],"predecessor-version":[{"id":790714,"href":"https:\/\/www.hashtag.al\/index.php\/wp-json\/wp\/v2\/posts\/790711\/revisions\/790714"}],"wp:featuredmedia":[{"embeddable":true,"href":"https:\/\/www.hashtag.al\/index.php\/wp-json\/wp\/v2\/media\/790712"}],"wp:attachment":[{"href":"https:\/\/www.hashtag.al\/index.php\/wp-json\/wp\/v2\/media?parent=790711"}],"wp:term":[{"taxonomy":"category","embeddable":true,"href":"https:\/\/www.hashtag.al\/index.php\/wp-json\/wp\/v2\/categories?post=790711"},{"taxonomy":"post_tag","embeddable":true,"href":"https:\/\/www.hashtag.al\/index.php\/wp-json\/wp\/v2\/tags?post=790711"}],"curies":[{"name":"wp","href":"https:\/\/api.w.org\/{rel}","templated":true}]}}