{"id":790540,"date":"2026-03-11T15:37:02","date_gmt":"2026-03-11T14:37:02","guid":{"rendered":"https:\/\/www.hashtag.al\/?p=790540"},"modified":"2026-03-11T15:37:02","modified_gmt":"2026-03-11T14:37:02","slug":"gjykata-kushtetuese-shpall-vendimin-per-tiktok-mbyllja-cenoi-lirine-e-fjales","status":"publish","type":"post","link":"https:\/\/www.hashtag.al\/index.php\/2026\/03\/11\/gjykata-kushtetuese-shpall-vendimin-per-tiktok-mbyllja-cenoi-lirine-e-fjales\/","title":{"rendered":"Gjykata Kushtetuese shpall vendimin p\u00ebr TikTok: Mbyllja c\u00ebnoi lirin\u00eb e fjal\u00ebs","gt_translate_keys":[{"key":"rendered","format":"text"}]},"content":{"rendered":"<p><span style=\"color: #000000;\"><a href=\"https:\/\/www.hashtag.al\/index.php\/2025\/06\/04\/kushtetuesja-seance-publike-per-mbylljen-e-tiktok-ut-agsh-hap-i-rendesishem-per-lirine-e-shprehjes\/tiktok-17\/\" rel=\"attachment wp-att-744885\"><img loading=\"lazy\" decoding=\"async\" class=\"alignnone size-full wp-image-744885\" src=\"https:\/\/www.hashtag.al\/wp-content\/uploads\/2025\/06\/tiktok.jpg\" alt=\"\" width=\"1230\" height=\"692\" srcset=\"https:\/\/www.hashtag.al\/wp-content\/uploads\/2025\/06\/tiktok.jpg 1230w, https:\/\/www.hashtag.al\/wp-content\/uploads\/2025\/06\/tiktok-300x169.jpg 300w, https:\/\/www.hashtag.al\/wp-content\/uploads\/2025\/06\/tiktok-1024x576.jpg 1024w, https:\/\/www.hashtag.al\/wp-content\/uploads\/2025\/06\/tiktok-768x432.jpg 768w\" sizes=\"auto, (max-width: 1230px) 100vw, 1230px\" \/><\/a><\/span><\/p>\n<p><span style=\"color: #000000;\">Gjykata Kushtetuese pranoi pjes\u00ebrisht k\u00ebrkes\u00ebn e Asociacionit t\u00eb Gazetar\u00ebve dhe konstatoi se vendimi i qeveris\u00eb p\u00ebr mbylljen e TikTok ka cenuar lirin\u00eb e shprehjes.<\/span><\/p>\n<p><span style=\"color: #000000;\">\u201c<em>Gjykata arriti n\u00eb p\u00ebrfundimin se nd\u00ebrprerja e aksesit n\u00eb platform\u00ebn TikTok p\u00ebrb\u00ebn kufizim t\u00eb liris\u00eb s\u00eb shprehjes dhe t\u00eb shtypit\u201d,<\/em> thuhet n\u00eb vendim.<\/span><\/p>\n<p><span style=\"color: #000000;\">Sipas Kushtetut\u00ebs, vendimi p\u00ebr mbylljen e rrjetit social nuk mund t\u00eb b\u00ebhej p\u00ebrmes nj\u00eb vendimi t\u00eb K\u00ebshillit t\u00eb Ministrave.<\/span><\/p>\n<p><span style=\"color: #000000;\">K\u00ebrkuesit pretendonin se me mbylljen e TikTok \u00ebsht\u00eb cenuar edhe liria e veprimtaris\u00eb ekonomike.<\/span><\/p>\n<p><span style=\"color: #000000;\">\u00a0Lidhur me k\u00ebt\u00eb k\u00ebrkim, Gjykata vler\u00ebsoi se k\u00ebrkuesit nuk arrit\u00ebn t\u00eb argumentojn\u00eb n\u00eb nivel kushtetues nj\u00eb lidhje t\u00eb drejtp\u00ebrdrejt\u00eb dhe konkrete nd\u00ebrmjet aktit t\u00eb qeveris\u00eb q\u00eb kund\u00ebrshtonin dhe cenimit t\u00eb liris\u00eb ekonomike.<\/span><\/p>\n<p><img decoding=\"async\" src=\"https:\/\/www.balkanweb.com\/wp-content\/uploads\/2026\/03\/foto-2-1.jpg\" alt=\"foto galeri \" \/><\/p>\n<p><img decoding=\"async\" src=\"https:\/\/www.balkanweb.com\/wp-content\/uploads\/2026\/03\/foto-5.jpg\" alt=\"foto galeri \" \/><\/p>\n<p><img decoding=\"async\" src=\"https:\/\/www.balkanweb.com\/wp-content\/uploads\/2026\/03\/foot-4.jpg\" alt=\"foto galeri \" \/><\/p>\n<p><img decoding=\"async\" src=\"https:\/\/www.balkanweb.com\/wp-content\/uploads\/2026\/03\/foto-3-1.jpg\" alt=\"foto galeri \" \/><\/p>\n","protected":false,"gt_translate_keys":[{"key":"rendered","format":"html"}]},"excerpt":{"rendered":"<p>Gjykata Kushtetuese pranoi pjes\u00ebrisht k\u00ebrkes\u00ebn e Asociacionit t\u00eb Gazetar\u00ebve dhe konstatoi se vendimi i qeveris\u00eb p\u00ebr mbylljen e TikTok ka cenuar lirin\u00eb e shprehjes. \u201cGjykata arriti n\u00eb p\u00ebrfundimin se nd\u00ebrprerja e aksesit n\u00eb platform\u00ebn TikTok p\u00ebrb\u00ebn kufizim t\u00eb liris\u00eb s\u00eb shprehjes dhe t\u00eb shtypit\u201d, thuhet n\u00eb vendim. Sipas Kushtetut\u00ebs, vendimi p\u00ebr mbylljen e rrjetit social [&hellip;]<\/p>\n","protected":false,"gt_translate_keys":[{"key":"rendered","format":"html"}]},"author":32,"featured_media":744885,"comment_status":"closed","ping_status":"open","sticky":false,"template":"","format":"standard","meta":{"footnotes":""},"categories":[65],"tags":[],"class_list":["post-790540","post","type-post","status-publish","format-standard","has-post-thumbnail","hentry","category-lajme"],"gt_translate_keys":[{"key":"link","format":"url"}],"_links":{"self":[{"href":"https:\/\/www.hashtag.al\/index.php\/wp-json\/wp\/v2\/posts\/790540","targetHints":{"allow":["GET"]}}],"collection":[{"href":"https:\/\/www.hashtag.al\/index.php\/wp-json\/wp\/v2\/posts"}],"about":[{"href":"https:\/\/www.hashtag.al\/index.php\/wp-json\/wp\/v2\/types\/post"}],"author":[{"embeddable":true,"href":"https:\/\/www.hashtag.al\/index.php\/wp-json\/wp\/v2\/users\/32"}],"replies":[{"embeddable":true,"href":"https:\/\/www.hashtag.al\/index.php\/wp-json\/wp\/v2\/comments?post=790540"}],"version-history":[{"count":99999,"href":"https:\/\/www.hashtag.al\/index.php\/wp-json\/wp\/v2\/posts\/790540\/revisions"}],"predecessor-version":[{"id":790542,"href":"https:\/\/www.hashtag.al\/index.php\/wp-json\/wp\/v2\/posts\/790540\/revisions\/790542"}],"wp:featuredmedia":[{"embeddable":true,"href":"https:\/\/www.hashtag.al\/index.php\/wp-json\/wp\/v2\/media\/744885"}],"wp:attachment":[{"href":"https:\/\/www.hashtag.al\/index.php\/wp-json\/wp\/v2\/media?parent=790540"}],"wp:term":[{"taxonomy":"category","embeddable":true,"href":"https:\/\/www.hashtag.al\/index.php\/wp-json\/wp\/v2\/categories?post=790540"},{"taxonomy":"post_tag","embeddable":true,"href":"https:\/\/www.hashtag.al\/index.php\/wp-json\/wp\/v2\/tags?post=790540"}],"curies":[{"name":"wp","href":"https:\/\/api.w.org\/{rel}","templated":true}]}}