{"id":790455,"date":"2026-03-11T07:21:58","date_gmt":"2026-03-11T06:21:58","guid":{"rendered":"https:\/\/www.hashtag.al\/?p=790455"},"modified":"2026-03-11T07:21:58","modified_gmt":"2026-03-11T06:21:58","slug":"be-kerkon-uljen-e-cmimeve-te-energjise-dhe-rishikimin-e-tregut-te-karbonit","status":"publish","type":"post","link":"https:\/\/www.hashtag.al\/index.php\/2026\/03\/11\/be-kerkon-uljen-e-cmimeve-te-energjise-dhe-rishikimin-e-tregut-te-karbonit\/","title":{"rendered":"BE k\u00ebrkon uljen e \u00e7mimeve t\u00eb energjis\u00eb dhe rishikimin e tregut t\u00eb karbonit","gt_translate_keys":[{"key":"rendered","format":"text"}]},"content":{"rendered":"<p><span style=\"color: #000000;\"><a href=\"https:\/\/www.hashtag.al\/index.php\/2024\/06\/25\/negociatoret-bien-dakord-per-postet-kryesore-te-be-se\/kallas-costa-von-der-leyen\/\" rel=\"attachment wp-att-683898\"><img loading=\"lazy\" decoding=\"async\" class=\"size-full wp-image-683898 aligncenter\" src=\"https:\/\/www.hashtag.al\/wp-content\/uploads\/2024\/06\/kallas-costa-von-der-leyen.png\" alt=\"\" width=\"1200\" height=\"675\" srcset=\"https:\/\/www.hashtag.al\/wp-content\/uploads\/2024\/06\/kallas-costa-von-der-leyen.png 1200w, https:\/\/www.hashtag.al\/wp-content\/uploads\/2024\/06\/kallas-costa-von-der-leyen-300x169.png 300w, https:\/\/www.hashtag.al\/wp-content\/uploads\/2024\/06\/kallas-costa-von-der-leyen-1024x576.png 1024w, https:\/\/www.hashtag.al\/wp-content\/uploads\/2024\/06\/kallas-costa-von-der-leyen-768x432.png 768w\" sizes=\"auto, (max-width: 1200px) 100vw, 1200px\" \/><\/a><br \/>\nUdh\u00ebheq\u00ebsit e Bashkimit Evropian i kan\u00eb k\u00ebrkuar Komisionit Evropian t\u00eb rishikoj\u00eb \u00e7mimet e energjis\u00eb elektrike dhe sistemin e tregtimit t\u00eb emetimeve t\u00eb karbonit (ETS), me q\u00ebllim frenimin e luhatjeve t\u00eb \u00e7mimeve, duke ruajtur nj\u00ebkoh\u00ebsisht stimujt p\u00ebr klim\u00ebn.<\/span><\/p>\n<p><span style=\"color: #000000;\">Sipas nj\u00eb dokumenti t\u00eb brendsh\u00ebm t\u00eb par\u00eb nga <span style=\"color: #0000ff;\"><a style=\"color: #0000ff;\" href=\"https:\/\/www.euronews.com\/my-europe\/2026\/03\/10\/eu-members-urge-commission-present-concrete-options-to-lower-electricity-bills\">Euronews<\/a><\/span>, lider\u00ebt e BE-s\u00eb po i b\u00ebjn\u00eb thirrje Komisionit Evropian t\u00eb rishikoj\u00eb \u00e7mimet e energjis\u00eb elektrike p\u00ebr familjet dhe p\u00ebr sektorin industrial dhe t\u00eb paraqes\u00eb urgjentisht propozime konkrete p\u00ebr uljen e kostove t\u00eb energjis\u00eb n\u00eb afat t\u00eb shkurt\u00ebr.<\/span><\/p>\n<p><span style=\"color: #000000;\">Kjo nism\u00eb vjen n\u00eb nj\u00eb koh\u00eb kur presioni politik n\u00eb t\u00eb gjith\u00eb bllokun \u00ebsht\u00eb rritur p\u00ebr shkak t\u00eb \u00e7mimeve t\u00eb larta t\u00eb energjis\u00eb elektrike. \u00c7mimet e gazit jan\u00eb rritur ndjesh\u00ebm pas ndalimit t\u00eb prodhimit nga Katari, n\u00eb nj\u00eb klim\u00eb tensionesh t\u00eb shtuara p\u00ebr shkak t\u00eb luft\u00ebs me Iranin, q\u00eb ka v\u00ebn\u00eb n\u00eb rrezik si prodhimin, ashtu edhe transportin e energjis\u00eb n\u00eb Lindjen e Mesme.<\/span><\/p>\n<p><span style=\"color: #000000;\">Edhe para se Shtetet e Bashkuara dhe Izraeli t\u00eb kryenin sulmet ndaj Iranit, qeverit\u00eb e BE-s\u00eb kishin shprehur shqet\u00ebsim se \u00e7mimet e larta t\u00eb energjis\u00eb dhe t\u00eb karbonit mund t\u00eb d\u00ebmtonin konkurrueshm\u00ebrin\u00eb industriale. P\u00ebr k\u00ebt\u00eb arsye, ato kan\u00eb k\u00ebrkuar nga ekzekutivi i BE-s\u00eb t\u00eb nd\u00ebrmarr\u00eb \u201cveprime urgjente dhe t\u00eb guximshme\u201d.<\/span><\/p>\n<p><span style=\"color: #000000;\">Dokumenti, i dat\u00ebs 9 mars, parashikon gjithashtu q\u00eb Komisioni Evropian t\u00eb paraqes\u00eb deri n\u00eb korrik 2026 nj\u00eb rishikim t\u00eb tregut t\u00eb karbonit t\u00eb BE-s\u00eb, Sistemit t\u00eb Tregtimit t\u00eb Emetimeve (ETS). \u00c7\u00ebshtja do t\u00eb diskutohet nga lider\u00ebt evropian\u00eb n\u00eb takimin e planifikuar p\u00ebr m\u00eb 19 dhe 20 mars.<\/span><\/p>\n<p><span style=\"color: #000000;\">ETS \u00ebsht\u00eb mekanizmi i BE-s\u00eb q\u00eb detyron kompanit\u00eb t\u00eb paguajn\u00eb p\u00ebr ndotjen q\u00eb shkaktojn\u00eb, me q\u00ebllimin e dyfisht\u00eb t\u00eb reduktimit t\u00eb emetimeve dhe nxitjes s\u00eb industris\u00eb p\u00ebr t\u00eb investuar n\u00eb alternativa m\u00eb t\u00eb q\u00ebndrueshme.<\/span><\/p>\n<p><span style=\"color: #000000;\"><strong>Presion p\u00ebr ndryshime n\u00eb tregun e karbonit<\/strong><\/span><\/p>\n<p><span style=\"color: #000000;\">Megjith\u00ebse disa vende t\u00eb BE-s\u00eb kan\u00eb k\u00ebrkuar q\u00eb sistemi aktual t\u00eb mos ndryshohet, pas presionit t\u00eb fort\u00eb nga industria dhe disa qeveri, K\u00ebshilli i BE-s\u00eb d\u00ebshiron q\u00eb Komisioni t\u00eb shqyrtoj\u00eb m\u00ebnyra p\u00ebr t\u00eb ulur paq\u00ebndrueshm\u00ebrin\u00eb e \u00e7mimeve t\u00eb karbonit dhe ndikimin e tyre n\u00eb faturat e energjis\u00eb elektrike.<\/span><\/p>\n<p><span style=\"color: #000000;\">Institucioni q\u00eb p\u00ebrfaq\u00ebson krer\u00ebt e shteteve dhe qeverive thekson, megjithat\u00eb, se roli qendror i ETS-s\u00eb n\u00eb nxitjen e investimeve dhe inovacionit p\u00ebr tranzicionin energjetik duhet t\u00eb ruhet.<\/span><\/p>\n<p><span style=\"color: #000000;\">Ende nuk \u00ebsht\u00eb e qart\u00eb se \u00e7far\u00eb masash konkrete mund t\u00eb merren, por \u00e7do reform\u00eb e ETS-s\u00eb duhet t\u00eb shmang\u00eb dob\u00ebsimin e kufirit t\u00eb emetimeve n\u00eb r\u00ebnie, n\u00eb m\u00ebnyr\u00eb q\u00eb sistemi t\u00eb ruaj\u00eb r\u00ebnd\u00ebsin\u00eb e tij p\u00ebr politikat klimatike.<\/span><\/p>\n<p><span style=\"color: #000000;\">Analisti i energjis\u00eb n\u00eb kompanin\u00eb e inteligjenc\u00ebs s\u00eb tregtis\u00eb Kpler, Alessandro Armenia, tha p\u00ebr Euronews se \u00e7mimi i karbonit lidhet me dor\u00ebzimin e kuotave n\u00eb fund t\u00eb vitit.<\/span><\/p>\n<p><span style=\"color: #000000;\">\u201c\u00c7mimi i karbonit lidhet me dor\u00ebzimin e krediteve n\u00eb fund t\u00eb vitit. N\u00ebse ndodh di\u00e7ka sot, edhe n\u00ebse tregu mendon se \u00ebsht\u00eb afatshkurt\u00ebr, efekti do t\u00eb reflektohet n\u00eb \u00e7mimin e fundvitit,\u201d u shpreh ai.<\/span><\/p>\n<p><span style=\"color: #000000;\">Sipas tij, m\u00ebnyra m\u00eb e mir\u00eb p\u00ebr t\u00eb shmangur ndikimin e politik\u00ebs dhe rregullimit n\u00eb treg \u00ebsht\u00eb ndryshimi i sistemit nga modeli aktual \u201ccap and trade\u201d drejt nj\u00eb mekanizmi q\u00eb shp\u00ebrblen kompanit\u00eb q\u00eb reduktojn\u00eb emetimet.<\/span><\/p>\n<p><span style=\"color: #000000;\">\u201cAktualisht BE-ja vepron si nj\u00eb polic q\u00eb vendos gjoba p\u00ebr ata q\u00eb nuk reduktojn\u00eb emetimet. Do t\u00eb ishte m\u00eb e men\u00e7ur t\u00eb paguheshin ata q\u00eb jan\u00eb t\u00eb gatsh\u00ebm t\u00eb dekarbonizohen,\u201d shtoi Armenia.<\/span><\/p>\n<p><span style=\"color: #000000;\"><strong>Zgjerimi i infrastruktur\u00ebs energjetike<\/strong><\/span><\/p>\n<p><span style=\"color: #000000;\">K\u00ebshilli i BE-s\u00eb po shtyn gjithashtu p\u00ebr zhvillimin m\u00eb t\u00eb shpejt\u00eb t\u00eb infrastruktur\u00ebs energjetike, ve\u00e7an\u00ebrisht t\u00eb rrjeteve elektrike, t\u00eb cilat konsiderohen thelb\u00ebsore p\u00ebr t\u00eb p\u00ebrballuar rritjen e prodhimit t\u00eb energjis\u00eb nga burimet e rinovueshme n\u00eb vendet e BE-s\u00eb.<\/span><\/p>\n<p><span style=\"color: #000000;\">Ligjv\u00ebn\u00ebsve evropian\u00eb u k\u00ebrkohet q\u00eb deri n\u00eb vitin 2026 t\u00eb arrijn\u00eb nj\u00eb marr\u00ebveshje p\u00ebr zgjerimin e rrjeteve elektrike dhe forcimin e nd\u00ebrlidhjeve nd\u00ebrkufitare, duke p\u00ebrshpejtuar edhe procedurat e lejeve.<\/span><\/p>\n<p><span style=\"color: #000000;\">Rritja e fundit e \u00e7mimeve t\u00eb karburanteve fosile t\u00eb importuara ka forcuar argumentin e disa politik\u00ebb\u00ebr\u00ebsve evropian\u00eb se p\u00ebrshpejtimi i tranzicionit energjetik \u00ebsht\u00eb rruga m\u00eb efektive drejt siguris\u00eb energjetike dhe q\u00ebndrueshm\u00ebris\u00eb ekonomike n\u00eb afat t\u00eb gjat\u00eb.<\/span><\/p>\n<p><span style=\"color: #000000;\">Ideja \u00ebsht\u00eb q\u00eb p\u00ebrmes zgjerimit t\u00eb burimeve t\u00eb rinovueshme dhe atyre me karbon t\u00eb ul\u00ebt, BE-ja t\u00eb ul\u00eb var\u00ebsin\u00eb nga tregjet globale t\u00eb paq\u00ebndrueshme t\u00eb karburanteve, duke siguruar energji m\u00eb t\u00eb lir\u00eb t\u00eb prodhuar brenda bllokut.<\/span><\/p>\n<p><span style=\"color: #000000;\">Megjithat\u00eb, lider\u00ebt e BE-s\u00eb pranojn\u00eb se tranzicioni duhet t\u00eb menaxhohet me kujdes n\u00eb afat t\u00eb shkurt\u00ebr p\u00ebr t\u00eb shmangur rrezikun q\u00eb industrit\u00eb me konsum t\u00eb lart\u00eb energjie t\u00eb zhvendosen n\u00eb rajone me kosto m\u00eb t\u00eb ul\u00ebta t\u00eb energjis\u00eb dhe t\u00eb karbonit.<\/span><\/p>\n<p><span style=\"color: #000000;\">Komisioneri evropian p\u00ebr Energjin\u00eb, Dan J\u00f8rgensen, deklaroi se var\u00ebsia nga karburantet fosile t\u00eb importuara e ekspozon Evrop\u00ebn ndaj luhatjeve globale.<\/span><\/p>\n<p><span style=\"color: #000000;\">\u201cP\u00ebr sa koh\u00eb q\u00eb Evropa varet nga karburantet fosile t\u00eb importuara, do t\u00eb mbetemi t\u00eb ekspozuar ndaj paq\u00ebndrueshm\u00ebris\u00eb globale. Prandaj forcimi i pavar\u00ebsis\u00eb energjetike \u00ebsht\u00eb thelb\u00ebsor p\u00ebr t\u00eb nd\u00ebrtuar nj\u00eb sistem energjetik m\u00eb t\u00eb past\u00ebr, m\u00eb t\u00eb sigurt dhe m\u00eb t\u00eb p\u00ebrballuesh\u00ebm,\u201d tha ai.<\/span><\/p>\n<p><span style=\"color: #000000;\">Nd\u00ebrkoh\u00eb, qeverit\u00eb e BE-s\u00eb dhe Komisioni Evropian po shqyrtojn\u00eb edhe rishikimin e taksave, tarifave t\u00eb rrjeteve elektrike dhe kostove t\u00eb karbonit t\u00eb lidhura me \u00e7mimet e energjis\u00eb, si nj\u00eb zgjidhje t\u00eb shpejt\u00eb p\u00ebr industrit\u00eb q\u00eb po p\u00ebrballen me kosto t\u00eb larta energjie.<\/span><\/p>\n","protected":false,"gt_translate_keys":[{"key":"rendered","format":"html"}]},"excerpt":{"rendered":"<p>Udh\u00ebheq\u00ebsit e Bashkimit Evropian i kan\u00eb k\u00ebrkuar Komisionit Evropian t\u00eb rishikoj\u00eb \u00e7mimet e energjis\u00eb elektrike dhe sistemin e tregtimit t\u00eb emetimeve t\u00eb karbonit (ETS), me q\u00ebllim frenimin e luhatjeve t\u00eb \u00e7mimeve, duke ruajtur nj\u00ebkoh\u00ebsisht stimujt p\u00ebr klim\u00ebn. Sipas nj\u00eb dokumenti t\u00eb brendsh\u00ebm t\u00eb par\u00eb nga Euronews, lider\u00ebt e BE-s\u00eb po i b\u00ebjn\u00eb thirrje Komisionit Evropian [&hellip;]<\/p>\n","protected":false,"gt_translate_keys":[{"key":"rendered","format":"html"}]},"author":32,"featured_media":683898,"comment_status":"closed","ping_status":"open","sticky":false,"template":"","format":"standard","meta":{"footnotes":""},"categories":[53],"tags":[],"class_list":["post-790455","post","type-post","status-publish","format-standard","has-post-thumbnail","hentry","category-fast-foodi"],"gt_translate_keys":[{"key":"link","format":"url"}],"_links":{"self":[{"href":"https:\/\/www.hashtag.al\/index.php\/wp-json\/wp\/v2\/posts\/790455","targetHints":{"allow":["GET"]}}],"collection":[{"href":"https:\/\/www.hashtag.al\/index.php\/wp-json\/wp\/v2\/posts"}],"about":[{"href":"https:\/\/www.hashtag.al\/index.php\/wp-json\/wp\/v2\/types\/post"}],"author":[{"embeddable":true,"href":"https:\/\/www.hashtag.al\/index.php\/wp-json\/wp\/v2\/users\/32"}],"replies":[{"embeddable":true,"href":"https:\/\/www.hashtag.al\/index.php\/wp-json\/wp\/v2\/comments?post=790455"}],"version-history":[{"count":99999,"href":"https:\/\/www.hashtag.al\/index.php\/wp-json\/wp\/v2\/posts\/790455\/revisions"}],"predecessor-version":[{"id":790456,"href":"https:\/\/www.hashtag.al\/index.php\/wp-json\/wp\/v2\/posts\/790455\/revisions\/790456"}],"wp:featuredmedia":[{"embeddable":true,"href":"https:\/\/www.hashtag.al\/index.php\/wp-json\/wp\/v2\/media\/683898"}],"wp:attachment":[{"href":"https:\/\/www.hashtag.al\/index.php\/wp-json\/wp\/v2\/media?parent=790455"}],"wp:term":[{"taxonomy":"category","embeddable":true,"href":"https:\/\/www.hashtag.al\/index.php\/wp-json\/wp\/v2\/categories?post=790455"},{"taxonomy":"post_tag","embeddable":true,"href":"https:\/\/www.hashtag.al\/index.php\/wp-json\/wp\/v2\/tags?post=790455"}],"curies":[{"name":"wp","href":"https:\/\/api.w.org\/{rel}","templated":true}]}}