{"id":790443,"date":"2026-03-10T23:21:06","date_gmt":"2026-03-10T22:21:06","guid":{"rendered":"https:\/\/www.hashtag.al\/?p=790443"},"modified":"2026-03-10T23:21:06","modified_gmt":"2026-03-10T22:21:06","slug":"burri-i-ve-flaken-vetes-brenda-autobusit-6-viktima-ne-zvicer-video","status":"publish","type":"post","link":"https:\/\/www.hashtag.al\/index.php\/2026\/03\/10\/burri-i-ve-flaken-vetes-brenda-autobusit-6-viktima-ne-zvicer-video\/","title":{"rendered":"Burri i v\u00eb flak\u00ebn vetes brenda autobusit, 6 viktima n\u00eb Zvic\u00ebr (Video)","gt_translate_keys":[{"key":"rendered","format":"text"}]},"content":{"rendered":"<p><img loading=\"lazy\" decoding=\"async\" class=\"aligncenter size-full wp-image-790445\" src=\"https:\/\/www.hashtag.al\/wp-content\/uploads\/2026\/03\/kerzers-e1773181258809.jpg\" alt=\"\" width=\"598\" height=\"315\" srcset=\"https:\/\/www.hashtag.al\/wp-content\/uploads\/2026\/03\/kerzers-e1773181258809.jpg 598w, https:\/\/www.hashtag.al\/wp-content\/uploads\/2026\/03\/kerzers-e1773181258809-300x158.jpg 300w\" sizes=\"auto, (max-width: 598px) 100vw, 598px\" \/><\/p>\n<p><span style=\"color: #000000;\">T\u00eb pakt\u00ebn gjasht\u00eb persona kan\u00eb mbetur t\u00eb vrar\u00eb dhe pes\u00eb t\u00eb tjer\u00eb jan\u00eb plagosur pasi nj\u00eb autobus u p\u00ebrfshi nga flak\u00ebt n\u00eb nj\u00eb qytet n\u00eb Zvic\u00ebr. Dyshohet se flaka n\u00eb autobus u shkaktua nga nj\u00eb burr\u00eb q\u00eb i vuri zjarrin vetes p\u00ebr arsye ende t\u00eb panjohura, shkruan <a href=\"https:\/\/www.hindustantimes.com\/world-news\/switzerland-bus-fire-at-least-six-dead-in-kerzers-scary-videos-emerge-101773178640830.html\">Hindustan Times<\/a>.<\/span><\/p>\n<p><span style=\"color: #000000;\">Zjarri ndodhi n\u00eb Kerzers, n\u00eb kantonin e Friburgut n\u00eb Zvicr\u00ebn per\u00ebndimore, njoftoi policia p\u00ebrmes nj\u00eb postimi n\u00eb rrjetet sociale.<\/span><\/p>\n<p><span style=\"color: #000000;\">Policia tha se incidenti ndodhi t\u00eb mart\u00ebn n\u00eb mbr\u00ebmje n\u00eb rrug\u00ebn kryesore t\u00eb qytetit t\u00eb vog\u00ebl, 20 km n\u00eb per\u00ebndim t\u00eb kryeqytetit zviceran, Bern\u00ebs, shkruan <span style=\"color: #0000ff;\"><a style=\"color: #0000ff;\" href=\"https:\/\/www.theguardian.com\/world\/2026\/mar\/10\/multiple-deaths-injuries-bus-fire-switzerland\">The Guardian<\/a><\/span>.<\/span><\/p>\n<p><span style=\"color: #000000;\">Publikut iu k\u00ebrkua t\u00eb q\u00ebndroj\u00eb larg zon\u00ebs dhe t\u00eb ndjek\u00eb udh\u00ebzimet e ekipeve t\u00eb emergjenc\u00ebs.<\/span><\/p>\n<p><span style=\"color: #000000;\">Agjencia zvicerane e lajmeve, Keystone-SDA, raportoi se nj\u00eb person u transportua me helikopter.<\/span><\/p>\n<div style=\"width: 1170px;\" class=\"wp-video\"><video class=\"wp-video-shortcode\" id=\"video-790443-1\" width=\"1170\" height=\"644\" preload=\"metadata\" controls=\"controls\"><source type=\"video\/mp4\" src=\"https:\/\/www.hashtag.al\/wp-content\/uploads\/2026\/03\/ssstwitter.com_1773181196559.mp4?_=1\" \/><a href=\"https:\/\/www.hashtag.al\/wp-content\/uploads\/2026\/03\/ssstwitter.com_1773181196559.mp4\">https:\/\/www.hashtag.al\/wp-content\/uploads\/2026\/03\/ssstwitter.com_1773181196559.mp4<\/a><\/video><\/div>\n","protected":false,"gt_translate_keys":[{"key":"rendered","format":"html"}]},"excerpt":{"rendered":"<p>T\u00eb pakt\u00ebn gjasht\u00eb persona kan\u00eb mbetur t\u00eb vrar\u00eb dhe pes\u00eb t\u00eb tjer\u00eb jan\u00eb plagosur pasi nj\u00eb autobus u p\u00ebrfshi nga flak\u00ebt n\u00eb nj\u00eb qytet n\u00eb Zvic\u00ebr. Dyshohet se flaka n\u00eb autobus u shkaktua nga nj\u00eb burr\u00eb q\u00eb i vuri zjarrin vetes p\u00ebr arsye ende t\u00eb panjohura, shkruan Hindustan Times. Zjarri ndodhi n\u00eb Kerzers, n\u00eb kantonin [&hellip;]<\/p>\n","protected":false,"gt_translate_keys":[{"key":"rendered","format":"html"}]},"author":51,"featured_media":790445,"comment_status":"closed","ping_status":"open","sticky":false,"template":"","format":"standard","meta":{"footnotes":""},"categories":[6],"tags":[],"class_list":["post-790443","post","type-post","status-publish","format-standard","has-post-thumbnail","hentry","category-nderkombetare"],"gt_translate_keys":[{"key":"link","format":"url"}],"_links":{"self":[{"href":"https:\/\/www.hashtag.al\/index.php\/wp-json\/wp\/v2\/posts\/790443","targetHints":{"allow":["GET"]}}],"collection":[{"href":"https:\/\/www.hashtag.al\/index.php\/wp-json\/wp\/v2\/posts"}],"about":[{"href":"https:\/\/www.hashtag.al\/index.php\/wp-json\/wp\/v2\/types\/post"}],"author":[{"embeddable":true,"href":"https:\/\/www.hashtag.al\/index.php\/wp-json\/wp\/v2\/users\/51"}],"replies":[{"embeddable":true,"href":"https:\/\/www.hashtag.al\/index.php\/wp-json\/wp\/v2\/comments?post=790443"}],"version-history":[{"count":99999,"href":"https:\/\/www.hashtag.al\/index.php\/wp-json\/wp\/v2\/posts\/790443\/revisions"}],"predecessor-version":[{"id":790446,"href":"https:\/\/www.hashtag.al\/index.php\/wp-json\/wp\/v2\/posts\/790443\/revisions\/790446"}],"wp:featuredmedia":[{"embeddable":true,"href":"https:\/\/www.hashtag.al\/index.php\/wp-json\/wp\/v2\/media\/790445"}],"wp:attachment":[{"href":"https:\/\/www.hashtag.al\/index.php\/wp-json\/wp\/v2\/media?parent=790443"}],"wp:term":[{"taxonomy":"category","embeddable":true,"href":"https:\/\/www.hashtag.al\/index.php\/wp-json\/wp\/v2\/categories?post=790443"},{"taxonomy":"post_tag","embeddable":true,"href":"https:\/\/www.hashtag.al\/index.php\/wp-json\/wp\/v2\/tags?post=790443"}],"curies":[{"name":"wp","href":"https:\/\/api.w.org\/{rel}","templated":true}]}}