{"id":790284,"date":"2026-03-10T10:40:20","date_gmt":"2026-03-10T09:40:20","guid":{"rendered":"https:\/\/www.hashtag.al\/?p=790284"},"modified":"2026-03-10T10:40:25","modified_gmt":"2026-03-10T09:40:25","slug":"goditet-grupi-kriminal-qe-trafikonte-arme-nga-mali-i-zi-pranga-dy-te-rinjve-ne-tirane","status":"publish","type":"post","link":"https:\/\/www.hashtag.al\/index.php\/2026\/03\/10\/goditet-grupi-kriminal-qe-trafikonte-arme-nga-mali-i-zi-pranga-dy-te-rinjve-ne-tirane\/","title":{"rendered":"Goditet grupi kriminal q\u00eb trafikonte arm\u00eb nga Mali i Zi, pranga dy t\u00eb rinjve n\u00eb Tiran\u00eb","gt_translate_keys":[{"key":"rendered","format":"text"}]},"content":{"rendered":"<p data-start=\"92\" data-end=\"287\"><span style=\"color: #000000;\"><a href=\"https:\/\/www.hashtag.al\/index.php\/2026\/03\/10\/goditet-grupi-kriminal-qe-trafikonte-arme-nga-mali-i-zi-pranga-dy-te-rinjve-ne-tirane\/img_7933\/\" rel=\"attachment wp-att-790285\"><img loading=\"lazy\" decoding=\"async\" class=\"size-full wp-image-790285 aligncenter\" src=\"https:\/\/www.hashtag.al\/wp-content\/uploads\/2026\/03\/IMG_7933.png\" alt=\"\" width=\"370\" height=\"205\" srcset=\"https:\/\/www.hashtag.al\/wp-content\/uploads\/2026\/03\/IMG_7933.png 370w, https:\/\/www.hashtag.al\/wp-content\/uploads\/2026\/03\/IMG_7933-300x166.png 300w\" sizes=\"auto, (max-width: 370px) 100vw, 370px\" \/><\/a><br \/>\nPolicia e Tiran\u00ebs ka goditur nj\u00eb grup kriminal t\u00eb p\u00ebrfshir\u00eb n\u00eb trafikimin dhe shitjen e arm\u00ebve t\u00eb zjarrit, t\u00eb cilat dyshohet se silleshin kryesisht nga Mali i Zi dhe shiteshin n\u00eb zon\u00ebn e Freskut.<\/span><\/p>\n<p data-start=\"289\" data-end=\"463\"><span style=\"color: #000000;\">N\u00eb kuad\u00ebr t\u00eb operacionit t\u00eb koduar \u201cRotondo\u201d, u arrestuan n\u00eb flagranc\u00eb shtetasit Donati Jaku, 31 vje\u00e7, banues n\u00eb Shkod\u00ebr, dhe Florian Gjeta, 22 vje\u00e7, banues n\u00eb fshatin Domje.<\/span><\/p>\n<p data-start=\"465\" data-end=\"737\"><span style=\"color: #000000;\">Sipas policis\u00eb, operacioni u finalizua pas nj\u00eb hetimi dy mujor t\u00eb kryer me metoda proaktive nga sh\u00ebrbimet e Komisariatit t\u00eb Policis\u00eb Nr. 4, n\u00eb koordinim me Prokurorin\u00eb e Tiran\u00ebs, me objektiv goditjen e veprimtarive kriminale t\u00eb trafikimit dhe shitjes s\u00eb arm\u00ebve t\u00eb zjarrit.<\/span><\/p>\n<p data-start=\"739\" data-end=\"976\"><span style=\"color: #000000;\">Gjat\u00eb operacionit, automjeti tip \u201cVolkswagen\u201d q\u00eb drejtonte 22-vje\u00e7ari, ku pasagjer ishte edhe Jaku, u ndalua p\u00ebr kontroll n\u00eb vendin e quajtur \u201cRrethi i Freskut\u201d, n\u00eb bashk\u00ebpunim me sh\u00ebrbimet e Forc\u00ebs s\u00eb Posa\u00e7me Operacionale t\u00eb DVP Tiran\u00eb.<\/span><\/p>\n<p data-start=\"978\" data-end=\"1223\"><span style=\"color: #000000;\">Nga kontrolli n\u00eb automjet u gjet\u00ebn dhe u sekuestruan 6 arm\u00eb zjarri, pistoleta t\u00eb mark\u00ebs Sig Sauer, t\u00eb cilat dyshohet se ishin trafikuar nga Mali i Zi me q\u00ebllim shitjen n\u00eb k\u00ebt\u00eb zon\u00eb. Po ashtu, u sekuestruan edhe automjeti dhe 4 telefona celular\u00eb.<\/span><\/p>\n<p data-start=\"1225\" data-end=\"1366\"><span style=\"color: #000000;\">N\u00eb vijim t\u00eb hetimeve \u00ebsht\u00eb identifikuar dhe shpallur n\u00eb k\u00ebrkim edhe nj\u00eb bashk\u00ebpun\u00ebtor i dyshuar i t\u00eb arrestuarve, shtetasi me inicialet E. S.<\/span><\/p>\n<p data-start=\"1368\" data-end=\"1580\"><span style=\"color: #000000;\">Policia b\u00ebn me dije se vijon puna p\u00ebr kapjen e tij, nd\u00ebrsa n\u00eb drejtimin e Prokuroris\u00eb s\u00eb Tiran\u00ebs po vazhdojn\u00eb hetimet p\u00ebr identifikimin e personave t\u00eb tjer\u00eb q\u00eb mund t\u00eb jen\u00eb p\u00ebrfshir\u00eb n\u00eb k\u00ebt\u00eb veprimtari kriminale.<\/span><\/p>\n<p data-start=\"1582\" data-end=\"1669\" data-is-last-node=\"\" data-is-only-node=\"\"><span style=\"color: #000000;\">Materialet procedurale i jan\u00eb referuar Prokuroris\u00eb s\u00eb Tiran\u00ebs p\u00ebr veprime t\u00eb m\u00ebtejshme.<\/span><\/p>\n","protected":false,"gt_translate_keys":[{"key":"rendered","format":"html"}]},"excerpt":{"rendered":"<p>Policia e Tiran\u00ebs ka goditur nj\u00eb grup kriminal t\u00eb p\u00ebrfshir\u00eb n\u00eb trafikimin dhe shitjen e arm\u00ebve t\u00eb zjarrit, t\u00eb cilat dyshohet se silleshin kryesisht nga Mali i Zi dhe shiteshin n\u00eb zon\u00ebn e Freskut. N\u00eb kuad\u00ebr t\u00eb operacionit t\u00eb koduar \u201cRotondo\u201d, u arrestuan n\u00eb flagranc\u00eb shtetasit Donati Jaku, 31 vje\u00e7, banues n\u00eb Shkod\u00ebr, dhe Florian [&hellip;]<\/p>\n","protected":false,"gt_translate_keys":[{"key":"rendered","format":"html"}]},"author":32,"featured_media":790285,"comment_status":"closed","ping_status":"open","sticky":false,"template":"","format":"standard","meta":{"footnotes":""},"categories":[65],"tags":[],"class_list":["post-790284","post","type-post","status-publish","format-standard","has-post-thumbnail","hentry","category-lajme"],"gt_translate_keys":[{"key":"link","format":"url"}],"_links":{"self":[{"href":"https:\/\/www.hashtag.al\/index.php\/wp-json\/wp\/v2\/posts\/790284","targetHints":{"allow":["GET"]}}],"collection":[{"href":"https:\/\/www.hashtag.al\/index.php\/wp-json\/wp\/v2\/posts"}],"about":[{"href":"https:\/\/www.hashtag.al\/index.php\/wp-json\/wp\/v2\/types\/post"}],"author":[{"embeddable":true,"href":"https:\/\/www.hashtag.al\/index.php\/wp-json\/wp\/v2\/users\/32"}],"replies":[{"embeddable":true,"href":"https:\/\/www.hashtag.al\/index.php\/wp-json\/wp\/v2\/comments?post=790284"}],"version-history":[{"count":99999,"href":"https:\/\/www.hashtag.al\/index.php\/wp-json\/wp\/v2\/posts\/790284\/revisions"}],"predecessor-version":[{"id":790295,"href":"https:\/\/www.hashtag.al\/index.php\/wp-json\/wp\/v2\/posts\/790284\/revisions\/790295"}],"wp:featuredmedia":[{"embeddable":true,"href":"https:\/\/www.hashtag.al\/index.php\/wp-json\/wp\/v2\/media\/790285"}],"wp:attachment":[{"href":"https:\/\/www.hashtag.al\/index.php\/wp-json\/wp\/v2\/media?parent=790284"}],"wp:term":[{"taxonomy":"category","embeddable":true,"href":"https:\/\/www.hashtag.al\/index.php\/wp-json\/wp\/v2\/categories?post=790284"},{"taxonomy":"post_tag","embeddable":true,"href":"https:\/\/www.hashtag.al\/index.php\/wp-json\/wp\/v2\/tags?post=790284"}],"curies":[{"name":"wp","href":"https:\/\/api.w.org\/{rel}","templated":true}]}}