{"id":790191,"date":"2026-03-09T17:35:34","date_gmt":"2026-03-09T16:35:34","guid":{"rendered":"https:\/\/www.hashtag.al\/?p=790191"},"modified":"2026-03-09T17:35:34","modified_gmt":"2026-03-09T16:35:34","slug":"blushi-refuzimi-per-heqjen-e-imunitetit-te-ballukut-tregon-se-rama-e-konsideron-veten-mbi-ligjin","status":"publish","type":"post","link":"https:\/\/www.hashtag.al\/index.php\/2026\/03\/09\/blushi-refuzimi-per-heqjen-e-imunitetit-te-ballukut-tregon-se-rama-e-konsideron-veten-mbi-ligjin\/","title":{"rendered":"Blushi: Refuzimi p\u00ebr heqjen e imunitetit t\u00eb Ballukut tregon se Rama e konsideron veten mbi ligjin","gt_translate_keys":[{"key":"rendered","format":"text"}]},"content":{"rendered":"<p><span style=\"color: #000000;\"><a href=\"https:\/\/www.hashtag.al\/index.php\/2026\/01\/24\/blushi-u-bejme-thirrje-te-rinjve-dhe-cdo-shqiptari-ti-bashkohet-sot-uraganit-te-lirise\/blushi-731x450\/\" rel=\"attachment wp-att-782928\"><img loading=\"lazy\" decoding=\"async\" class=\"alignnone size-full wp-image-782928\" src=\"https:\/\/www.hashtag.al\/wp-content\/uploads\/2026\/01\/BLUSHI-731x450-1.jpg\" alt=\"\" width=\"731\" height=\"450\" srcset=\"https:\/\/www.hashtag.al\/wp-content\/uploads\/2026\/01\/BLUSHI-731x450-1.jpg 731w, https:\/\/www.hashtag.al\/wp-content\/uploads\/2026\/01\/BLUSHI-731x450-1-300x185.jpg 300w\" sizes=\"auto, (max-width: 731px) 100vw, 731px\" \/><\/a><\/span><\/p>\n<p><span style=\"color: #000000;\">Sekretari i P\u00ebrgjithsh\u00ebm i Partia e Liris\u00eb, Tedi Blushi, ka reaguar pas vendimit t\u00eb Partia Socialiste e Shqip\u00ebris\u00eb p\u00ebr t\u00eb mos miratuar k\u00ebrkes\u00ebn e SPAK p\u00ebr heqjen e imunitetit t\u00eb ish-zv\/kryeministres Belinda Balluku.<\/span><\/p>\n<p><span style=\"color: #000000;\">N\u00eb nj\u00eb deklarat\u00eb p\u00ebr mediat, Blushi akuzoi kryeministrin Edi Rama se po p\u00ebrpiqet t\u00eb mbroj\u00eb veten dhe bashk\u00ebpun\u00ebtor\u00ebt e tij nga drejt\u00ebsia.<\/span><\/p>\n<p><span style=\"color: #000000;\">Sipas tij, vendimi p\u00ebr t\u00eb mos lejuar hetimin e Ballukut tregon se qeveria e konsideron veten t\u00eb paprekshme p\u00ebrball\u00eb ligjit.<\/span><\/p>\n<p><span style=\"color: #000000;\">Blushi tha se ky veprim p\u00ebrb\u00ebn nj\u00eb goditje ndaj Reform\u00ebs n\u00eb Drejt\u00ebsi dhe e cil\u00ebsoi si nj\u00eb p\u00ebrpjekje p\u00ebr t\u00eb mbrojtur, sipas tij, aferat korruptive t\u00eb qeveris\u00eb.<\/span><\/p>\n<p>&nbsp;<\/p>\n<p>&nbsp;<\/p>\n<p><span style=\"color: #000000;\">Deklarata<\/span><\/p>\n<p><span style=\"color: #000000;\"><em>Sot Edi Rama hoqi \u00e7do mask\u00eb, shpalli varrosjen p\u00ebrfundimtare t\u00eb Reform\u00ebs n\u00eb Drejt\u00ebsi, p\u00ebr t\u00eb cil\u00ebn dikur akuzonte opozit\u00ebn, dhe doli hapur para t\u00eb gjith\u00eb shqiptar\u00ebve n\u00eb mbrojtje t\u00eb vetes dhe t\u00eb aferave t\u00eb tij skizofrenike korruptive duke rikonfirmuar filozofin\u00eb e tij kriminale q\u00eb antikorrupsioni \u00ebsht\u00eb m\u00eb i d\u00ebmsh\u00ebm se vet\u00eb korrupsioni, q\u00eb ka na renditur sot sipas Transparency International, 11 vende m\u00eb posht\u00eb krahasuar me nj\u00eb vit m\u00eb par\u00eb.<\/em><\/span><\/p>\n<p><span style=\"color: #000000;\"><em>Sot Edi Rama, i kapur me presh\u00eb n\u00eb dor\u00eb, n\u00ebn shantazhin e ish-vart\u00ebses s\u00eb tij Belinda Balluku, u tha shqiptar\u00ebve t\u00eb v\u00ebrtetat e r\u00ebnda se p\u00ebrball\u00eb drejt\u00ebsis\u00eb ai dhe \u00e7eta e ministrave kusar\u00eb jan\u00eb t\u00eb papreksh\u00ebm, se drejt\u00ebsia q\u00eb veti e kapi p\u00ebr fyti nuk mund t\u00eb guxoj\u00eb t\u2019i prek\u00eb dhe se ai e konsideron veten mbi Kushtetut\u00ebn dhe mbi \u00e7do ligjin.<\/em><\/span><\/p>\n<p><span style=\"color: #000000;\"><em>Edi Rama nuk foli p\u00ebr Belinda Ballukun, por foli p\u00ebr frik\u00ebn e tij nga aferat e p\u00ebrbindshme ku \u00ebsht\u00eb zhytyr kok\u00eb e k\u00ebmb\u00eb dhe p\u00ebr t\u00eb cilat m\u00eb her\u00ebt ka k\u00ebrc\u00ebnuar SPAK-un q\u00eb edhe t\u00eb mos guxoj\u00eb t\u2019i afrohet celularit t\u00eb tij.<\/em><\/span><\/p>\n<p><span style=\"color: #000000;\"><em>Sot ai konfirmoi tmerrin nga aferat e tmerrshme korruptive q\u00eb mbajn\u00eb firm\u00ebn e tij:<\/em><\/span><\/p>\n<p><span style=\"color: #000000;\"><em>inceneratorin fantazm\u00eb t\u00eb Tiran\u00ebs me vler\u00eb 130 milion\u00eb euro,<\/em><\/span><\/p>\n<p><span style=\"color: #000000;\"><em>shkat\u00ebrrimin dhe asgjesimin de facto t\u00eb Portit t\u00eb Durr\u00ebsit;<\/em><\/span><\/p>\n<p><span style=\"color: #000000;\"><em>koncesionet shkat\u00ebrrimtare n\u00eb sh\u00ebndet\u00ebsi me qindra milion\u00eb euro,<\/em><\/span><\/p>\n<p><span style=\"color: #000000;\"><em>AKSHI-n dhe Eco Parkun ku \u00ebsht\u00eb p\u00ebrfshir\u00eb familjarisht,<\/em><\/span><\/p>\n<p><span style=\"color: #000000;\"><em>rrug\u00ebt me \u00e7mime 8 deri n\u00eb 12 her\u00eb m\u00eb t\u00eb larta se n\u00eb BE, q\u00eb po shk\u00ebrmoqen n\u00eb t\u00eb kat\u00ebr an\u00ebt e vendit dhe q\u00eb p\u00ebr nga standardet e punimeve as nuk krahasohen me rrug\u00ebve, tunelet dhe veprat e m\u00ebdha infrastrukturore t\u00eb nd\u00ebrtuara, shum\u00eb her\u00eb m\u00eb lir\u00eb dhe me cil\u00ebsin\u00eb shum\u00ebfish m\u00eb t\u00eb lart\u00eb, nga Ilir Meta dhe Sali Berisha, q\u00eb kan\u00eb mbi 3 dekada q\u00eb q\u00ebndrojn\u00eb n\u00eb k\u00ebmb\u00eb ndryshe nga rrug\u00ebt e florinjta t\u00eb dyshes Rama-Balluku q\u00eb jan\u00eb shembur ende pa u inauguruar.<\/em><\/span><\/p>\n<p><span style=\"color: #000000;\"><em>Edi Rama foli p\u00ebr Belinda Ballukun edhe n\u00eb em\u00ebr t\u00eb gjoja prezumimit t\u00eb pafaj\u00ebsis\u00eb, nd\u00ebrsa \u00ebsht\u00eb po kryehajdut q\u00eb p\u00ebr kund\u00ebrshtar\u00ebt e tij politik\u00eb, Ilir Meta dhe Sali Berisha i b\u00ebnte thirrje publike SPAK nga tribuna e Asambles\u00eb s\u00eb PS p\u00ebr t\u2019i arrestuar, pa pyetur ask\u00ebnd p\u00ebr k\u00ebt\u00eb parim t\u00eb shenjt\u00eb t\u00eb shtetit t\u00eb s\u00eb drejt\u00ebs.<\/em><\/span><\/p>\n<p><span style=\"color: #000000;\"><em>Por mbi t\u00eb gjitha, Rama rikonfirmoi se ka lepurin n\u00eb bark edhe nga drejt\u00ebsia e tij, q\u00eb ende nuk e ka thirrur p\u00ebr ta marr\u00eb n\u00eb pyetje p\u00ebr bonusin 8% q\u00eb i dha kompanis\u00eb s\u00eb incenerator\u00ebve kur ajo nuk ekzistonte as n\u00eb letra.<\/em><\/span><\/p>\n<p><span style=\"color: #000000;\"><em>Prandaj sot ai sulmoi gjith\u00e7ka: ligjin, institucionet dhe qytetar\u00ebt.<\/em><\/span><\/p>\n<p><span style=\"color: #000000;\"><em>Ky nuk \u00ebsht\u00eb thjesht nj\u00eb sulm ndaj drejt\u00ebsis\u00eb.<\/em><\/span><\/p>\n<p><span style=\"color: #000000;\"><em>Ky \u00ebsht\u00eb nj\u00eb sulm ndaj \u00e7do shqiptari, ndaj dinjitetit dhe t\u00eb drejt\u00ebs s\u00eb tyre p\u00ebr nj\u00eb shtet ku ligji \u00ebsht\u00eb i barabart\u00eb p\u00ebr t\u00eb gjith\u00eb.<\/em><\/span><\/p>\n<p><span style=\"color: #000000;\"><em>Mesazhi i Edi Ram\u00ebs sot ishte i qart\u00eb: Ministrat, drejtor\u00ebt dhe patronazhist\u00ebt qeveritar\u00ebt mund t\u00eb vjedhin dhe t\u00eb mos nd\u00ebshkohen, nd\u00ebrsa qytetar\u00ebt t\u00eb burgosen edhe p\u00ebr parkimin dysh.<\/em><\/span><\/p>\n<p><span style=\"color: #000000;\"><em>Ndaj p\u00ebrgjigjia e sovranit ndaj Narkokryeministrit duhet t\u00eb jet\u00eb po aq e qart\u00eb, asnj\u00eb pushtet nuk \u00ebsht\u00eb mbi qytetar\u00ebt dhe mbi ligjin.<\/em><\/span><\/p>\n<p><span style=\"color: #000000;\"><em>Ndaj fjala tani u takon qytetar\u00ebve, t\u00eb cil\u00ebt n\u00eb 12 mars do ta thon\u00eb qart\u00eb dhe me z\u00eb t\u00eb lart\u00eb revolt\u00ebn dhe zem\u00ebrat\u00ebn e tyre para Parlamentit t\u00eb aneksuar nga krimi dhe korrupsioni e t\u00eb shnd\u00ebrruar n\u00eb nj\u00eb noter t\u00eb aferave mafioze t\u00eb Edi Ram\u00ebs.<\/em><\/span><\/p>\n<p><span style=\"color: #000000;\"><em>\u00a0<\/em><\/span><\/p>\n","protected":false,"gt_translate_keys":[{"key":"rendered","format":"html"}]},"excerpt":{"rendered":"<p>Sekretari i P\u00ebrgjithsh\u00ebm i Partia e Liris\u00eb, Tedi Blushi, ka reaguar pas vendimit t\u00eb Partia Socialiste e Shqip\u00ebris\u00eb p\u00ebr t\u00eb mos miratuar k\u00ebrkes\u00ebn e SPAK p\u00ebr heqjen e imunitetit t\u00eb ish-zv\/kryeministres Belinda Balluku. N\u00eb nj\u00eb deklarat\u00eb p\u00ebr mediat, Blushi akuzoi kryeministrin Edi Rama se po p\u00ebrpiqet t\u00eb mbroj\u00eb veten dhe bashk\u00ebpun\u00ebtor\u00ebt e tij nga drejt\u00ebsia. [&hellip;]<\/p>\n","protected":false,"gt_translate_keys":[{"key":"rendered","format":"html"}]},"author":32,"featured_media":782928,"comment_status":"closed","ping_status":"open","sticky":false,"template":"","format":"standard","meta":{"footnotes":""},"categories":[65],"tags":[],"class_list":["post-790191","post","type-post","status-publish","format-standard","has-post-thumbnail","hentry","category-lajme"],"gt_translate_keys":[{"key":"link","format":"url"}],"_links":{"self":[{"href":"https:\/\/www.hashtag.al\/index.php\/wp-json\/wp\/v2\/posts\/790191","targetHints":{"allow":["GET"]}}],"collection":[{"href":"https:\/\/www.hashtag.al\/index.php\/wp-json\/wp\/v2\/posts"}],"about":[{"href":"https:\/\/www.hashtag.al\/index.php\/wp-json\/wp\/v2\/types\/post"}],"author":[{"embeddable":true,"href":"https:\/\/www.hashtag.al\/index.php\/wp-json\/wp\/v2\/users\/32"}],"replies":[{"embeddable":true,"href":"https:\/\/www.hashtag.al\/index.php\/wp-json\/wp\/v2\/comments?post=790191"}],"version-history":[{"count":99999,"href":"https:\/\/www.hashtag.al\/index.php\/wp-json\/wp\/v2\/posts\/790191\/revisions"}],"predecessor-version":[{"id":790192,"href":"https:\/\/www.hashtag.al\/index.php\/wp-json\/wp\/v2\/posts\/790191\/revisions\/790192"}],"wp:featuredmedia":[{"embeddable":true,"href":"https:\/\/www.hashtag.al\/index.php\/wp-json\/wp\/v2\/media\/782928"}],"wp:attachment":[{"href":"https:\/\/www.hashtag.al\/index.php\/wp-json\/wp\/v2\/media?parent=790191"}],"wp:term":[{"taxonomy":"category","embeddable":true,"href":"https:\/\/www.hashtag.al\/index.php\/wp-json\/wp\/v2\/categories?post=790191"},{"taxonomy":"post_tag","embeddable":true,"href":"https:\/\/www.hashtag.al\/index.php\/wp-json\/wp\/v2\/tags?post=790191"}],"curies":[{"name":"wp","href":"https:\/\/api.w.org\/{rel}","templated":true}]}}