{"id":790126,"date":"2026-03-09T11:30:12","date_gmt":"2026-03-09T10:30:12","guid":{"rendered":"https:\/\/www.hashtag.al\/?p=790126"},"modified":"2026-03-09T12:02:28","modified_gmt":"2026-03-09T11:02:28","slug":"rama-nuk-e-shkel-vijen-e-kuqe-as-per-ballukun-eshte-ceshtje-e-drejtesise","status":"publish","type":"post","link":"https:\/\/www.hashtag.al\/index.php\/2026\/03\/09\/rama-nuk-e-shkel-vijen-e-kuqe-as-per-ballukun-eshte-ceshtje-e-drejtesise\/","title":{"rendered":"Rama: Nuk e shkel vij\u00ebn e kuqe as p\u00ebr Ballukun, \u00ebsht\u00eb \u00e7\u00ebshtje e drejt\u00ebsis\u00eb","gt_translate_keys":[{"key":"rendered","format":"text"}]},"content":{"rendered":"<p data-start=\"84\" data-end=\"315\"><span style=\"color: #000000;\"><img loading=\"lazy\" decoding=\"async\" class=\"aligncenter size-full wp-image-790127\" src=\"https:\/\/www.hashtag.al\/wp-content\/uploads\/2026\/03\/1773051042_edirama.jpg\" alt=\"\" width=\"780\" height=\"440\" srcset=\"https:\/\/www.hashtag.al\/wp-content\/uploads\/2026\/03\/1773051042_edirama.jpg 780w, https:\/\/www.hashtag.al\/wp-content\/uploads\/2026\/03\/1773051042_edirama-300x169.jpg 300w, https:\/\/www.hashtag.al\/wp-content\/uploads\/2026\/03\/1773051042_edirama-768x433.jpg 768w\" sizes=\"auto, (max-width: 780px) 100vw, 780px\" \/><\/span><\/p>\n<p data-start=\"84\" data-end=\"315\"><span style=\"color: #000000;\">Kryeministri\u00a0<span class=\"hover:entity-accent entity-underline inline cursor-pointer align-baseline\"><span class=\"whitespace-normal\">Edi Rama<\/span><\/span> komentoi rastin e <span class=\"hover:entity-accent entity-underline inline cursor-pointer align-baseline\"><span class=\"whitespace-normal\">Belinda Balluku<\/span><\/span>, duke theksuar se nuk ka as t\u00eb drejt\u00eb e as t\u00eb lejuar ligj\u00ebrisht q\u00eb t\u00eb nd\u00ebrhyj\u00eb n\u00eb hetimet ndaj saj.<\/span><\/p>\n<p data-start=\"317\" data-end=\"597\" data-is-last-node=\"\" data-is-only-node=\"\"><span style=\"color: #000000;\">Rama shtoi se nuk ka nd\u00ebrmend ta shpall\u00eb t\u00eb pafajshme apo t\u00eb shkel\u00eb vij\u00ebn e kuqe q\u00eb ka vendosur p\u00ebrpara deputet\u00ebve pas miratimit t\u00eb reform\u00ebs n\u00eb drejt\u00ebsi.\u00a0<\/span><\/p>\n<p><span style=\"color: #000000;\"><em>\u201cNd\u00ebrkoh\u00eb un\u00eb si kryeminist\u00ebr, ndryshe nga sa mendojn\u00eb dhe flasin ata q\u00eb se kan\u00eb iden\u00eb e k\u00ebsaj detyre, se kam as t\u00eb mundur, por as t\u00eb lejuar, qoft\u00eb nga ligji dhe nga zakoni q\u00eb t\u2019i mbaj pish\u00ebn asnj\u00eb bashk\u00ebpun\u00ebtori.<\/em><\/span><\/p>\n<p><span style=\"color: #000000;\"><em> Nuk kam nd\u00ebrmend t\u2019iu them juve q\u00eb e njihni m\u00eb mir\u00eb se tjer\u00ebt q\u00eb Belinda \u00ebsht\u00eb nj\u00eb njeri q\u00eb durohet leht\u00eb n\u00eb pun\u00eb, pasi ca m\u00eb shum\u00eb e ca m\u00eb pak e dim\u00eb t\u00eb gjith\u00eb se sa e leht\u00eb \u00ebsht\u00eb t\u00eb merresh me t\u00eb, sidomos kur i thot\u00eb koka q\u00eb ka t\u00eb drejt\u00eb dhe do me \u00e7do kusht t\u2019i dal\u00eb e vetja.<\/em><\/span><\/p>\n<p><span style=\"color: #000000;\"><em> Nuk kam nd\u00ebrmend ta shpall t\u00eb pafajshme, apo t\u00eb shkel p\u00ebr t\u00eb vij\u00ebn e kuqe t\u00eb cil\u00ebn e kam vizatuar p\u00ebrpara deputet\u00ebve n\u00eb k\u00ebt\u00eb sall\u00eb t\u00eb nes\u00ebrmen e miratimit t\u00eb reform\u00eb n\u00eb drejt\u00ebsi dhe q\u00eb vlen p\u00ebr t\u00eb gjith\u00eb nj\u00ebsoj, duke e marr\u00eb n\u00eb mbrojtje nga drejt\u00ebsia. <\/em><\/span><\/p>\n<p><span style=\"color: #000000;\"><em>Gj\u00ebra q\u00eb i takojn\u00eb avokatit apo prokurorit dhe gjykat\u00ebsit, jam apo s\u2019jam un\u00eb dakord me k\u00ebta t\u00eb fundit\u201d<\/em>, tha Rama.<\/span><\/p>\n","protected":false,"gt_translate_keys":[{"key":"rendered","format":"html"}]},"excerpt":{"rendered":"<p>Kryeministri\u00a0Edi Rama komentoi rastin e Belinda Balluku, duke theksuar se nuk ka as t\u00eb drejt\u00eb e as t\u00eb lejuar ligj\u00ebrisht q\u00eb t\u00eb nd\u00ebrhyj\u00eb n\u00eb hetimet ndaj saj. Rama shtoi se nuk ka nd\u00ebrmend ta shpall\u00eb t\u00eb pafajshme apo t\u00eb shkel\u00eb vij\u00ebn e kuqe q\u00eb ka vendosur p\u00ebrpara deputet\u00ebve pas miratimit t\u00eb reform\u00ebs n\u00eb drejt\u00ebsi.\u00a0 \u201cNd\u00ebrkoh\u00eb [&hellip;]<\/p>\n","protected":false,"gt_translate_keys":[{"key":"rendered","format":"html"}]},"author":49,"featured_media":790127,"comment_status":"closed","ping_status":"open","sticky":false,"template":"","format":"standard","meta":{"footnotes":""},"categories":[65],"tags":[],"class_list":["post-790126","post","type-post","status-publish","format-standard","has-post-thumbnail","hentry","category-lajme"],"gt_translate_keys":[{"key":"link","format":"url"}],"_links":{"self":[{"href":"https:\/\/www.hashtag.al\/index.php\/wp-json\/wp\/v2\/posts\/790126","targetHints":{"allow":["GET"]}}],"collection":[{"href":"https:\/\/www.hashtag.al\/index.php\/wp-json\/wp\/v2\/posts"}],"about":[{"href":"https:\/\/www.hashtag.al\/index.php\/wp-json\/wp\/v2\/types\/post"}],"author":[{"embeddable":true,"href":"https:\/\/www.hashtag.al\/index.php\/wp-json\/wp\/v2\/users\/49"}],"replies":[{"embeddable":true,"href":"https:\/\/www.hashtag.al\/index.php\/wp-json\/wp\/v2\/comments?post=790126"}],"version-history":[{"count":99999,"href":"https:\/\/www.hashtag.al\/index.php\/wp-json\/wp\/v2\/posts\/790126\/revisions"}],"predecessor-version":[{"id":790128,"href":"https:\/\/www.hashtag.al\/index.php\/wp-json\/wp\/v2\/posts\/790126\/revisions\/790128"}],"wp:featuredmedia":[{"embeddable":true,"href":"https:\/\/www.hashtag.al\/index.php\/wp-json\/wp\/v2\/media\/790127"}],"wp:attachment":[{"href":"https:\/\/www.hashtag.al\/index.php\/wp-json\/wp\/v2\/media?parent=790126"}],"wp:term":[{"taxonomy":"category","embeddable":true,"href":"https:\/\/www.hashtag.al\/index.php\/wp-json\/wp\/v2\/categories?post=790126"},{"taxonomy":"post_tag","embeddable":true,"href":"https:\/\/www.hashtag.al\/index.php\/wp-json\/wp\/v2\/tags?post=790126"}],"curies":[{"name":"wp","href":"https:\/\/api.w.org\/{rel}","templated":true}]}}