{"id":789926,"date":"2026-03-08T09:46:29","date_gmt":"2026-03-08T08:46:29","guid":{"rendered":"https:\/\/www.hashtag.al\/?p=789926"},"modified":"2026-03-08T09:46:36","modified_gmt":"2026-03-08T08:46:36","slug":"tirane-u-kapen-duke-transportuar-emigrante-te-paligjshem-tre-te-arrestuar","status":"publish","type":"post","link":"https:\/\/www.hashtag.al\/index.php\/2026\/03\/08\/tirane-u-kapen-duke-transportuar-emigrante-te-paligjshem-tre-te-arrestuar\/","title":{"rendered":"Tiran\u00eb\/ U kap\u00ebn duke transportuar emigrant\u00eb t\u00eb paligjsh\u00ebm, tre t\u00eb arrestuar","gt_translate_keys":[{"key":"rendered","format":"text"}]},"content":{"rendered":"<p><span style=\"color: #000000;\"><a style=\"color: #000000;\" href=\"https:\/\/www.hashtag.al\/index.php\/2026\/03\/08\/tirane-u-kapen-duke-transportuar-emigrante-te-paligjshem-tre-te-arrestuar\/screenshot-2026-03-08-004303\/\" rel=\"attachment wp-att-789927\"><img loading=\"lazy\" decoding=\"async\" class=\"alignnone size-full wp-image-789927\" src=\"https:\/\/www.hashtag.al\/wp-content\/uploads\/2026\/03\/Screenshot-2026-03-08-004303.png\" alt=\"\" width=\"1001\" height=\"547\" srcset=\"https:\/\/www.hashtag.al\/wp-content\/uploads\/2026\/03\/Screenshot-2026-03-08-004303.png 1001w, https:\/\/www.hashtag.al\/wp-content\/uploads\/2026\/03\/Screenshot-2026-03-08-004303-300x164.png 300w, https:\/\/www.hashtag.al\/wp-content\/uploads\/2026\/03\/Screenshot-2026-03-08-004303-768x420.png 768w\" sizes=\"auto, (max-width: 1001px) 100vw, 1001px\" \/><\/a><\/span><\/p>\n<p><span style=\"color: #000000;\">Tre persona kan\u00eb r\u00ebn\u00eb n\u00eb prangat e policis\u00eb s\u00eb Tiran\u00ebs pasi u kap\u00ebn duke transportuar 5 emigrant\u00eb t\u00eb paligjsh\u00ebm.<\/span><\/p>\n<p><span style=\"color: #000000;\">T\u00eb arrestuarit jan\u00eb identifikuar si Hysni St\u00ebrmungu, Helidon Dhima dhe Hassan Mobin.<\/span><\/p>\n<p><span style=\"color: #000000;\">Sipas njoftimit t\u00eb policis\u00eb, b\u00ebhet me dije se t\u00eb arrestuarit iu kishin premtuar transportimin me destinacion final shtetin italian.<\/span><\/p>\n<p><span style=\"color: #000000;\">Automjeti me t\u00eb cilin transportoheshin emigrant\u00ebt u sekuestrua si prov\u00eb materiale.<\/span><\/p>\n<p>&nbsp;<\/p>\n<p><span style=\"color: #000000;\">Njoftimi i policis\u00eb:<\/span><\/p>\n<p><em><span style=\"color: #000000;\">N\u00eb vijim t\u00eb goditjeve t\u00eb nj\u00ebpasnj\u00ebshme t\u00eb veprimtaris\u00eb kriminale n\u00eb fush\u00ebn e kontrabandimit t\u00eb emigrant\u00ebve nga vendet e treta drejt vendeve t\u00eb BE-s\u00eb, specialist\u00ebt e Seksionit p\u00ebr Trafiqet e Paligjshme n\u00eb bashk\u00ebpunim me Forc\u00ebn Operacionale n\u00eb DVP Tiran\u00eb godit\u00ebn nj\u00eb tjet\u00ebr rast, duke v\u00ebn\u00eb n\u00eb pranga shtetasit:<\/span><\/em><\/p>\n<ol>\n<li><em><span style=\"color: #000000;\">S., 28 vje\u00e7, H. Dh., 43 vje\u00e7 dhe H. M., 28 vje\u00e7.<\/span><\/em><\/li>\n<\/ol>\n<p><em><span style=\"color: #000000;\">Shtetasit H. S. dhe H. Dh. jan\u00eb kapur n\u00eb flagranc\u00eb nga sh\u00ebrbimet e Policis\u00eb, te rrethrrotullimi i Rinasit, duke transportuar me nj\u00eb automjet 5 emigrant\u00eb, t\u00eb cil\u00ebve, kundrejt pages\u00ebs 2500 euro secilit, iu kishin premtuar transportimin me destinacion final shtetin italian.<\/span><\/em><\/p>\n<p><em><span style=\"color: #000000;\">Nd\u00ebrkaq, nga hetimi dyshohet se shtetasi H. M. merrej me organizimin dhe grumbullimin e emigrant\u00ebve.<\/span><\/em><\/p>\n<p><em><span style=\"color: #000000;\">N\u00eb bashk\u00ebpunim me Prokurorin\u00eb vijon hetimi p\u00ebr t\u00eb identifikuar dhe p\u00ebr t\u00eb nxjerr\u00eb p\u00ebrpara p\u00ebrgjegj\u00ebsis\u00eb penale shtetas t\u00eb tjer\u00eb q\u00eb mund t\u00eb jen\u00eb p\u00ebrfshir\u00eb n\u00eb k\u00ebt\u00eb rast.<\/span><\/em><\/p>\n<p><em><span style=\"color: #000000;\">Materialet procedurale iu referuan Prokuroris\u00eb s\u00eb Tiran\u00ebs, p\u00ebr veprime t\u00eb m\u00ebtejshme.<\/span><\/em><\/p>\n","protected":false,"gt_translate_keys":[{"key":"rendered","format":"html"}]},"excerpt":{"rendered":"<p>Tre persona kan\u00eb r\u00ebn\u00eb n\u00eb prangat e policis\u00eb s\u00eb Tiran\u00ebs pasi u kap\u00ebn duke transportuar 5 emigrant\u00eb t\u00eb paligjsh\u00ebm. T\u00eb arrestuarit jan\u00eb identifikuar si Hysni St\u00ebrmungu, Helidon Dhima dhe Hassan Mobin. Sipas njoftimit t\u00eb policis\u00eb, b\u00ebhet me dije se t\u00eb arrestuarit iu kishin premtuar transportimin me destinacion final shtetin italian. Automjeti me t\u00eb cilin transportoheshin [&hellip;]<\/p>\n","protected":false,"gt_translate_keys":[{"key":"rendered","format":"html"}]},"author":32,"featured_media":789927,"comment_status":"closed","ping_status":"open","sticky":false,"template":"","format":"standard","meta":{"footnotes":""},"categories":[65],"tags":[],"class_list":["post-789926","post","type-post","status-publish","format-standard","has-post-thumbnail","hentry","category-lajme"],"gt_translate_keys":[{"key":"link","format":"url"}],"_links":{"self":[{"href":"https:\/\/www.hashtag.al\/index.php\/wp-json\/wp\/v2\/posts\/789926","targetHints":{"allow":["GET"]}}],"collection":[{"href":"https:\/\/www.hashtag.al\/index.php\/wp-json\/wp\/v2\/posts"}],"about":[{"href":"https:\/\/www.hashtag.al\/index.php\/wp-json\/wp\/v2\/types\/post"}],"author":[{"embeddable":true,"href":"https:\/\/www.hashtag.al\/index.php\/wp-json\/wp\/v2\/users\/32"}],"replies":[{"embeddable":true,"href":"https:\/\/www.hashtag.al\/index.php\/wp-json\/wp\/v2\/comments?post=789926"}],"version-history":[{"count":99999,"href":"https:\/\/www.hashtag.al\/index.php\/wp-json\/wp\/v2\/posts\/789926\/revisions"}],"predecessor-version":[{"id":789929,"href":"https:\/\/www.hashtag.al\/index.php\/wp-json\/wp\/v2\/posts\/789926\/revisions\/789929"}],"wp:featuredmedia":[{"embeddable":true,"href":"https:\/\/www.hashtag.al\/index.php\/wp-json\/wp\/v2\/media\/789927"}],"wp:attachment":[{"href":"https:\/\/www.hashtag.al\/index.php\/wp-json\/wp\/v2\/media?parent=789926"}],"wp:term":[{"taxonomy":"category","embeddable":true,"href":"https:\/\/www.hashtag.al\/index.php\/wp-json\/wp\/v2\/categories?post=789926"},{"taxonomy":"post_tag","embeddable":true,"href":"https:\/\/www.hashtag.al\/index.php\/wp-json\/wp\/v2\/tags?post=789926"}],"curies":[{"name":"wp","href":"https:\/\/api.w.org\/{rel}","templated":true}]}}