{"id":789917,"date":"2026-03-08T09:40:08","date_gmt":"2026-03-08T08:40:08","guid":{"rendered":"https:\/\/www.hashtag.al\/?p=789917"},"modified":"2026-03-08T09:40:14","modified_gmt":"2026-03-08T08:40:14","slug":"shba-po-pergatitet-te-dislokoje-nje-aeroplanmbajtese-te-trete-ne-rajon-per-sulme-ndaj-iranit","status":"publish","type":"post","link":"https:\/\/www.hashtag.al\/index.php\/2026\/03\/08\/shba-po-pergatitet-te-dislokoje-nje-aeroplanmbajtese-te-trete-ne-rajon-per-sulme-ndaj-iranit\/","title":{"rendered":"SHBA po p\u00ebrgatitet t\u00eb dislokoj\u00eb nj\u00eb aeroplanmbajt\u00ebse t\u00eb tret\u00eb n\u00eb rajon p\u00ebr sulme ndaj Iranit","gt_translate_keys":[{"key":"rendered","format":"text"}]},"content":{"rendered":"<p><span style=\"color: #000000;\"><a href=\"https:\/\/www.hashtag.al\/index.php\/2026\/03\/08\/shba-po-pergatitet-te-dislokoje-nje-aeroplanmbajtese-te-trete-ne-rajon-per-sulme-ndaj-iranit\/thumbs_b_c_bac4e700bc9f86136cae71f28a4cfda7\/\" rel=\"attachment wp-att-789918\"><img loading=\"lazy\" decoding=\"async\" class=\"alignnone size-full wp-image-789918\" src=\"https:\/\/www.hashtag.al\/wp-content\/uploads\/2026\/03\/thumbs_b_c_bac4e700bc9f86136cae71f28a4cfda7.jpg\" alt=\"\" width=\"864\" height=\"486\" srcset=\"https:\/\/www.hashtag.al\/wp-content\/uploads\/2026\/03\/thumbs_b_c_bac4e700bc9f86136cae71f28a4cfda7.jpg 864w, https:\/\/www.hashtag.al\/wp-content\/uploads\/2026\/03\/thumbs_b_c_bac4e700bc9f86136cae71f28a4cfda7-300x169.jpg 300w, https:\/\/www.hashtag.al\/wp-content\/uploads\/2026\/03\/thumbs_b_c_bac4e700bc9f86136cae71f28a4cfda7-768x432.jpg 768w\" sizes=\"auto, (max-width: 864px) 100vw, 864px\" \/><\/a><\/span><\/p>\n<p><span style=\"color: #000000;\">SHBA-ja po p\u00ebrgatit t\u00eb dislokojn\u00eb nj\u00eb aeroplanmbajt\u00ebse t\u00eb tret\u00eb n\u00eb Lindjen e Mesme p\u00ebr sulme ndaj Iranit, transmeton <span style=\"color: #0000ff;\"><a style=\"color: #0000ff;\" href=\"https:\/\/www.aa.com.tr\/sq\/bota\/shba-po-p%C3%ABrgatitet-t%C3%AB-dislokoj%C3%AB-nj%C3%AB-aeroplanmbajt%C3%ABse-t%C3%AB-tret%C3%AB-n%C3%AB-rajon-p%C3%ABr-sulme-ndaj-iranit\/3853862\">Anadolu.<\/a><\/span><\/span><\/p>\n<p><span style=\"color: #000000;\">Si\u00e7 raporton Fox News, aeroplanmbajt\u00ebsja e marin\u00ebs amerikane USS George H.W. Bush ka p\u00ebrfunduar p\u00ebrgatitjet p\u00ebr t\u2019u nisur drejt Mesdheut Lindor.<\/span><\/p>\n<p><span style=\"color: #000000;\">Anija, e cila p\u00ebrfundoi p\u00ebrgatitjet pran\u00eb brigjeve t\u00eb Ishullit Hatteras n\u00eb Karolin\u00ebn e Veriut, pritet t\u00eb nis\u00eb s\u00eb shpejti.<\/span><\/p>\n<p><span style=\"color: #000000;\">Aeroplanmbajt\u00ebsja ka dhjet\u00ebra avion\u00eb luftarak\u00eb p\u00ebr sulme dhe do t\u00eb shoq\u00ebrohet nga shkat\u00ebrrues me raketa t\u00eb drejtuara.<\/span><\/p>\n<p><span style=\"color: #000000;\">Aktualisht, aeroplanmbajt\u00ebsja USS Gerald R. Ford po operon n\u00eb Detin e Kuq, nd\u00ebrsa USS Abraham Lincoln (CVN-72) \u00ebsht\u00eb aktive n\u00eb Detin e Omanit.<\/span><\/p>\n<p><span style=\"color: #000000;\">Tensionet n\u00eb Lindjen e Mesme jan\u00eb p\u00ebrshkall\u00ebzuar q\u00eb nga fundjava e kaluar, kur SHBA-ja dhe Izraeli nis\u00ebn sulme n\u00eb shkall\u00eb t\u00eb gjer\u00eb kund\u00ebr Iranit, duke vrar\u00eb t\u00eb pakt\u00ebn 1 mij\u00eb persona, p\u00ebrfshir\u00eb liderin suprem Ali Khamenei, mbi 150 nx\u00ebn\u00ebse dhe zyrtar\u00eb t\u00eb lart\u00eb ushtarak\u00eb.<\/span><\/p>\n<p><span style=\"color: #000000;\">Irani \u00ebsht\u00eb kund\u00ebrp\u00ebrgjigjur me sulme t\u00eb gjera me raketa dhe dron\u00eb q\u00eb kan\u00eb sh\u00ebnjestruar baza amerikane, objekte diplomatike dhe personel ushtarak n\u00eb t\u00eb gjith\u00eb rajonin, si dhe disa qytete izraelite.<\/span><\/p>\n","protected":false,"gt_translate_keys":[{"key":"rendered","format":"html"}]},"excerpt":{"rendered":"<p>SHBA-ja po p\u00ebrgatit t\u00eb dislokojn\u00eb nj\u00eb aeroplanmbajt\u00ebse t\u00eb tret\u00eb n\u00eb Lindjen e Mesme p\u00ebr sulme ndaj Iranit, transmeton Anadolu. Si\u00e7 raporton Fox News, aeroplanmbajt\u00ebsja e marin\u00ebs amerikane USS George H.W. Bush ka p\u00ebrfunduar p\u00ebrgatitjet p\u00ebr t\u2019u nisur drejt Mesdheut Lindor. Anija, e cila p\u00ebrfundoi p\u00ebrgatitjet pran\u00eb brigjeve t\u00eb Ishullit Hatteras n\u00eb Karolin\u00ebn e Veriut, pritet [&hellip;]<\/p>\n","protected":false,"gt_translate_keys":[{"key":"rendered","format":"html"}]},"author":32,"featured_media":789918,"comment_status":"closed","ping_status":"open","sticky":false,"template":"","format":"standard","meta":{"footnotes":""},"categories":[6],"tags":[],"class_list":["post-789917","post","type-post","status-publish","format-standard","has-post-thumbnail","hentry","category-nderkombetare"],"gt_translate_keys":[{"key":"link","format":"url"}],"_links":{"self":[{"href":"https:\/\/www.hashtag.al\/index.php\/wp-json\/wp\/v2\/posts\/789917","targetHints":{"allow":["GET"]}}],"collection":[{"href":"https:\/\/www.hashtag.al\/index.php\/wp-json\/wp\/v2\/posts"}],"about":[{"href":"https:\/\/www.hashtag.al\/index.php\/wp-json\/wp\/v2\/types\/post"}],"author":[{"embeddable":true,"href":"https:\/\/www.hashtag.al\/index.php\/wp-json\/wp\/v2\/users\/32"}],"replies":[{"embeddable":true,"href":"https:\/\/www.hashtag.al\/index.php\/wp-json\/wp\/v2\/comments?post=789917"}],"version-history":[{"count":99999,"href":"https:\/\/www.hashtag.al\/index.php\/wp-json\/wp\/v2\/posts\/789917\/revisions"}],"predecessor-version":[{"id":789925,"href":"https:\/\/www.hashtag.al\/index.php\/wp-json\/wp\/v2\/posts\/789917\/revisions\/789925"}],"wp:featuredmedia":[{"embeddable":true,"href":"https:\/\/www.hashtag.al\/index.php\/wp-json\/wp\/v2\/media\/789918"}],"wp:attachment":[{"href":"https:\/\/www.hashtag.al\/index.php\/wp-json\/wp\/v2\/media?parent=789917"}],"wp:term":[{"taxonomy":"category","embeddable":true,"href":"https:\/\/www.hashtag.al\/index.php\/wp-json\/wp\/v2\/categories?post=789917"},{"taxonomy":"post_tag","embeddable":true,"href":"https:\/\/www.hashtag.al\/index.php\/wp-json\/wp\/v2\/tags?post=789917"}],"curies":[{"name":"wp","href":"https:\/\/api.w.org\/{rel}","templated":true}]}}