{"id":789625,"date":"2026-03-06T10:21:41","date_gmt":"2026-03-06T09:21:41","guid":{"rendered":"https:\/\/www.hashtag.al\/?p=789625"},"modified":"2026-03-06T10:23:17","modified_gmt":"2026-03-06T09:23:17","slug":"shembet-nje-azil-te-moshuarish-ne-brazil-te-pakten-6-te-vdekur-dhe-disa-te-zhdukur","status":"publish","type":"post","link":"https:\/\/www.hashtag.al\/index.php\/2026\/03\/06\/shembet-nje-azil-te-moshuarish-ne-brazil-te-pakten-6-te-vdekur-dhe-disa-te-zhdukur\/","title":{"rendered":"Shembet nj\u00eb azil t\u00eb moshuarish n\u00eb Brazil, t\u00eb pakt\u00ebn 6 t\u00eb vdekur dhe disa t\u00eb zhdukur","gt_translate_keys":[{"key":"rendered","format":"text"}]},"content":{"rendered":"<p><span style=\"color: #000000;\"><a style=\"color: #000000;\" href=\"https:\/\/www.hashtag.al\/index.php\/2026\/03\/06\/shembet-nje-azil-te-moshuarish-ne-brazil-te-pakten-6-te-vdekur-dhe-disa-te-zhdukur\/screenshot-160\/\" rel=\"attachment wp-att-789626\"><img loading=\"lazy\" decoding=\"async\" class=\"size-full wp-image-789626\" src=\"https:\/\/www.hashtag.al\/wp-content\/uploads\/2026\/03\/IMG_7868.jpeg\" alt=\"\" width=\"1170\" height=\"665\" srcset=\"https:\/\/www.hashtag.al\/wp-content\/uploads\/2026\/03\/IMG_7868.jpeg 1170w, https:\/\/www.hashtag.al\/wp-content\/uploads\/2026\/03\/IMG_7868-300x171.jpeg 300w, https:\/\/www.hashtag.al\/wp-content\/uploads\/2026\/03\/IMG_7868-1024x582.jpeg 1024w, https:\/\/www.hashtag.al\/wp-content\/uploads\/2026\/03\/IMG_7868-768x437.jpeg 768w\" sizes=\"auto, (max-width: 1170px) 100vw, 1170px\" \/><\/a><\/span><\/p>\n<p data-start=\"0\" data-end=\"109\"><span style=\"color: #000000;\">Nj\u00eb pjes\u00eb e nj\u00eb nd\u00ebrtese ku funksiononte nj\u00eb azil p\u00ebr t\u00eb moshuar \u00ebsht\u00eb shembur n\u00eb <span class=\"hover:entity-accent entity-underline inline cursor-pointer align-baseline\"><span class=\"whitespace-normal\">Belo Horizonte<\/span><\/span>, kryeqyteti i shtetit <span class=\"hover:entity-accent entity-underline inline cursor-pointer align-baseline\"><span class=\"whitespace-normal\">Minas Gerais<\/span><\/span> n\u00eb <span class=\"hover:entity-accent entity-underline inline cursor-pointer align-baseline\"><span class=\"whitespace-normal\">Brazil<\/span><\/span>, duke shkaktuar t\u00eb pakt\u00ebn gjasht\u00eb viktima, nd\u00ebrsa disa persona t\u00eb tjer\u00eb rezultojn\u00eb ende t\u00eb zhdukur, p\u00ebrcjell <a style=\"color: #000000;\" href=\"https:\/\/www.euronews.com\/video\/2026\/03\/06\/rescuers-race-to-find-survivors-after-deadly-nursing-home-collapse-in-brazil\"><span style=\"color: #0000ff;\">Euronews<\/span><\/a>.<\/span><\/p>\n<p data-start=\"446\" data-end=\"745\"><span style=\"color: #000000;\">Sipas autoriteteve, nd\u00ebrtesa kat\u00ebrkat\u00ebshe u shemb n\u00eb or\u00ebt e para t\u00eb m\u00ebngjesit n\u00eb lagjen Jardim Vitoria. N\u00eb momentin e ngjarjes brenda saj ndodheshin rreth 29 persona. Godina strehonte gjithashtu disa banesa t\u00eb vogla dhe nj\u00eb klinik\u00eb bukurie, b\u00ebri t\u00eb ditur departamenti i zjarrfik\u00ebsve t\u00eb Minas Gerais.<\/span><\/p>\n<p data-start=\"747\" data-end=\"1070\"><span style=\"color: #000000;\">Ekipet e shp\u00ebtimit kan\u00eb arritur t\u00eb nxjerrin disa persona t\u00eb gjall\u00eb nga rr\u00ebnojat. Tet\u00eb persona jan\u00eb d\u00ebrguar n\u00eb spital, mes tyre edhe nj\u00eb f\u00ebmij\u00eb dyvje\u00e7ar, i cili u nxor nga rr\u00ebnojat i vet\u00ebdijsh\u00ebm dhe n\u00eb gjendje t\u00eb q\u00ebndrueshme. Disa t\u00eb tjer\u00eb arrit\u00ebn t\u00eb largohen me ndihm\u00ebn e fqinj\u00ebve para se t\u00eb mb\u00ebrrinin ekipet e emergjenc\u00ebs.<\/span><\/p>\n<p data-start=\"1072\" data-end=\"1230\"><span style=\"color: #000000;\">M\u00eb shum\u00eb se 40 zjarrfik\u00ebs, t\u00eb ndihmuar nga qen shp\u00ebtimi dhe pajisje t\u00eb specializuara, po vijojn\u00eb k\u00ebrkimet p\u00ebr personat q\u00eb dyshohet se kan\u00eb mbetur n\u00ebn rr\u00ebnoja.<\/span><\/p>\n<p data-start=\"1232\" data-end=\"1433\" data-is-last-node=\"\" data-is-only-node=\"\"><span style=\"color: #000000;\">Shkaku i shembjes s\u00eb nd\u00ebrtes\u00ebs mbetet ende i paqart\u00eb. Zyrtar\u00ebt b\u00ebjn\u00eb t\u00eb ditur se godina kishte lejet e nevojshme, nd\u00ebrsa nj\u00eb hetim i plot\u00eb do t\u00eb nis\u00eb pasi t\u00eb p\u00ebrfundojn\u00eb operacionet e k\u00ebrkim-shp\u00ebtimit.<\/span><\/p>\n","protected":false,"gt_translate_keys":[{"key":"rendered","format":"html"}]},"excerpt":{"rendered":"<p>Nj\u00eb pjes\u00eb e nj\u00eb nd\u00ebrtese ku funksiononte nj\u00eb azil p\u00ebr t\u00eb moshuar \u00ebsht\u00eb shembur n\u00eb Belo Horizonte, kryeqyteti i shtetit Minas Gerais n\u00eb Brazil, duke shkaktuar t\u00eb pakt\u00ebn gjasht\u00eb viktima, nd\u00ebrsa disa persona t\u00eb tjer\u00eb rezultojn\u00eb ende t\u00eb zhdukur, p\u00ebrcjell Euronews. Sipas autoriteteve, nd\u00ebrtesa kat\u00ebrkat\u00ebshe u shemb n\u00eb or\u00ebt e para t\u00eb m\u00ebngjesit n\u00eb lagjen [&hellip;]<\/p>\n","protected":false,"gt_translate_keys":[{"key":"rendered","format":"html"}]},"author":32,"featured_media":789626,"comment_status":"closed","ping_status":"open","sticky":false,"template":"","format":"standard","meta":{"footnotes":""},"categories":[53],"tags":[],"class_list":["post-789625","post","type-post","status-publish","format-standard","has-post-thumbnail","hentry","category-fast-foodi"],"gt_translate_keys":[{"key":"link","format":"url"}],"_links":{"self":[{"href":"https:\/\/www.hashtag.al\/index.php\/wp-json\/wp\/v2\/posts\/789625","targetHints":{"allow":["GET"]}}],"collection":[{"href":"https:\/\/www.hashtag.al\/index.php\/wp-json\/wp\/v2\/posts"}],"about":[{"href":"https:\/\/www.hashtag.al\/index.php\/wp-json\/wp\/v2\/types\/post"}],"author":[{"embeddable":true,"href":"https:\/\/www.hashtag.al\/index.php\/wp-json\/wp\/v2\/users\/32"}],"replies":[{"embeddable":true,"href":"https:\/\/www.hashtag.al\/index.php\/wp-json\/wp\/v2\/comments?post=789625"}],"version-history":[{"count":99999,"href":"https:\/\/www.hashtag.al\/index.php\/wp-json\/wp\/v2\/posts\/789625\/revisions"}],"predecessor-version":[{"id":789629,"href":"https:\/\/www.hashtag.al\/index.php\/wp-json\/wp\/v2\/posts\/789625\/revisions\/789629"}],"wp:featuredmedia":[{"embeddable":true,"href":"https:\/\/www.hashtag.al\/index.php\/wp-json\/wp\/v2\/media\/789626"}],"wp:attachment":[{"href":"https:\/\/www.hashtag.al\/index.php\/wp-json\/wp\/v2\/media?parent=789625"}],"wp:term":[{"taxonomy":"category","embeddable":true,"href":"https:\/\/www.hashtag.al\/index.php\/wp-json\/wp\/v2\/categories?post=789625"},{"taxonomy":"post_tag","embeddable":true,"href":"https:\/\/www.hashtag.al\/index.php\/wp-json\/wp\/v2\/tags?post=789625"}],"curies":[{"name":"wp","href":"https:\/\/api.w.org\/{rel}","templated":true}]}}