{"id":789614,"date":"2026-03-06T09:22:34","date_gmt":"2026-03-06T08:22:34","guid":{"rendered":"https:\/\/www.hashtag.al\/?p=789614"},"modified":"2026-03-06T09:22:34","modified_gmt":"2026-03-06T08:22:34","slug":"osmani-kam-dekretuar-shperndarjen-e-kuvendit-vendi-shkon-ne-zgjedhje","status":"publish","type":"post","link":"https:\/\/www.hashtag.al\/index.php\/2026\/03\/06\/osmani-kam-dekretuar-shperndarjen-e-kuvendit-vendi-shkon-ne-zgjedhje\/","title":{"rendered":"Osmani: Kam dekretuar shp\u00ebrndarjen e Kuvendit, vendi shkon n\u00eb zgjedhje","gt_translate_keys":[{"key":"rendered","format":"text"}]},"content":{"rendered":"<p><span style=\"color: #000000;\"><img loading=\"lazy\" decoding=\"async\" class=\"aligncenter size-full wp-image-789615\" src=\"https:\/\/www.hashtag.al\/wp-content\/uploads\/2026\/03\/719054-q2tnU2AaRm.jpg\" alt=\"\" width=\"780\" height=\"500\" srcset=\"https:\/\/www.hashtag.al\/wp-content\/uploads\/2026\/03\/719054-q2tnU2AaRm.jpg 780w, https:\/\/www.hashtag.al\/wp-content\/uploads\/2026\/03\/719054-q2tnU2AaRm-300x192.jpg 300w, https:\/\/www.hashtag.al\/wp-content\/uploads\/2026\/03\/719054-q2tnU2AaRm-768x492.jpg 768w\" sizes=\"auto, (max-width: 780px) 100vw, 780px\" \/><\/span><\/p>\n<p><span style=\"color: #000000;\">Presidentja e Kosov\u00ebs, Vjosa Osmani, ka b\u00ebr\u00eb t\u00eb ditur se ka nxjerr\u00eb dekretin p\u00ebr shp\u00ebrndarjen e Kuvendi i Kosov\u00ebs, duke e \u00e7uar vendin drejt zgjedhjeve t\u00eb reja.<\/span><\/p>\n<p><span style=\"color: #000000;\">N\u00eb nj\u00eb konferenc\u00eb p\u00ebr media, Osmani tha se \u00ebsht\u00eb paraqitur para qytetar\u00ebve pasi, sipas saj, p\u00ebrfaq\u00ebsuesit e popullit mbr\u00ebm\u00eb vendos\u00ebn q\u00eb vendi t\u00eb shkoj\u00eb n\u00eb zgjedhje t\u00eb reja.<\/span><\/p>\n<p><span style=\"color: #000000;\"><em>\u201cJam k\u00ebtu para jush sepse p\u00ebrfaq\u00ebsuesit e popullit mbr\u00ebm\u00eb vendos\u00ebn q\u00eb ta d\u00ebrgojn\u00eb vendin n\u00eb zgjedhje t\u00eb reja. Kjo situat\u00eb ka qen\u00eb e evitueshme. \u00cbsht\u00eb fatkeq\u00ebsi e madhe q\u00eb ata nuk zgjodh\u00ebn interesin e Kosov\u00ebs\u201d<\/em>, tha Osmani.<\/span><\/p>\n<p><span style=\"color: #000000;\">Ajo shtoi se, n\u00eb p\u00ebrputhje me kompetencat kushtetuese, ka nxjerr\u00eb dekretin p\u00ebr shp\u00ebrndarjen e Kuvendit.<\/span><\/p>\n<p><span style=\"color: #000000;\">\u201cPrandaj sot, n\u00eb p\u00ebrputhje me kompetencat e mia kushtetuese, kam nxjerr\u00eb dekretin p\u00ebr shp\u00ebrndarjen e Kuvendit\u201d, tha presidentja.<\/span><\/p>\n<p><span style=\"color: #000000;\">Duke folur p\u00ebr d\u00ebshtimin e p\u00ebrpjekjeve p\u00ebr zgjedhjen e presidentit mbr\u00ebmjen e 5 marsit, Osmani tha se kjo nuk ka qen\u00eb nj\u00eb situat\u00eb e rast\u00ebsishme, por sipas saj nj\u00eb kalkulim i menduar politik.<\/span><\/p>\n<p><span style=\"color: #000000;\"><em>\u201cN\u00eb nj\u00eb republik\u00eb kushtetuese ka di\u00e7ka q\u00eb \u00ebsht\u00eb mbi kalkulimet partiake dhe mbi interesat e momentit: Kushtetuta e Republik\u00ebs s\u00eb Kosov\u00ebs. Kushtetuta nuk \u00ebsht\u00eb tekst ceremonial. Ajo \u00ebsht\u00eb kontrata jon\u00eb e p\u00ebrbashk\u00ebt si shtet. \u00cbsht\u00eb kufiri q\u00eb politika nuk mund ta kaloj\u00eb dhe busulla q\u00eb institucionet nuk mund ta humbasin. Mbr\u00ebm\u00eb, p\u00ebrpjekjet p\u00ebr zgjedhjen e nj\u00eb presidenti t\u00eb ri d\u00ebshtuan. Ky d\u00ebshtim nuk ishte as i rast\u00ebsish\u00ebm, as i pamenduar, por p\u00ebrkundrazi shum\u00eb mir\u00eb i kalkuluar dhe i ideuar, p\u00ebr fat t\u00eb keq\u201d<\/em>, shtoi Osmani.<\/span><\/p>\n<p><span style=\"color: #000000;\">Sipas saj, Kushtetuta e p\u00ebrcakton qart\u00eb se afati p\u00ebr zgjedhjen e presidentit ka p\u00ebrfunduar n\u00eb mesnat\u00ebn e s\u00eb enjtes.<\/span><\/p>\n<p><span style=\"color: #000000;\"><em>\u201cProcedura p\u00ebr zgjedhjen e presidentit, edhe pse mund t\u00eb filloj\u00eb deri n\u00eb 60 dit\u00eb para afatit t\u00eb fundit, nuk mund t\u00eb shtyhet m\u00eb tej, por patjet\u00ebr duhet t\u00eb p\u00ebrfundoj\u00eb jo m\u00eb von\u00eb se 30 dit\u00eb para p\u00ebrfundimit t\u00eb mandatit aktual. Afati p\u00ebrfundimtar \u00ebsht\u00eb i qart\u00eb: ka qen\u00eb mbr\u00ebm\u00eb n\u00eb mesnat\u00eb dhe presidenti nuk mund t\u00eb zgjidhet pas k\u00ebtij momenti\u201d<\/em>, tha tutje ajo.<\/span><\/p>\n<p><span style=\"color: #000000;\">Osmani theksoi se deputet\u00ebt kan\u00eb pasur n\u00eb dispozicion 23 dit\u00eb p\u00ebr ta p\u00ebrmbushur k\u00ebt\u00eb obligim kushtetues.<\/span><\/p>\n<p><span style=\"color: #000000;\"><em>\u201cDeputet\u00ebt kan\u00eb pasur n\u00eb dispozicion 23 dit\u00eb p\u00ebr ta kryer k\u00ebt\u00eb detyr\u00eb kushtetuese. Ata vendos\u00ebn t\u00eb mos e b\u00ebjn\u00eb k\u00ebt\u00eb. Fakti q\u00eb Kuvendi ka zgjedhur t\u00eb mos i shfryt\u00ebzoj\u00eb k\u00ebto dit\u00eb, nuk e ndryshon Kushtetut\u00ebn ton\u00eb dhe nuk e zhb\u00ebn detyr\u00ebn time q\u00eb ta shp\u00ebrndaj k\u00ebt\u00eb Kuvend, i cili d\u00ebshtoi\u201d<\/em>,\u00a0deklaroi\u00a0presidentja.<\/span><\/p>\n<p><span style=\"color: #000000;\">Kujtojm\u00eb se mbr\u00ebm\u00eb n\u00eb or\u00ebt e vona \u00ebsht\u00eb mbyllur seanca e jasht\u00ebzakonshme e Kuvendit t\u00eb Kosov\u00ebs e thirrur p\u00ebr zgjedhjen e presidentit t\u00eb vendit, pasi nuk pati kuorum t\u00eb mjaftuesh\u00ebm p\u00ebr zhvillimin e procesit t\u00eb votimit.<\/span><\/p>\n<p><span style=\"color: #000000;\">Kryetarja e Kuvendit, Albulena Haxhiu, sqaroi se n\u00eb raundin e par\u00eb dhe t\u00eb dyt\u00eb t\u00eb votimit duhet t\u00eb marrin pjes\u00eb t\u00eb pakt\u00ebn 80 deputet\u00eb, n\u00eb m\u00ebnyr\u00eb q\u00eb votimi t\u00eb konsiderohet i vlefsh\u00ebm. P\u00ebr shkak t\u00eb munges\u00ebs s\u00eb k\u00ebtij numri deputet\u00ebsh n\u00eb sall\u00eb, seanca u nd\u00ebrpre pa u zhvilluar votimi p\u00ebr zgjedhjen e presidentit.<a href=\"https:\/\/www.rtklive.com\/sq\/news-single.php?ID=719054\"><span style=\"color: #0000ff;\"><strong>\/RTK<\/strong><\/span><\/a><\/span><\/p>\n","protected":false,"gt_translate_keys":[{"key":"rendered","format":"html"}]},"excerpt":{"rendered":"<p>Presidentja e Kosov\u00ebs, Vjosa Osmani, ka b\u00ebr\u00eb t\u00eb ditur se ka nxjerr\u00eb dekretin p\u00ebr shp\u00ebrndarjen e Kuvendi i Kosov\u00ebs, duke e \u00e7uar vendin drejt zgjedhjeve t\u00eb reja. N\u00eb nj\u00eb konferenc\u00eb p\u00ebr media, Osmani tha se \u00ebsht\u00eb paraqitur para qytetar\u00ebve pasi, sipas saj, p\u00ebrfaq\u00ebsuesit e popullit mbr\u00ebm\u00eb vendos\u00ebn q\u00eb vendi t\u00eb shkoj\u00eb n\u00eb zgjedhje t\u00eb reja. [&hellip;]<\/p>\n","protected":false,"gt_translate_keys":[{"key":"rendered","format":"html"}]},"author":49,"featured_media":789615,"comment_status":"closed","ping_status":"open","sticky":false,"template":"","format":"standard","meta":{"footnotes":""},"categories":[149],"tags":[],"class_list":["post-789614","post","type-post","status-publish","format-standard","has-post-thumbnail","hentry","category-kosoverajon"],"gt_translate_keys":[{"key":"link","format":"url"}],"_links":{"self":[{"href":"https:\/\/www.hashtag.al\/index.php\/wp-json\/wp\/v2\/posts\/789614","targetHints":{"allow":["GET"]}}],"collection":[{"href":"https:\/\/www.hashtag.al\/index.php\/wp-json\/wp\/v2\/posts"}],"about":[{"href":"https:\/\/www.hashtag.al\/index.php\/wp-json\/wp\/v2\/types\/post"}],"author":[{"embeddable":true,"href":"https:\/\/www.hashtag.al\/index.php\/wp-json\/wp\/v2\/users\/49"}],"replies":[{"embeddable":true,"href":"https:\/\/www.hashtag.al\/index.php\/wp-json\/wp\/v2\/comments?post=789614"}],"version-history":[{"count":99999,"href":"https:\/\/www.hashtag.al\/index.php\/wp-json\/wp\/v2\/posts\/789614\/revisions"}],"predecessor-version":[{"id":789616,"href":"https:\/\/www.hashtag.al\/index.php\/wp-json\/wp\/v2\/posts\/789614\/revisions\/789616"}],"wp:featuredmedia":[{"embeddable":true,"href":"https:\/\/www.hashtag.al\/index.php\/wp-json\/wp\/v2\/media\/789615"}],"wp:attachment":[{"href":"https:\/\/www.hashtag.al\/index.php\/wp-json\/wp\/v2\/media?parent=789614"}],"wp:term":[{"taxonomy":"category","embeddable":true,"href":"https:\/\/www.hashtag.al\/index.php\/wp-json\/wp\/v2\/categories?post=789614"},{"taxonomy":"post_tag","embeddable":true,"href":"https:\/\/www.hashtag.al\/index.php\/wp-json\/wp\/v2\/tags?post=789614"}],"curies":[{"name":"wp","href":"https:\/\/api.w.org\/{rel}","templated":true}]}}