{"id":788719,"date":"2026-03-01T08:13:21","date_gmt":"2026-03-01T07:13:21","guid":{"rendered":"https:\/\/www.hashtag.al\/?p=788719"},"modified":"2026-03-01T08:13:21","modified_gmt":"2026-03-01T07:13:21","slug":"berisha-vrasja-e-khameneit-lajm-i-mire-per-popullin-iranian-dhe-boten-e-lire","status":"publish","type":"post","link":"https:\/\/www.hashtag.al\/index.php\/2026\/03\/01\/berisha-vrasja-e-khameneit-lajm-i-mire-per-popullin-iranian-dhe-boten-e-lire\/","title":{"rendered":"Berisha: Vrasja e Khameneit, lajm i mir\u00eb p\u00ebr popullin iranian dhe bot\u00ebn e lir\u00eb","gt_translate_keys":[{"key":"rendered","format":"text"}]},"content":{"rendered":"<p data-start=\"85\" data-end=\"351\"><span style=\"color: #000000;\"><a href=\"https:\/\/www.hashtag.al\/index.php\/2026\/02\/28\/do-ta-kallim-berisha-per-protesten-e-sotme-kryengritja-jone-paqesore-do-te-njohe-dimensione-te-reja\/sali-berisha-1-7\/\" rel=\"attachment wp-att-788596\"><img loading=\"lazy\" decoding=\"async\" class=\"size-full wp-image-788596 aligncenter\" src=\"https:\/\/www.hashtag.al\/wp-content\/uploads\/2026\/02\/SALI-BERISHA-1.jpeg\" alt=\"\" width=\"1280\" height=\"853\" srcset=\"https:\/\/www.hashtag.al\/wp-content\/uploads\/2026\/02\/SALI-BERISHA-1.jpeg 1280w, https:\/\/www.hashtag.al\/wp-content\/uploads\/2026\/02\/SALI-BERISHA-1-300x200.jpeg 300w, https:\/\/www.hashtag.al\/wp-content\/uploads\/2026\/02\/SALI-BERISHA-1-1024x682.jpeg 1024w, https:\/\/www.hashtag.al\/wp-content\/uploads\/2026\/02\/SALI-BERISHA-1-768x512.jpeg 768w\" sizes=\"auto, (max-width: 1280px) 100vw, 1280px\" \/><\/a><br \/>\nKryetari i <span class=\"hover:entity-accent entity-underline inline cursor-pointer align-baseline\"><span class=\"whitespace-normal\">Partis\u00eb Demokratike<\/span><\/span>, <span class=\"hover:entity-accent entity-underline inline cursor-pointer align-baseline\"><span class=\"whitespace-normal\">Sali Berisha<\/span><\/span>, ka reaguar n\u00eb rrjetet sociale pas raportimeve p\u00ebr vrasjen e liderit suprem t\u00eb Iranit, <span class=\"hover:entity-accent entity-underline inline cursor-pointer align-baseline\"><span class=\"whitespace-normal\">Ayatollah Ali Khamenei<\/span><\/span>, nga nj\u00eb bombardim i aviacionit amerikano-izraelit.<\/span><\/p>\n<p data-start=\"353\" data-end=\"521\"><span style=\"color: #000000;\">N\u00eb deklarat\u00ebn e publikuar nga Partia Demokratike, kjo ngjarje cil\u00ebsohet si nj\u00eb lajm i mir\u00eb jo vet\u00ebm p\u00ebr popullin iranian, por edhe p\u00ebr njer\u00ebzit e lir\u00eb n\u00eb mbar\u00eb bot\u00ebn.<\/span><\/p>\n<p data-start=\"523\" data-end=\"724\"><span style=\"color: #000000;\">Sipas deklarat\u00ebs, pas eliminimit t\u00eb Khameneit dhe dhjet\u00ebra zyrtar\u00ebve t\u00eb tjer\u00eb t\u00eb regjimit teokratik, shpresohet q\u00eb populli iranian t\u00eb mund t\u00eb fitoj\u00eb lirin\u00eb q\u00eb, sipas PD-s\u00eb, i \u00ebsht\u00eb mohuar p\u00ebr dekada.<\/span><\/p>\n<p data-start=\"726\" data-end=\"750\"><span style=\"color: #000000;\"><strong data-start=\"726\" data-end=\"748\">Deklarata e plot\u00eb:<\/strong><\/span><\/p>\n<p data-start=\"752\" data-end=\"1025\"><span style=\"color: #000000;\">\u201cLajmet tashm\u00eb nga shum\u00eb burime konfirmojn\u00eb vrasjen e diktatorit mizor t\u00eb Teheranit, Ayatollah Khamenei, nga bombardimi i bunkerit t\u00eb tij nga aviacioni Amerikano-Izraelit. Ky \u00ebsht\u00eb nj\u00eb lajm i mir\u00eb jo vet\u00ebm p\u00ebr kombin iranian, por p\u00ebr mbar\u00eb njer\u00ebzit e lir\u00eb n\u00eb mbar\u00eb bot\u00ebn.<\/span><\/p>\n<p data-start=\"1027\" data-end=\"1209\" data-is-last-node=\"\" data-is-only-node=\"\"><span style=\"color: #000000;\">Urojm\u00eb q\u00eb pas vrasjes s\u00eb tij dhe eliminimit t\u00eb dhjet\u00ebra zyrtar\u00ebve t\u00eb tjer\u00eb t\u00eb regjimit teokratik t\u00eb Ayatollah\u00ebve, populli iranian t\u00eb fitoj\u00eb lirin\u00eb e mohuar p\u00ebr dekada nga ky regjim.\u201d<\/span><\/p>\n","protected":false,"gt_translate_keys":[{"key":"rendered","format":"html"}]},"excerpt":{"rendered":"<p>Kryetari i Partis\u00eb Demokratike, Sali Berisha, ka reaguar n\u00eb rrjetet sociale pas raportimeve p\u00ebr vrasjen e liderit suprem t\u00eb Iranit, Ayatollah Ali Khamenei, nga nj\u00eb bombardim i aviacionit amerikano-izraelit. N\u00eb deklarat\u00ebn e publikuar nga Partia Demokratike, kjo ngjarje cil\u00ebsohet si nj\u00eb lajm i mir\u00eb jo vet\u00ebm p\u00ebr popullin iranian, por edhe p\u00ebr njer\u00ebzit e lir\u00eb [&hellip;]<\/p>\n","protected":false,"gt_translate_keys":[{"key":"rendered","format":"html"}]},"author":32,"featured_media":788596,"comment_status":"closed","ping_status":"open","sticky":false,"template":"","format":"standard","meta":{"footnotes":""},"categories":[65],"tags":[],"class_list":["post-788719","post","type-post","status-publish","format-standard","has-post-thumbnail","hentry","category-lajme"],"gt_translate_keys":[{"key":"link","format":"url"}],"_links":{"self":[{"href":"https:\/\/www.hashtag.al\/index.php\/wp-json\/wp\/v2\/posts\/788719","targetHints":{"allow":["GET"]}}],"collection":[{"href":"https:\/\/www.hashtag.al\/index.php\/wp-json\/wp\/v2\/posts"}],"about":[{"href":"https:\/\/www.hashtag.al\/index.php\/wp-json\/wp\/v2\/types\/post"}],"author":[{"embeddable":true,"href":"https:\/\/www.hashtag.al\/index.php\/wp-json\/wp\/v2\/users\/32"}],"replies":[{"embeddable":true,"href":"https:\/\/www.hashtag.al\/index.php\/wp-json\/wp\/v2\/comments?post=788719"}],"version-history":[{"count":99999,"href":"https:\/\/www.hashtag.al\/index.php\/wp-json\/wp\/v2\/posts\/788719\/revisions"}],"predecessor-version":[{"id":788720,"href":"https:\/\/www.hashtag.al\/index.php\/wp-json\/wp\/v2\/posts\/788719\/revisions\/788720"}],"wp:featuredmedia":[{"embeddable":true,"href":"https:\/\/www.hashtag.al\/index.php\/wp-json\/wp\/v2\/media\/788596"}],"wp:attachment":[{"href":"https:\/\/www.hashtag.al\/index.php\/wp-json\/wp\/v2\/media?parent=788719"}],"wp:term":[{"taxonomy":"category","embeddable":true,"href":"https:\/\/www.hashtag.al\/index.php\/wp-json\/wp\/v2\/categories?post=788719"},{"taxonomy":"post_tag","embeddable":true,"href":"https:\/\/www.hashtag.al\/index.php\/wp-json\/wp\/v2\/tags?post=788719"}],"curies":[{"name":"wp","href":"https:\/\/api.w.org\/{rel}","templated":true}]}}