{"id":788403,"date":"2026-02-27T07:56:41","date_gmt":"2026-02-27T06:56:41","guid":{"rendered":"https:\/\/www.hashtag.al\/?p=788403"},"modified":"2026-02-27T07:57:17","modified_gmt":"2026-02-27T06:57:17","slug":"hillary-clinton-deshmon-per-ceshtjen-jeffrey-epstein-kerkon-qe-te-deshmoje-edhe-donald-trump","status":"publish","type":"post","link":"https:\/\/www.hashtag.al\/index.php\/2026\/02\/27\/hillary-clinton-deshmon-per-ceshtjen-jeffrey-epstein-kerkon-qe-te-deshmoje-edhe-donald-trump\/","title":{"rendered":"Hillary Clinton d\u00ebshmon p\u00ebr \u00e7\u00ebshtjen Jeffrey Epstein, k\u00ebrkon q\u00eb t\u00eb d\u00ebshmoj\u00eb edhe Donald Trump","gt_translate_keys":[{"key":"rendered","format":"text"}]},"content":{"rendered":"<p data-start=\"196\" data-end=\"463\"><span style=\"color: #000000;\"><a href=\"https:\/\/www.hashtag.al\/index.php\/2018\/11\/13\/hillary-clinton-do-garoje-serish-per-presidente\/clinton-3-2\/\" rel=\"attachment wp-att-249665\"><img loading=\"lazy\" decoding=\"async\" class=\"size-full wp-image-249665 aligncenter\" src=\"https:\/\/www.hashtag.al\/wp-content\/uploads\/2018\/11\/clinton-3.jpg\" alt=\"\" width=\"885\" height=\"516\" srcset=\"https:\/\/www.hashtag.al\/wp-content\/uploads\/2018\/11\/clinton-3.jpg 885w, https:\/\/www.hashtag.al\/wp-content\/uploads\/2018\/11\/clinton-3-300x175.jpg 300w, https:\/\/www.hashtag.al\/wp-content\/uploads\/2018\/11\/clinton-3-768x448.jpg 768w\" sizes=\"auto, (max-width: 885px) 100vw, 885px\" \/><\/a><br \/>\nIsh-Sekretarja amerikane e Shtetit, Hillary Clinton, u paraqit t\u00eb enjten p\u00ebr nj\u00eb d\u00ebshmi me dyer t\u00eb mbyllura p\u00ebrpara nj\u00eb paneli t\u00eb kontrolluar nga republikan\u00ebt n\u00eb Dhom\u00ebn e P\u00ebrfaq\u00ebsuesve, q\u00eb po heton lidhjet dhe trajtimin institucional t\u00eb \u00e7\u00ebshtjes s\u00eb Jeffrey Epstein, p\u00ebrcjell <span style=\"color: #0000ff;\"><a style=\"color: #0000ff;\" href=\"https:\/\/www.euronews.com\/2026\/02\/27\/hillary-clinton-tells-panel-she-had-no-knowledge-of-epstein-crimes-and-calls-on-trump-to-t\">Euronews<\/a><\/span>.<\/span><\/p>\n<p data-start=\"465\" data-end=\"742\"><span style=\"color: #000000;\">Depozitimi, q\u00eb u zhvillua n\u00eb Chappaqua, zgjati mbi gjasht\u00eb or\u00eb. N\u00eb nj\u00eb deklarat\u00eb hyr\u00ebse t\u00eb publikuar prej saj n\u00eb rrjetet sociale, Clinton tha se nuk kishte asnj\u00eb dijeni p\u00ebr aktivitetet kriminale t\u00eb Epstein apo t\u00eb bashk\u00ebpun\u00ebtores s\u00eb tij, <span class=\"hover:entity-accent entity-underline inline cursor-pointer align-baseline\"><span class=\"whitespace-normal\">Ghislaine Maxwell<\/span><\/span>.<\/span><\/p>\n<p data-start=\"746\" data-end=\"870\"><span style=\"color: #000000;\">\u201cNuk kisha asnj\u00eb ide p\u00ebr aktivitetet e tyre kriminale. Nuk mbaj mend t\u00eb kem hasur ndonj\u00ebher\u00eb zotin Epstein,\u201d deklaroi ajo.<\/span><\/p>\n<p data-start=\"872\" data-end=\"1260\"><span style=\"color: #000000;\">Pas p\u00ebrfundimit t\u00eb seanc\u00ebs, Clinton u shpreh gjithashtu e bindur se bashk\u00ebshorti i saj, ish-presidenti <span class=\"hover:entity-accent entity-underline inline cursor-pointer align-baseline\"><span class=\"whitespace-normal\">Bill Clinton<\/span><\/span>, nuk kishte dijeni p\u00ebr krimet e Epstein. Ajo mohoi \u00e7do vizit\u00eb n\u00eb ishullin privat, rezidencat apo zyrat e financierit t\u00eb d\u00ebnuar, duke akuzuar panelin se po p\u00ebrpiqej t\u00eb \u201cmbronte nj\u00eb zyrtar publik\u201d, duke iu referuar presidentit aktual Donald Trump.<\/span><\/p>\n<p data-start=\"1262\" data-end=\"1574\"><span style=\"color: #000000;\">Seanca u nd\u00ebrpre p\u00ebrkoh\u00ebsisht pasi nj\u00eb fotografi nga brenda sall\u00ebs s\u00eb d\u00ebshmis\u00eb u publikua online, \u00e7ka u konsiderua shkelje e marr\u00ebveshjes p\u00ebr zhvillimin e saj me dyer t\u00eb mbyllura. Clinton e cil\u00ebsoi incidentin si shqet\u00ebsues, duke theksuar se rregullat ishin vendosur paraprakisht mbi baz\u00ebn e konfidencialitetit.<\/span><\/p>\n<p data-start=\"1576\" data-end=\"1864\"><span style=\"color: #000000;\">Hetimi drejtohet nga Komiteti i Mbik\u00ebqyrjes n\u00eb Dhom\u00ebn e P\u00ebrfaq\u00ebsuesve, i kryesuar nga republikani <span class=\"hover:entity-accent entity-underline inline cursor-pointer align-baseline\"><span class=\"whitespace-normal\">James Comer<\/span><\/span>. Ai deklaroi pas d\u00ebshmis\u00eb s\u00eb Hillary Clinton se komiteti kishte ende shum\u00eb pyetje, ve\u00e7an\u00ebrisht p\u00ebr Bill Clinton, i cili pritet t\u00eb d\u00ebshmoj\u00eb t\u00eb premten.<\/span><\/p>\n<p data-start=\"1866\" data-end=\"2230\"><span style=\"color: #000000;\">Nd\u00ebrkoh\u00eb, demokrati kryesor n\u00eb panel, <span class=\"hover:entity-accent entity-underline inline cursor-pointer align-baseline\"><span class=\"whitespace-normal\">Robert Garcia<\/span><\/span>, i b\u00ebri thirrje q\u00eb edhe Presidenti Trump t\u00eb paraqitet p\u00ebrpara komitetit, duke argumentuar se precedent i vendosur me d\u00ebshmin\u00eb e nj\u00eb ish-presidenti duhet t\u00eb vlej\u00eb p\u00ebr t\u00eb gjith\u00eb. Megjithat\u00eb, Comer ka deklaruar m\u00eb her\u00ebt se komiteti nuk mund ta detyroj\u00eb nj\u00eb president n\u00eb detyr\u00eb t\u00eb d\u00ebshmoj\u00eb.<\/span><\/p>\n<p data-start=\"2232\" data-end=\"2621\"><span style=\"color: #000000;\">\u00c7\u00ebshtja ka marr\u00eb p\u00ebrmasa t\u00eb reja pas publikimit t\u00eb dokumenteve qeveritare t\u00eb lidhura me Epstein, ku p\u00ebrmenden si Trump ashtu edhe Bill Clinton. T\u00eb dy kan\u00eb deklaruar se kishin nd\u00ebrprer\u00eb lidhjet me Epstein para d\u00ebnimit t\u00eb tij n\u00eb vitin 2008 n\u00eb Florida, ku ai u shpall fajtor p\u00ebr akuza shtet\u00ebrore q\u00eb lidhen me shfryt\u00ebzim seksual t\u00eb nj\u00eb t\u00eb miture, duke shmangur ndjekjen federale n\u00eb at\u00eb koh\u00eb.<\/span><\/p>\n","protected":false,"gt_translate_keys":[{"key":"rendered","format":"html"}]},"excerpt":{"rendered":"<p>Ish-Sekretarja amerikane e Shtetit, Hillary Clinton, u paraqit t\u00eb enjten p\u00ebr nj\u00eb d\u00ebshmi me dyer t\u00eb mbyllura p\u00ebrpara nj\u00eb paneli t\u00eb kontrolluar nga republikan\u00ebt n\u00eb Dhom\u00ebn e P\u00ebrfaq\u00ebsuesve, q\u00eb po heton lidhjet dhe trajtimin institucional t\u00eb \u00e7\u00ebshtjes s\u00eb Jeffrey Epstein, p\u00ebrcjell Euronews. Depozitimi, q\u00eb u zhvillua n\u00eb Chappaqua, zgjati mbi gjasht\u00eb or\u00eb. N\u00eb nj\u00eb deklarat\u00eb [&hellip;]<\/p>\n","protected":false,"gt_translate_keys":[{"key":"rendered","format":"html"}]},"author":32,"featured_media":249665,"comment_status":"closed","ping_status":"open","sticky":false,"template":"","format":"standard","meta":{"footnotes":""},"categories":[53],"tags":[],"class_list":["post-788403","post","type-post","status-publish","format-standard","has-post-thumbnail","hentry","category-fast-foodi"],"gt_translate_keys":[{"key":"link","format":"url"}],"_links":{"self":[{"href":"https:\/\/www.hashtag.al\/index.php\/wp-json\/wp\/v2\/posts\/788403","targetHints":{"allow":["GET"]}}],"collection":[{"href":"https:\/\/www.hashtag.al\/index.php\/wp-json\/wp\/v2\/posts"}],"about":[{"href":"https:\/\/www.hashtag.al\/index.php\/wp-json\/wp\/v2\/types\/post"}],"author":[{"embeddable":true,"href":"https:\/\/www.hashtag.al\/index.php\/wp-json\/wp\/v2\/users\/32"}],"replies":[{"embeddable":true,"href":"https:\/\/www.hashtag.al\/index.php\/wp-json\/wp\/v2\/comments?post=788403"}],"version-history":[{"count":99999,"href":"https:\/\/www.hashtag.al\/index.php\/wp-json\/wp\/v2\/posts\/788403\/revisions"}],"predecessor-version":[{"id":788404,"href":"https:\/\/www.hashtag.al\/index.php\/wp-json\/wp\/v2\/posts\/788403\/revisions\/788404"}],"wp:featuredmedia":[{"embeddable":true,"href":"https:\/\/www.hashtag.al\/index.php\/wp-json\/wp\/v2\/media\/249665"}],"wp:attachment":[{"href":"https:\/\/www.hashtag.al\/index.php\/wp-json\/wp\/v2\/media?parent=788403"}],"wp:term":[{"taxonomy":"category","embeddable":true,"href":"https:\/\/www.hashtag.al\/index.php\/wp-json\/wp\/v2\/categories?post=788403"},{"taxonomy":"post_tag","embeddable":true,"href":"https:\/\/www.hashtag.al\/index.php\/wp-json\/wp\/v2\/tags?post=788403"}],"curies":[{"name":"wp","href":"https:\/\/api.w.org\/{rel}","templated":true}]}}