{"id":788401,"date":"2026-02-27T07:29:54","date_gmt":"2026-02-27T06:29:54","guid":{"rendered":"https:\/\/www.hashtag.al\/?p=788401"},"modified":"2026-02-27T07:29:54","modified_gmt":"2026-02-27T06:29:54","slug":"shehaj-balluku-vijon-te-qendroje-ne-pushtet-permes-zareve-te-saj","status":"publish","type":"post","link":"https:\/\/www.hashtag.al\/index.php\/2026\/02\/27\/shehaj-balluku-vijon-te-qendroje-ne-pushtet-permes-zareve-te-saj\/","title":{"rendered":"Shehaj: Balluku vijon t\u00eb q\u00ebndroj\u00eb n\u00eb pushtet p\u00ebrmes \u201czar\u00ebve\u201d t\u00eb saj","gt_translate_keys":[{"key":"rendered","format":"text"}]},"content":{"rendered":"<p data-start=\"74\" data-end=\"343\"><span style=\"color: #000000;\"><a href=\"https:\/\/www.hashtag.al\/index.php\/2025\/10\/17\/prishja-e-ndertimeve-e-koncesionit-thumane-kashar-shehaj-therret-ne-interepelance-ramen-e-ballukun\/ramashehajballuku\/\" rel=\"attachment wp-att-766313\"><img loading=\"lazy\" decoding=\"async\" class=\"size-full wp-image-766313 aligncenter\" src=\"https:\/\/www.hashtag.al\/wp-content\/uploads\/2025\/10\/ramashehajballuku.jpg\" alt=\"\" width=\"2000\" height=\"1175\" srcset=\"https:\/\/www.hashtag.al\/wp-content\/uploads\/2025\/10\/ramashehajballuku.jpg 2000w, https:\/\/www.hashtag.al\/wp-content\/uploads\/2025\/10\/ramashehajballuku-300x176.jpg 300w, https:\/\/www.hashtag.al\/wp-content\/uploads\/2025\/10\/ramashehajballuku-1024x602.jpg 1024w, https:\/\/www.hashtag.al\/wp-content\/uploads\/2025\/10\/ramashehajballuku-768x451.jpg 768w, https:\/\/www.hashtag.al\/wp-content\/uploads\/2025\/10\/ramashehajballuku-1536x902.jpg 1536w\" sizes=\"auto, (max-width: 2000px) 100vw, 2000px\" \/><\/a><br \/>\nKryetari i <span class=\"hover:entity-accent entity-underline inline cursor-pointer align-baseline\"><span class=\"whitespace-normal\">Partias\u00eb Mund\u00ebsia<\/span><\/span>, <span class=\"hover:entity-accent entity-underline inline cursor-pointer align-baseline\"><span class=\"whitespace-normal\">Agron Shehaj<\/span><\/span>, ka reaguar pas ndryshimeve t\u00eb fundit n\u00eb qeveri, duke deklaruar se largimi i <span class=\"hover:entity-accent entity-underline inline cursor-pointer align-baseline\"><span class=\"whitespace-normal\">Belinda Ballukut<\/span><\/span> \u00ebsht\u00eb vet\u00ebm formal dhe se ajo vijon t\u00eb ket\u00eb ndikim n\u00eb ekzekutiv.<\/span><\/p>\n<p data-start=\"345\" data-end=\"612\"><span style=\"color: #000000;\">P\u00ebrmes nj\u00eb postimi n\u00eb rrjetet sociale, Shehaj u shpreh se dy ministrat e rinj t\u00eb em\u00ebruar, <span class=\"hover:entity-accent entity-underline inline cursor-pointer align-baseline\"><span class=\"whitespace-normal\">Enea Karak\u00e7i<\/span><\/span> dhe <span class=\"hover:entity-accent entity-underline inline cursor-pointer align-baseline\"><span class=\"whitespace-normal\">Ermal Nufi<\/span><\/span>, jan\u00eb persona t\u00eb af\u00ebrt me Ballukun dhe, sipas tij, t\u00eb vendosur n\u00eb k\u00ebto poste me ndikimin e saj.<\/span><\/p>\n<p data-start=\"616\" data-end=\"797\"><span style=\"color: #000000;\">\u201cRama heq Ballukun sa p\u00ebr sy e faqe. N\u00eb fakt ajo vazhdon t\u00eb q\u00ebndroj\u00eb n\u00eb pushtet me drejtor\u00ebt e saj n\u00eb hetim nga SPAK-u!\u201d, ka shkruar Shehaj krahas videos s\u00eb publikuar n\u00eb Facebook.<\/span><\/p>\n<p data-start=\"799\" data-end=\"1134\"><span style=\"color: #000000;\">Ai shtoi se Karak\u00e7i, i cili m\u00eb her\u00ebt ka mbajtur postin e drejtorit t\u00eb OSHEE-s\u00eb, \u00ebsht\u00eb n\u00ebn hetim nga <span class=\"hover:entity-accent entity-underline inline cursor-pointer align-baseline\"><span class=\"whitespace-normal\">SPAK<\/span><\/span>, por kjo, sipas tij, nuk e pengoi em\u00ebrimin e tij n\u00eb krye t\u00eb Ministris\u00eb s\u00eb Infrastruktur\u00ebs dhe Energjitik\u00ebs. Nd\u00ebrsa Nufi, i cili ka qen\u00eb drejtor kabineti i Ballukut, u em\u00ebrua minist\u00ebr i Mbrojtjes.<\/span><\/p>\n<p data-start=\"1138\" data-end=\"1711\"><span style=\"color: #000000;\">\u201cM\u00eb n\u00eb fund Rama dor\u00ebzohet dhe l\u00ebshon Belinda Ballukun. E heq at\u00eb nga Qeveria, kur n\u00eb fakt Balluku nuk ishte m\u00eb n\u00eb qeverisje, pasi ishte pezulluar nga Gjykata Kushtetuese. Por ajo q\u00eb \u00ebsht\u00eb m\u00eb e r\u00ebnd\u00ebsishme \u00ebsht\u00eb se Balluku nuk \u00ebsht\u00eb larguar totalisht nga Qeveria, pasi n\u00eb Qeveri ka futur zarat e saj. Nj\u00eb prej tyre \u00ebsht\u00eb Enea Karaka\u00e7i, i cili em\u00ebrohet minist\u00ebr i Infrastruktur\u00ebs (\u2026) Por ajo q\u00eb \u00ebsht\u00eb m\u00eb e r\u00ebnd\u00ebsishme \u00ebsht\u00eb se ishte n\u00eb hetim nga SPAK. (\u2026) Nj\u00eb zar tjet\u00ebr i Ballukut \u00ebsht\u00eb Ermal Nufi (\u2026) Praktikisht Balluku vazhdon t\u00eb q\u00ebndroj\u00eb n\u00eb pushtet\u201d, u shpreh Shehaj.<\/span><\/p>\n<p data-start=\"1713\" data-end=\"1894\" data-is-last-node=\"\" data-is-only-node=\"\"><span style=\"color: #000000;\">Deklaratat e tij vijn\u00eb n\u00eb nj\u00eb klim\u00eb debatesh politike lidhur me riformatimin e kabinetit qeveritar dhe rolin e figurave t\u00eb af\u00ebrta me ish-ministren n\u00eb strukturat aktuale t\u00eb qeveris\u00eb.<\/span><\/p>\n","protected":false,"gt_translate_keys":[{"key":"rendered","format":"html"}]},"excerpt":{"rendered":"<p>Kryetari i Partias\u00eb Mund\u00ebsia, Agron Shehaj, ka reaguar pas ndryshimeve t\u00eb fundit n\u00eb qeveri, duke deklaruar se largimi i Belinda Ballukut \u00ebsht\u00eb vet\u00ebm formal dhe se ajo vijon t\u00eb ket\u00eb ndikim n\u00eb ekzekutiv. P\u00ebrmes nj\u00eb postimi n\u00eb rrjetet sociale, Shehaj u shpreh se dy ministrat e rinj t\u00eb em\u00ebruar, Enea Karak\u00e7i dhe Ermal Nufi, jan\u00eb [&hellip;]<\/p>\n","protected":false,"gt_translate_keys":[{"key":"rendered","format":"html"}]},"author":32,"featured_media":766313,"comment_status":"closed","ping_status":"open","sticky":false,"template":"","format":"standard","meta":{"footnotes":""},"categories":[65],"tags":[],"class_list":["post-788401","post","type-post","status-publish","format-standard","has-post-thumbnail","hentry","category-lajme"],"gt_translate_keys":[{"key":"link","format":"url"}],"_links":{"self":[{"href":"https:\/\/www.hashtag.al\/index.php\/wp-json\/wp\/v2\/posts\/788401","targetHints":{"allow":["GET"]}}],"collection":[{"href":"https:\/\/www.hashtag.al\/index.php\/wp-json\/wp\/v2\/posts"}],"about":[{"href":"https:\/\/www.hashtag.al\/index.php\/wp-json\/wp\/v2\/types\/post"}],"author":[{"embeddable":true,"href":"https:\/\/www.hashtag.al\/index.php\/wp-json\/wp\/v2\/users\/32"}],"replies":[{"embeddable":true,"href":"https:\/\/www.hashtag.al\/index.php\/wp-json\/wp\/v2\/comments?post=788401"}],"version-history":[{"count":99999,"href":"https:\/\/www.hashtag.al\/index.php\/wp-json\/wp\/v2\/posts\/788401\/revisions"}],"predecessor-version":[{"id":788402,"href":"https:\/\/www.hashtag.al\/index.php\/wp-json\/wp\/v2\/posts\/788401\/revisions\/788402"}],"wp:featuredmedia":[{"embeddable":true,"href":"https:\/\/www.hashtag.al\/index.php\/wp-json\/wp\/v2\/media\/766313"}],"wp:attachment":[{"href":"https:\/\/www.hashtag.al\/index.php\/wp-json\/wp\/v2\/media?parent=788401"}],"wp:term":[{"taxonomy":"category","embeddable":true,"href":"https:\/\/www.hashtag.al\/index.php\/wp-json\/wp\/v2\/categories?post=788401"},{"taxonomy":"post_tag","embeddable":true,"href":"https:\/\/www.hashtag.al\/index.php\/wp-json\/wp\/v2\/tags?post=788401"}],"curies":[{"name":"wp","href":"https:\/\/api.w.org\/{rel}","templated":true}]}}