{"id":788316,"date":"2026-02-26T18:57:21","date_gmt":"2026-02-26T17:57:21","guid":{"rendered":"https:\/\/www.hashtag.al\/?p=788316"},"modified":"2026-02-26T18:57:21","modified_gmt":"2026-02-26T17:57:21","slug":"blushi-te-shkermoqim-regjimin-e-rames-njesoj-si-asfalti-qe-na-la-trashegim","status":"publish","type":"post","link":"https:\/\/www.hashtag.al\/index.php\/2026\/02\/26\/blushi-te-shkermoqim-regjimin-e-rames-njesoj-si-asfalti-qe-na-la-trashegim\/","title":{"rendered":"Blushi: T\u00eb shk\u00ebrmoqim regjimin e Ram\u00ebs nj\u00ebsoj si asfalti q\u00eb na la trash\u00ebgim","gt_translate_keys":[{"key":"rendered","format":"text"}]},"content":{"rendered":"<p><span style=\"color: #000000;\"><a href=\"https:\/\/www.hashtag.al\/index.php\/2026\/01\/24\/blushi-u-bejme-thirrje-te-rinjve-dhe-cdo-shqiptari-ti-bashkohet-sot-uraganit-te-lirise\/blushi-731x450\/\" rel=\"attachment wp-att-782928\"><img loading=\"lazy\" decoding=\"async\" class=\"alignnone size-full wp-image-782928\" src=\"https:\/\/www.hashtag.al\/wp-content\/uploads\/2026\/01\/BLUSHI-731x450-1.jpg\" alt=\"\" width=\"731\" height=\"450\" srcset=\"https:\/\/www.hashtag.al\/wp-content\/uploads\/2026\/01\/BLUSHI-731x450-1.jpg 731w, https:\/\/www.hashtag.al\/wp-content\/uploads\/2026\/01\/BLUSHI-731x450-1-300x185.jpg 300w\" sizes=\"auto, (max-width: 731px) 100vw, 731px\" \/><\/a><\/span><\/p>\n<p><span style=\"color: #000000;\">Sekretari i P\u00ebrgjithsh\u00ebm i Partis\u00eb s\u00eb Liris\u00eb, Tedi Blushi, ka reaguar n\u00ebp\u00ebrmjet rrjeteve sociale p\u00ebr situat\u00ebn e rrug\u00ebs Librazhd-Prrenjas.<\/span><\/p>\n<p><span style=\"color: #000000;\">Duke ironizuar fjalimin e Ram\u00ebs n\u00eb mbledhjen e grupit t\u00eb PS p\u00ebr raportin lidhur me rastin Balluku, t\u00eb cilin e quan \u201cmarr\u00ebzi\u201d, Blushi shkruan se ky \u00ebsht\u00eb fokusi i kryeministrit n\u00eb vend t\u00eb izolimit t\u00eb juglindjes s\u00eb vendit.<\/span><\/p>\n<p><span style=\"color: #000000;\">Sipas tij, rrug\u00ebdalja e vetme p\u00ebr t\u00eb shp\u00ebtuar \u00ebsht\u00eb shkat\u00ebrrimi i regjimit.<\/span><\/p>\n<p><span style=\"color: #000000;\">Blushi e ka shoq\u00ebruar shkrimin e tij me pamje nga situata aktuale n\u00eb vend dhe nga udh\u00ebtimi i kryeministrit me helikopterin e Forcave t\u00eb Armatosura drejt Kor\u00e7\u00ebs e Vlor\u00ebs.<\/span><\/p>\n<p><span style=\"color: #000000;\"><em>\u201cHalli i Edi Ram\u00ebs dhe i Belinda Ballukut nuk \u00ebsht\u00eb halli i shqiptar\u00ebve. Halli i v\u00ebrtet\u00eb i shqiptar\u00ebve \u00ebsht\u00eb se nj\u00eb e treta e vendit vijon t\u00eb jet\u00eb e bllokuar prej gjasht\u00eb dit\u00ebsh. Teksa juglindja mbetet e izoluar, Edi Rama shfaqet n\u00eb ekran p\u00ebr minuta t\u00eb t\u00ebra duke bro\u00e7kullisur marr\u00ebzira dhe duke u shqet\u00ebsuar publikisht q\u00eb Belinda t\u00eb mos arrestohet. N\u00eb vend t\u00eb p\u00ebrqendroj\u00eb \u00e7do sekond\u00eb p\u00ebr t\u00eb zgjidhur hallin jetik t\u00eb 1\/3 s\u00eb Shqip\u00ebris\u00eb, q\u00eb ende nuk e di kur do hapet rruga, Edi Rama zgjedh, p\u00ebr minuta t\u00eb t\u00ebra, t\u00eb nd\u00ebrtoj\u00eb alibin\u00eb p\u00ebr t\u2019i zgjidhur hallin vetes dhe Belind\u00ebs. Nd\u00ebrsa autoambulancat me t\u00eb s\u00ebmur\u00eb, nga Kor\u00e7a drejt Tiran\u00ebs, l\u00ebvizin n\u00ebp\u00ebr shtigje t\u00eb thepisura dhe qytetar\u00ebt po paguajn\u00eb m\u00eb shtrenjt\u00eb biletat, Edi Rama pas fluturimit me helikopter, zgjodhi sot t\u00eb fluturoj\u00eb me presh. E vetmja rrug\u00eb, m\u00eb e shkurt\u00ebr, m\u00eb e shpejt\u00eb dhe m\u00eb e sigurt p\u00ebr t\u00eb shp\u00ebtuar nga kjo e keqe \u00ebsht\u00eb shembja dhe b\u00ebrja cop\u00eb e th\u00ebrrime t\u00eb k\u00ebtij regjimi, nj\u00ebsoj si asfalti i shk\u00ebrmoqur q\u00eb na la trash\u00ebgim\u201d,<\/em> thot\u00eb Blushi.<\/span><\/p>\n<p>&nbsp;<\/p>\n","protected":false,"gt_translate_keys":[{"key":"rendered","format":"html"}]},"excerpt":{"rendered":"<p>Sekretari i P\u00ebrgjithsh\u00ebm i Partis\u00eb s\u00eb Liris\u00eb, Tedi Blushi, ka reaguar n\u00ebp\u00ebrmjet rrjeteve sociale p\u00ebr situat\u00ebn e rrug\u00ebs Librazhd-Prrenjas. Duke ironizuar fjalimin e Ram\u00ebs n\u00eb mbledhjen e grupit t\u00eb PS p\u00ebr raportin lidhur me rastin Balluku, t\u00eb cilin e quan \u201cmarr\u00ebzi\u201d, Blushi shkruan se ky \u00ebsht\u00eb fokusi i kryeministrit n\u00eb vend t\u00eb izolimit t\u00eb juglindjes [&hellip;]<\/p>\n","protected":false,"gt_translate_keys":[{"key":"rendered","format":"html"}]},"author":32,"featured_media":782928,"comment_status":"closed","ping_status":"open","sticky":false,"template":"","format":"standard","meta":{"footnotes":""},"categories":[65],"tags":[],"class_list":["post-788316","post","type-post","status-publish","format-standard","has-post-thumbnail","hentry","category-lajme"],"gt_translate_keys":[{"key":"link","format":"url"}],"_links":{"self":[{"href":"https:\/\/www.hashtag.al\/index.php\/wp-json\/wp\/v2\/posts\/788316","targetHints":{"allow":["GET"]}}],"collection":[{"href":"https:\/\/www.hashtag.al\/index.php\/wp-json\/wp\/v2\/posts"}],"about":[{"href":"https:\/\/www.hashtag.al\/index.php\/wp-json\/wp\/v2\/types\/post"}],"author":[{"embeddable":true,"href":"https:\/\/www.hashtag.al\/index.php\/wp-json\/wp\/v2\/users\/32"}],"replies":[{"embeddable":true,"href":"https:\/\/www.hashtag.al\/index.php\/wp-json\/wp\/v2\/comments?post=788316"}],"version-history":[{"count":99999,"href":"https:\/\/www.hashtag.al\/index.php\/wp-json\/wp\/v2\/posts\/788316\/revisions"}],"predecessor-version":[{"id":788317,"href":"https:\/\/www.hashtag.al\/index.php\/wp-json\/wp\/v2\/posts\/788316\/revisions\/788317"}],"wp:featuredmedia":[{"embeddable":true,"href":"https:\/\/www.hashtag.al\/index.php\/wp-json\/wp\/v2\/media\/782928"}],"wp:attachment":[{"href":"https:\/\/www.hashtag.al\/index.php\/wp-json\/wp\/v2\/media?parent=788316"}],"wp:term":[{"taxonomy":"category","embeddable":true,"href":"https:\/\/www.hashtag.al\/index.php\/wp-json\/wp\/v2\/categories?post=788316"},{"taxonomy":"post_tag","embeddable":true,"href":"https:\/\/www.hashtag.al\/index.php\/wp-json\/wp\/v2\/tags?post=788316"}],"curies":[{"name":"wp","href":"https:\/\/api.w.org\/{rel}","templated":true}]}}