{"id":788151,"date":"2026-02-25T17:18:33","date_gmt":"2026-02-25T16:18:33","guid":{"rendered":"https:\/\/www.hashtag.al\/?p=788151"},"modified":"2026-02-25T17:18:33","modified_gmt":"2026-02-25T16:18:33","slug":"trump-paraqet-shkurtimisht-argumentet-per-nje-sulm-te-mundshem-ndaj-iranit-ne-fjalimin-e-gjendjes-se-kombit","status":"publish","type":"post","link":"https:\/\/www.hashtag.al\/index.php\/2026\/02\/25\/trump-paraqet-shkurtimisht-argumentet-per-nje-sulm-te-mundshem-ndaj-iranit-ne-fjalimin-e-gjendjes-se-kombit\/","title":{"rendered":"Trump paraqet shkurtimisht argumentet p\u00ebr nj\u00eb sulm t\u00eb mundsh\u00ebm ndaj Iranit n\u00eb fjalimin e Gjendjes s\u00eb Kombit","gt_translate_keys":[{"key":"rendered","format":"text"}]},"content":{"rendered":"<p><span style=\"color: #000000;\"><img loading=\"lazy\" decoding=\"async\" class=\"aligncenter size-full wp-image-788152\" src=\"https:\/\/www.hashtag.al\/wp-content\/uploads\/2026\/02\/Screenshot-2026-02-25-162952.png\" alt=\"\" width=\"1091\" height=\"544\" srcset=\"https:\/\/www.hashtag.al\/wp-content\/uploads\/2026\/02\/Screenshot-2026-02-25-162952.png 1091w, https:\/\/www.hashtag.al\/wp-content\/uploads\/2026\/02\/Screenshot-2026-02-25-162952-300x150.png 300w, https:\/\/www.hashtag.al\/wp-content\/uploads\/2026\/02\/Screenshot-2026-02-25-162952-1024x511.png 1024w, https:\/\/www.hashtag.al\/wp-content\/uploads\/2026\/02\/Screenshot-2026-02-25-162952-768x383.png 768w\" sizes=\"auto, (max-width: 1091px) 100vw, 1091px\" \/><\/span><\/p>\n<div class=\"text-module__text__0GDob text-module__dark-grey__UFC18 text-module__regular__qJJtA text-module__small__sph8i body-module__full_width__kCIGb body-module__small_body__gOmDf article-body-module__paragraph__Ts-yF\" data-testid=\"paragraph-0\">\n<p><span style=\"color: #000000;\">Presidenti i SHBA-s\u00eb, Donald Trump, shpjegoi shkurtimisht argumentin e tij p\u00ebr nj\u00eb sulm t\u00eb mundsh\u00ebm ndaj Iranit n\u00eb fjalimin e tij p\u00ebr Gjendjen e Kombit para Kongresit t\u00eb mart\u00ebn, duke th\u00ebn\u00eb se nuk do t\u00eb lejonte q\u00eb sponsori m\u00eb i madh i terrorizmit n\u00eb bot\u00eb t\u00eb ket\u00eb nj\u00eb arm\u00eb b\u00ebrthamore.<\/span><\/p>\n<p><span style=\"color: #000000;\">Edhe pse po grumbullon nj\u00eb forc\u00eb t\u00eb madhe ushtarake n\u00eb Lindjen e Mesme, Trump ka b\u00ebr\u00eb pak p\u00ebr t&#8217;i shpjeguar publikut amerikan pse ai mund t\u00eb jet\u00eb duke e udh\u00ebhequr SHBA-n\u00eb n\u00eb veprimin e saj m\u00eb agresiv kund\u00ebr Republik\u00ebs Islamike q\u00eb nga revolucioni i saj i vitit 1979.<\/span><\/p>\n<p><span style=\"color: #000000;\">N\u00eb fjalimin e tij, Trump theksoi mb\u00ebshtetjen e Teheranit p\u00ebr grupet militante, vrasjen e protestuesve dhe programet raketore dhe b\u00ebrthamore t\u00eb vendit si k\u00ebrc\u00ebnime p\u00ebr rajonin dhe Shtetet e Bashkuara.<\/span><\/p>\n<p><span style=\"color: #000000;\"><em>&#8220;Regjimi (iranian) dhe p\u00ebrfaq\u00ebsuesit e tij vras\u00ebs nuk kan\u00eb p\u00ebrhapur gj\u00eb tjet\u00ebr ve\u00e7se terroriz\u00ebm, vdekje dhe urrejtje&#8221;,<\/em> tha presidenti republikan rreth 90 minuta pas fillimit t\u00eb fjalimit t\u00eb tij vjetor n\u00eb nj\u00eb seanc\u00eb t\u00eb p\u00ebrbashk\u00ebt t\u00eb Senatit dhe Dhom\u00ebs s\u00eb P\u00ebrfaq\u00ebsuesve.<\/span><\/p>\n<p><span style=\"color: #000000;\">Ai akuzoi Iranin p\u00ebr rinisjen e programit t\u00eb tij b\u00ebrthamor, p\u00ebr pun\u00ebn p\u00ebr t\u00eb nd\u00ebrtuar raketa q\u00eb &#8220;s\u00eb shpejti&#8221; do t\u00eb jen\u00eb t\u00eb afta t\u00eb arrijn\u00eb Shtetet e Bashkuara dhe p\u00ebr p\u00ebrgjegj\u00ebsin\u00eb p\u00ebr shp\u00ebrthimet n\u00eb rrug\u00eb q\u00eb kan\u00eb vrar\u00eb an\u00ebtar\u00eb t\u00eb sh\u00ebrbimit amerikan dhe civil\u00eb, shkruan <a href=\"https:\/\/www.reuters.com\/world\/us\/state-union-could-be-trumps-best-chance-sell-voters-iran-plans-2026-02-24\/\"><span style=\"color: #0000ff;\"><strong>Reuters.<\/strong><\/span><\/a><\/span><\/p>\n<p><span style=\"color: #000000;\">Mediat shtet\u00ebrore iraniane kan\u00eb pohuar se Teherani po zhvillon nj\u00eb raket\u00eb t\u00eb aft\u00eb p\u00ebr t\u00eb arritur Amerik\u00ebn e Veriut.<\/span><\/p>\n<p><span style=\"color: #000000;\">P\u00ebrgatitjet p\u00ebr fjalimin e Trump u zbeh\u00ebn nga grumbullimi i forcave ushtarake amerikane n\u00eb Lindjen e Mesme dhe p\u00ebrgatitjet p\u00ebr nj\u00eb konflikt t\u00eb mundsh\u00ebm me Iranin q\u00eb mund t\u00eb zgjas\u00eb me jav\u00eb t\u00eb t\u00ebra n\u00ebse Teherani nuk arrin nj\u00eb marr\u00ebveshje p\u00ebr t\u00eb zgjidhur nj\u00eb mosmarr\u00ebveshje t\u00eb gjat\u00eb mbi programin e tij b\u00ebrthamor.<\/span><\/p>\n<p><span style=\"color: #000000;\">Trump ka shprehur vazhdimisht zhg\u00ebnjimin e tij me d\u00ebshtimin e negociator\u00ebve p\u00ebr t\u00eb arritur nj\u00eb marr\u00ebveshje.<em> &#8220;Ata duan t\u00eb b\u00ebjn\u00eb nj\u00eb marr\u00ebveshje, por ne nuk i kemi d\u00ebgjuar ato fjal\u00eb t\u00eb fshehta, &#8216;Ne kurr\u00eb nuk do t\u00eb kemi nj\u00eb arm\u00eb b\u00ebrthamore'&#8221;, <\/em>tha Trump n\u00eb fjalimin e tij.<\/span><\/p>\n<p><span style=\"color: #000000;\">Irani thot\u00eb se k\u00ebrkimet e tij b\u00ebrthamore kan\u00eb p\u00ebr q\u00ebllim prodhimin civil t\u00eb energjis\u00eb.<\/span><\/p>\n<p><span style=\"color: #000000;\">Trump gjithashtu faj\u00ebsoi qeverin\u00eb n\u00eb Teheran p\u00ebr vdekjen e mij\u00ebra protestuesve gjat\u00eb demonstratave t\u00eb fundit antiqeveritare, megjith\u00ebse shifra specifike q\u00eb ai p\u00ebrmendi &#8211; se 32,000 njer\u00ebz ishin vrar\u00eb &#8211; \u00ebsht\u00eb shum\u00eb m\u00eb e lart\u00eb se shumica e vler\u00ebsimeve publike.<\/span><\/p>\n<\/div>\n","protected":false,"gt_translate_keys":[{"key":"rendered","format":"html"}]},"excerpt":{"rendered":"<p>Presidenti i SHBA-s\u00eb, Donald Trump, shpjegoi shkurtimisht argumentin e tij p\u00ebr nj\u00eb sulm t\u00eb mundsh\u00ebm ndaj Iranit n\u00eb fjalimin e tij p\u00ebr Gjendjen e Kombit para Kongresit t\u00eb mart\u00ebn, duke th\u00ebn\u00eb se nuk do t\u00eb lejonte q\u00eb sponsori m\u00eb i madh i terrorizmit n\u00eb bot\u00eb t\u00eb ket\u00eb nj\u00eb arm\u00eb b\u00ebrthamore. Edhe pse po grumbullon nj\u00eb [&hellip;]<\/p>\n","protected":false,"gt_translate_keys":[{"key":"rendered","format":"html"}]},"author":49,"featured_media":788152,"comment_status":"closed","ping_status":"open","sticky":false,"template":"","format":"standard","meta":{"footnotes":""},"categories":[6],"tags":[],"class_list":["post-788151","post","type-post","status-publish","format-standard","has-post-thumbnail","hentry","category-nderkombetare"],"gt_translate_keys":[{"key":"link","format":"url"}],"_links":{"self":[{"href":"https:\/\/www.hashtag.al\/index.php\/wp-json\/wp\/v2\/posts\/788151","targetHints":{"allow":["GET"]}}],"collection":[{"href":"https:\/\/www.hashtag.al\/index.php\/wp-json\/wp\/v2\/posts"}],"about":[{"href":"https:\/\/www.hashtag.al\/index.php\/wp-json\/wp\/v2\/types\/post"}],"author":[{"embeddable":true,"href":"https:\/\/www.hashtag.al\/index.php\/wp-json\/wp\/v2\/users\/49"}],"replies":[{"embeddable":true,"href":"https:\/\/www.hashtag.al\/index.php\/wp-json\/wp\/v2\/comments?post=788151"}],"version-history":[{"count":99999,"href":"https:\/\/www.hashtag.al\/index.php\/wp-json\/wp\/v2\/posts\/788151\/revisions"}],"predecessor-version":[{"id":788154,"href":"https:\/\/www.hashtag.al\/index.php\/wp-json\/wp\/v2\/posts\/788151\/revisions\/788154"}],"wp:featuredmedia":[{"embeddable":true,"href":"https:\/\/www.hashtag.al\/index.php\/wp-json\/wp\/v2\/media\/788152"}],"wp:attachment":[{"href":"https:\/\/www.hashtag.al\/index.php\/wp-json\/wp\/v2\/media?parent=788151"}],"wp:term":[{"taxonomy":"category","embeddable":true,"href":"https:\/\/www.hashtag.al\/index.php\/wp-json\/wp\/v2\/categories?post=788151"},{"taxonomy":"post_tag","embeddable":true,"href":"https:\/\/www.hashtag.al\/index.php\/wp-json\/wp\/v2\/tags?post=788151"}],"curies":[{"name":"wp","href":"https:\/\/api.w.org\/{rel}","templated":true}]}}