{"id":787804,"date":"2026-02-23T15:06:59","date_gmt":"2026-02-23T14:06:59","guid":{"rendered":"https:\/\/www.hashtag.al\/?p=787804"},"modified":"2026-02-23T15:06:59","modified_gmt":"2026-02-23T14:06:59","slug":"pd-kerkon-heqjen-e-imunitetit-te-ballukut-ps-kunder-manja-pezullimi-mjafton","status":"publish","type":"post","link":"https:\/\/www.hashtag.al\/index.php\/2026\/02\/23\/pd-kerkon-heqjen-e-imunitetit-te-ballukut-ps-kunder-manja-pezullimi-mjafton\/","title":{"rendered":"PD k\u00ebrkon heqjen e imunitetit t\u00eb Ballukut, PS kund\u00ebr, Manja: Pezullimi mjafton","gt_translate_keys":[{"key":"rendered","format":"text"}]},"content":{"rendered":"<p><img loading=\"lazy\" decoding=\"async\" class=\"aligncenter size-full wp-image-787805\" src=\"https:\/\/www.hashtag.al\/wp-content\/uploads\/2026\/02\/pspd.jpg\" alt=\"\" width=\"2000\" height=\"1000\" srcset=\"https:\/\/www.hashtag.al\/wp-content\/uploads\/2026\/02\/pspd.jpg 2000w, https:\/\/www.hashtag.al\/wp-content\/uploads\/2026\/02\/pspd-300x150.jpg 300w, https:\/\/www.hashtag.al\/wp-content\/uploads\/2026\/02\/pspd-1024x512.jpg 1024w, https:\/\/www.hashtag.al\/wp-content\/uploads\/2026\/02\/pspd-768x384.jpg 768w, https:\/\/www.hashtag.al\/wp-content\/uploads\/2026\/02\/pspd-1536x768.jpg 1536w\" sizes=\"auto, (max-width: 2000px) 100vw, 2000px\" \/><\/p>\n<p><span style=\"color: #000000;\">Pes\u00eb p\u00ebrfaq\u00ebsuesit e Partia Demokratike e Shqip\u00ebris\u00eb n\u00eb K\u00ebshillin p\u00ebr Imunitetin dhe Mandatet i kan\u00eb b\u00ebr\u00eb thirrje t\u00eb gjith\u00eb deputet\u00ebve q\u00eb, n\u00eb seanc\u00eb plenare, t\u00eb votojn\u00eb pro heqjes s\u00eb imunitetit t\u00eb Belinda Balluku, me q\u00ebllim q\u00eb t\u2019i hapet rrug\u00eb SPAK-ut p\u00ebr aplikimin e masave t\u00eb tjera t\u00eb sigurimit personal.<\/span><\/p>\n<p><span style=\"color: #000000;\">N\u00eb q\u00ebndrimin zyrtar, deputet\u00ebt e opozit\u00ebs referojn\u00eb nenet 73, 95 dhe 103 t\u00eb Kushtetut\u00ebs, si dhe nenet 260, 288 e 289 t\u00eb Kodit t\u00eb Procedur\u00ebs Penale, p\u00ebrve\u00e7 neneve 13 dhe 118 t\u00eb Rregullores s\u00eb Kuvendit, duke rekomanduar miratimin e k\u00ebrkes\u00ebs nr. 43019 Prot., dat\u00eb 16.12.2025, t\u00eb paraqitur nga SPAK.<\/span><\/p>\n<p><span style=\"color: #000000;\">Nd\u00ebrkoh\u00eb, n\u00eb mbledhjen e K\u00ebshillit p\u00ebr Imunitetin, p\u00ebrfaq\u00ebsuesit e Partia Socialiste e Shqip\u00ebris\u00eb kan\u00eb dal\u00eb kund\u00ebr k\u00ebrkes\u00ebs p\u00ebr arrestim. Deputeti Ulsi Manja ka argumentuar se masat aktualisht n\u00eb fuqi ndaj Ballukut jan\u00eb t\u00eb mjaftueshme p\u00ebr garantimin e nevojave t\u00eb hetimit dhe se nuk justifikohet ashp\u00ebrsimi i tyre n\u00eb k\u00ebt\u00eb faz\u00eb procedurale.<\/span><\/p>\n","protected":false,"gt_translate_keys":[{"key":"rendered","format":"html"}]},"excerpt":{"rendered":"<p>Pes\u00eb p\u00ebrfaq\u00ebsuesit e Partia Demokratike e Shqip\u00ebris\u00eb n\u00eb K\u00ebshillin p\u00ebr Imunitetin dhe Mandatet i kan\u00eb b\u00ebr\u00eb thirrje t\u00eb gjith\u00eb deputet\u00ebve q\u00eb, n\u00eb seanc\u00eb plenare, t\u00eb votojn\u00eb pro heqjes s\u00eb imunitetit t\u00eb Belinda Balluku, me q\u00ebllim q\u00eb t\u2019i hapet rrug\u00eb SPAK-ut p\u00ebr aplikimin e masave t\u00eb tjera t\u00eb sigurimit personal. N\u00eb q\u00ebndrimin zyrtar, deputet\u00ebt e opozit\u00ebs [&hellip;]<\/p>\n","protected":false,"gt_translate_keys":[{"key":"rendered","format":"html"}]},"author":51,"featured_media":787805,"comment_status":"closed","ping_status":"open","sticky":false,"template":"","format":"standard","meta":{"footnotes":""},"categories":[65],"tags":[],"class_list":["post-787804","post","type-post","status-publish","format-standard","has-post-thumbnail","hentry","category-lajme"],"gt_translate_keys":[{"key":"link","format":"url"}],"_links":{"self":[{"href":"https:\/\/www.hashtag.al\/index.php\/wp-json\/wp\/v2\/posts\/787804","targetHints":{"allow":["GET"]}}],"collection":[{"href":"https:\/\/www.hashtag.al\/index.php\/wp-json\/wp\/v2\/posts"}],"about":[{"href":"https:\/\/www.hashtag.al\/index.php\/wp-json\/wp\/v2\/types\/post"}],"author":[{"embeddable":true,"href":"https:\/\/www.hashtag.al\/index.php\/wp-json\/wp\/v2\/users\/51"}],"replies":[{"embeddable":true,"href":"https:\/\/www.hashtag.al\/index.php\/wp-json\/wp\/v2\/comments?post=787804"}],"version-history":[{"count":99999,"href":"https:\/\/www.hashtag.al\/index.php\/wp-json\/wp\/v2\/posts\/787804\/revisions"}],"predecessor-version":[{"id":787806,"href":"https:\/\/www.hashtag.al\/index.php\/wp-json\/wp\/v2\/posts\/787804\/revisions\/787806"}],"wp:featuredmedia":[{"embeddable":true,"href":"https:\/\/www.hashtag.al\/index.php\/wp-json\/wp\/v2\/media\/787805"}],"wp:attachment":[{"href":"https:\/\/www.hashtag.al\/index.php\/wp-json\/wp\/v2\/media?parent=787804"}],"wp:term":[{"taxonomy":"category","embeddable":true,"href":"https:\/\/www.hashtag.al\/index.php\/wp-json\/wp\/v2\/categories?post=787804"},{"taxonomy":"post_tag","embeddable":true,"href":"https:\/\/www.hashtag.al\/index.php\/wp-json\/wp\/v2\/tags?post=787804"}],"curies":[{"name":"wp","href":"https:\/\/api.w.org\/{rel}","templated":true}]}}