{"id":787793,"date":"2026-02-23T14:00:30","date_gmt":"2026-02-23T13:00:30","guid":{"rendered":"https:\/\/www.hashtag.al\/?p=787793"},"modified":"2026-02-23T14:00:30","modified_gmt":"2026-02-23T13:00:30","slug":"berisha-rruget-shemben-rama-fluturon-me-30-mije-euro-drejt-korces","status":"publish","type":"post","link":"https:\/\/www.hashtag.al\/index.php\/2026\/02\/23\/berisha-rruget-shemben-rama-fluturon-me-30-mije-euro-drejt-korces\/","title":{"rendered":"Berisha: Rrug\u00ebt shemben, Rama fluturon me 30 mij\u00eb euro drejt Kor\u00e7\u00ebs","gt_translate_keys":[{"key":"rendered","format":"text"}]},"content":{"rendered":"<p data-start=\"90\" data-end=\"370\"><span style=\"color: #000000;\"><a href=\"https:\/\/www.hashtag.al\/index.php\/2026\/02\/04\/rama-balluku-e-te-gjithe-hajdutet-do-shkojne-ku-e-kane-vendin-premtimi-i-berishes\/berisha-521\/\" rel=\"attachment wp-att-784708\"><img loading=\"lazy\" decoding=\"async\" class=\"size-full wp-image-784708 aligncenter\" src=\"https:\/\/www.hashtag.al\/wp-content\/uploads\/2026\/02\/berisha.png\" alt=\"\" width=\"1143\" height=\"756\" srcset=\"https:\/\/www.hashtag.al\/wp-content\/uploads\/2026\/02\/berisha.png 1143w, https:\/\/www.hashtag.al\/wp-content\/uploads\/2026\/02\/berisha-300x198.png 300w, https:\/\/www.hashtag.al\/wp-content\/uploads\/2026\/02\/berisha-1024x677.png 1024w, https:\/\/www.hashtag.al\/wp-content\/uploads\/2026\/02\/berisha-768x508.png 768w\" sizes=\"auto, (max-width: 1143px) 100vw, 1143px\" \/><\/a><br \/>\nKreu i <span class=\"hover:entity-accent entity-underline inline cursor-pointer align-baseline\"><span class=\"whitespace-normal\">Partis\u00eb Demokratike<\/span><\/span>, <span class=\"hover:entity-accent entity-underline inline cursor-pointer align-baseline\"><span class=\"whitespace-normal\">Sali Berisha<\/span><\/span>, foli p\u00ebr situat\u00ebn problematike dhe rr\u00ebshqitjen e dherave n\u00eb aksin <span class=\"hover:entity-accent entity-underline inline cursor-pointer align-baseline\"><span class=\"whitespace-normal\">Librazhd<\/span><\/span>\u2013<span class=\"hover:entity-accent entity-underline inline cursor-pointer align-baseline\"><span class=\"whitespace-normal\">Pogradec<\/span><\/span>, duke akuzuar qeverin\u00eb p\u00ebr d\u00ebshtim n\u00eb infrastruktur\u00eb.<\/span><\/p>\n<p data-start=\"372\" data-end=\"549\"><span style=\"color: #000000;\">Ai p\u00ebrmendi edhe shembje t\u00eb tjera, duke deklaruar se investimet publike jan\u00eb keqmenaxhuar.<\/span><\/p>\n<p data-start=\"551\" data-end=\"768\"><span style=\"color: #000000;\">Gjithashtu, Berisha u ndal te udh\u00ebtimi i kryeministrit <span class=\"hover:entity-accent entity-underline inline cursor-pointer align-baseline\"><span class=\"whitespace-normal\">Edi Rama<\/span><\/span> drejt <span class=\"hover:entity-accent entity-underline inline cursor-pointer align-baseline\"><span class=\"whitespace-normal\">Kor\u00e7\u00eb<\/span><\/span>, p\u00ebr t\u00eb cilin tha se \u00ebsht\u00eb kryer me helikopter me nj\u00eb kosto prej 30 mij\u00eb eurosh.<\/span><\/p>\n<p data-start=\"770\" data-end=\"1128\" data-is-last-node=\"\" data-is-only-node=\"\"><span style=\"color: #000000;\">\u201cShembet Unaza e Burrelit, shembet rruga e Arbrit, shembje kudo. Sikur ato i kan\u00eb nd\u00ebrtuar alient\u00ebt, dhe jo kompani t\u00eb kontraktuara nga qeveria dhe parat\u00eb e taksapaguesve. Nuk veprohet sepse parat\u00eb jan\u00eb ndar\u00eb nga qeveritar\u00ebt. Rama fluturon n\u00eb Kor\u00e7\u00eb me 30 mij\u00eb euro udh\u00ebtimin. Ka shkuar me dy helikopter\u00ebt. 30 mij\u00eb euro bileta e tij e m\u00ebngjesit\u201d, tha Berisha.<\/span><\/p>\n","protected":false,"gt_translate_keys":[{"key":"rendered","format":"html"}]},"excerpt":{"rendered":"<p>Kreu i Partis\u00eb Demokratike, Sali Berisha, foli p\u00ebr situat\u00ebn problematike dhe rr\u00ebshqitjen e dherave n\u00eb aksin Librazhd\u2013Pogradec, duke akuzuar qeverin\u00eb p\u00ebr d\u00ebshtim n\u00eb infrastruktur\u00eb. Ai p\u00ebrmendi edhe shembje t\u00eb tjera, duke deklaruar se investimet publike jan\u00eb keqmenaxhuar. Gjithashtu, Berisha u ndal te udh\u00ebtimi i kryeministrit Edi Rama drejt Kor\u00e7\u00eb, p\u00ebr t\u00eb cilin tha se \u00ebsht\u00eb [&hellip;]<\/p>\n","protected":false,"gt_translate_keys":[{"key":"rendered","format":"html"}]},"author":32,"featured_media":784708,"comment_status":"closed","ping_status":"open","sticky":false,"template":"","format":"standard","meta":{"footnotes":""},"categories":[65],"tags":[],"class_list":["post-787793","post","type-post","status-publish","format-standard","has-post-thumbnail","hentry","category-lajme"],"gt_translate_keys":[{"key":"link","format":"url"}],"_links":{"self":[{"href":"https:\/\/www.hashtag.al\/index.php\/wp-json\/wp\/v2\/posts\/787793","targetHints":{"allow":["GET"]}}],"collection":[{"href":"https:\/\/www.hashtag.al\/index.php\/wp-json\/wp\/v2\/posts"}],"about":[{"href":"https:\/\/www.hashtag.al\/index.php\/wp-json\/wp\/v2\/types\/post"}],"author":[{"embeddable":true,"href":"https:\/\/www.hashtag.al\/index.php\/wp-json\/wp\/v2\/users\/32"}],"replies":[{"embeddable":true,"href":"https:\/\/www.hashtag.al\/index.php\/wp-json\/wp\/v2\/comments?post=787793"}],"version-history":[{"count":99999,"href":"https:\/\/www.hashtag.al\/index.php\/wp-json\/wp\/v2\/posts\/787793\/revisions"}],"predecessor-version":[{"id":787794,"href":"https:\/\/www.hashtag.al\/index.php\/wp-json\/wp\/v2\/posts\/787793\/revisions\/787794"}],"wp:featuredmedia":[{"embeddable":true,"href":"https:\/\/www.hashtag.al\/index.php\/wp-json\/wp\/v2\/media\/784708"}],"wp:attachment":[{"href":"https:\/\/www.hashtag.al\/index.php\/wp-json\/wp\/v2\/media?parent=787793"}],"wp:term":[{"taxonomy":"category","embeddable":true,"href":"https:\/\/www.hashtag.al\/index.php\/wp-json\/wp\/v2\/categories?post=787793"},{"taxonomy":"post_tag","embeddable":true,"href":"https:\/\/www.hashtag.al\/index.php\/wp-json\/wp\/v2\/tags?post=787793"}],"curies":[{"name":"wp","href":"https:\/\/api.w.org\/{rel}","templated":true}]}}