{"id":787789,"date":"2026-02-23T13:21:54","date_gmt":"2026-02-23T12:21:54","guid":{"rendered":"https:\/\/www.hashtag.al\/?p=787789"},"modified":"2026-02-23T13:21:54","modified_gmt":"2026-02-23T12:21:54","slug":"berisha-ne-mbeshtesim-teresisht-pronaret-e-ligjshem-te-rrjollit","status":"publish","type":"post","link":"https:\/\/www.hashtag.al\/index.php\/2026\/02\/23\/berisha-ne-mbeshtesim-teresisht-pronaret-e-ligjshem-te-rrjollit\/","title":{"rendered":"Berisha: Ne mb\u00ebshtesim t\u00ebr\u00ebsisht pronar\u00ebt e ligjsh\u00ebm t\u00eb Rrjollit","gt_translate_keys":[{"key":"rendered","format":"text"}]},"content":{"rendered":"<p data-start=\"69\" data-end=\"345\"><span style=\"color: #000000;\"><a href=\"https:\/\/www.hashtag.al\/index.php\/2026\/01\/29\/berisha-ne-strasburg-paraqita-fakte-e-dokumente-mbi-situaten-dramatike-ne-narkoshtetin-e-shqiperise\/berisha-16-768x446\/\" rel=\"attachment wp-att-783736\"><img loading=\"lazy\" decoding=\"async\" class=\"size-full wp-image-783736 aligncenter\" src=\"https:\/\/www.hashtag.al\/wp-content\/uploads\/2026\/01\/berisha-16-768x446-1.jpg\" alt=\"\" width=\"768\" height=\"446\" srcset=\"https:\/\/www.hashtag.al\/wp-content\/uploads\/2026\/01\/berisha-16-768x446-1.jpg 768w, https:\/\/www.hashtag.al\/wp-content\/uploads\/2026\/01\/berisha-16-768x446-1-300x174.jpg 300w, https:\/\/www.hashtag.al\/wp-content\/uploads\/2026\/01\/berisha-16-768x446-1-250x145.jpg 250w\" sizes=\"auto, (max-width: 768px) 100vw, 768px\" \/><\/a><br \/>\nKreu i <span class=\"hover:entity-accent entity-underline inline cursor-pointer align-baseline\"><span class=\"whitespace-normal\">Partia Demokratike<\/span><\/span>, <span class=\"hover:entity-accent entity-underline inline cursor-pointer align-baseline\"><span class=\"whitespace-normal\">Sali Berisha<\/span><\/span>, ka reaguar lidhur me protest\u00ebn e banor\u00ebve t\u00eb <span class=\"hover:entity-accent entity-underline inline cursor-pointer align-baseline\"><span class=\"whitespace-normal\">Rrjoll<\/span><\/span>, t\u00eb cil\u00ebt kund\u00ebrshtojn\u00eb nd\u00ebrtimin e nj\u00eb resorti n\u00eb zon\u00ebn e tyre dhe akuzojn\u00eb qeverin\u00eb p\u00ebr marrje t\u00eb pronave.<\/span><\/p>\n<p data-start=\"347\" data-end=\"441\"><span style=\"color: #000000;\">\u201cT\u00eb zgjidhet problemi me pronar\u00ebt,\u201d deklaroi Berisha, duke theksuar se mb\u00ebshtet kauz\u00ebn e tyre.<\/span><\/p>\n<p data-start=\"443\" data-end=\"681\"><span style=\"color: #000000;\">Ai solli si shembull nd\u00ebrtimin e <span class=\"hover:entity-accent entity-underline inline cursor-pointer align-baseline\"><span class=\"whitespace-normal\">Rruga e Kombit<\/span><\/span>, duke th\u00ebn\u00eb se gjat\u00eb shpron\u00ebsimeve \u00ebsht\u00eb negociuar me \u00e7do pronar dhe \u00ebsht\u00eb ofruar d\u00ebmshp\u00ebrblim. \u201cNga Rr\u00ebsheni gjer n\u00eb Morin\u00eb nuk ka pasur asnj\u00eb protest\u00eb,\u201d u shpreh ai.<\/span><\/p>\n<p data-start=\"683\" data-end=\"1003\" data-is-last-node=\"\" data-is-only-node=\"\"><span style=\"color: #000000;\">Sipas Berish\u00ebs, p\u00ebrgjegj\u00ebsia kryesore p\u00ebr situat\u00ebn bie mbi qeverin\u00eb, t\u00eb cil\u00ebn e akuzoi se jep leje nd\u00ebrtimi sipas d\u00ebshir\u00ebs. \u201cNe mb\u00ebshtesim t\u00ebr\u00ebsisht pronar\u00ebt e ligjsh\u00ebm, si\u00e7 \u00ebsht\u00eb rasti i Rrjollit. Ata q\u00eb p\u00ebrpiqen ta politizojn\u00eb, mashtrojn\u00eb. PD mb\u00ebshtet politikisht dhe q\u00ebndron prapa pronar\u00ebve t\u00eb ligjsh\u00ebm,\u201d tha Berisha.<\/span><\/p>\n","protected":false,"gt_translate_keys":[{"key":"rendered","format":"html"}]},"excerpt":{"rendered":"<p>Kreu i Partia Demokratike, Sali Berisha, ka reaguar lidhur me protest\u00ebn e banor\u00ebve t\u00eb Rrjoll, t\u00eb cil\u00ebt kund\u00ebrshtojn\u00eb nd\u00ebrtimin e nj\u00eb resorti n\u00eb zon\u00ebn e tyre dhe akuzojn\u00eb qeverin\u00eb p\u00ebr marrje t\u00eb pronave. \u201cT\u00eb zgjidhet problemi me pronar\u00ebt,\u201d deklaroi Berisha, duke theksuar se mb\u00ebshtet kauz\u00ebn e tyre. Ai solli si shembull nd\u00ebrtimin e Rruga e [&hellip;]<\/p>\n","protected":false,"gt_translate_keys":[{"key":"rendered","format":"html"}]},"author":32,"featured_media":783736,"comment_status":"closed","ping_status":"open","sticky":false,"template":"","format":"standard","meta":{"footnotes":""},"categories":[65],"tags":[],"class_list":["post-787789","post","type-post","status-publish","format-standard","has-post-thumbnail","hentry","category-lajme"],"gt_translate_keys":[{"key":"link","format":"url"}],"_links":{"self":[{"href":"https:\/\/www.hashtag.al\/index.php\/wp-json\/wp\/v2\/posts\/787789","targetHints":{"allow":["GET"]}}],"collection":[{"href":"https:\/\/www.hashtag.al\/index.php\/wp-json\/wp\/v2\/posts"}],"about":[{"href":"https:\/\/www.hashtag.al\/index.php\/wp-json\/wp\/v2\/types\/post"}],"author":[{"embeddable":true,"href":"https:\/\/www.hashtag.al\/index.php\/wp-json\/wp\/v2\/users\/32"}],"replies":[{"embeddable":true,"href":"https:\/\/www.hashtag.al\/index.php\/wp-json\/wp\/v2\/comments?post=787789"}],"version-history":[{"count":99999,"href":"https:\/\/www.hashtag.al\/index.php\/wp-json\/wp\/v2\/posts\/787789\/revisions"}],"predecessor-version":[{"id":787790,"href":"https:\/\/www.hashtag.al\/index.php\/wp-json\/wp\/v2\/posts\/787789\/revisions\/787790"}],"wp:featuredmedia":[{"embeddable":true,"href":"https:\/\/www.hashtag.al\/index.php\/wp-json\/wp\/v2\/media\/783736"}],"wp:attachment":[{"href":"https:\/\/www.hashtag.al\/index.php\/wp-json\/wp\/v2\/media?parent=787789"}],"wp:term":[{"taxonomy":"category","embeddable":true,"href":"https:\/\/www.hashtag.al\/index.php\/wp-json\/wp\/v2\/categories?post=787789"},{"taxonomy":"post_tag","embeddable":true,"href":"https:\/\/www.hashtag.al\/index.php\/wp-json\/wp\/v2\/tags?post=787789"}],"curies":[{"name":"wp","href":"https:\/\/api.w.org\/{rel}","templated":true}]}}