{"id":787602,"date":"2026-02-22T10:10:55","date_gmt":"2026-02-22T09:10:55","guid":{"rendered":"https:\/\/www.hashtag.al\/?p=787602"},"modified":"2026-02-22T10:10:55","modified_gmt":"2026-02-22T09:10:55","slug":"rama-kerkesa-e-prokuroreve-per-ish-kreret-e-uck-bombe-mbi-kosoven","status":"publish","type":"post","link":"https:\/\/www.hashtag.al\/index.php\/2026\/02\/22\/rama-kerkesa-e-prokuroreve-per-ish-kreret-e-uck-bombe-mbi-kosoven\/","title":{"rendered":"Rama: K\u00ebrkesa e prokuror\u00ebve p\u00ebr ish-krer\u00ebt e U\u00c7K, bomb\u00eb mbi Kosov\u00ebn","gt_translate_keys":[{"key":"rendered","format":"text"}]},"content":{"rendered":"<p data-start=\"0\" data-end=\"232\"><span style=\"color: #000000;\"><img loading=\"lazy\" decoding=\"async\" class=\"aligncenter size-full wp-image-787603\" src=\"https:\/\/www.hashtag.al\/wp-content\/uploads\/2026\/02\/rama-PE-768x391-1.jpg\" alt=\"\" width=\"768\" height=\"391\" srcset=\"https:\/\/www.hashtag.al\/wp-content\/uploads\/2026\/02\/rama-PE-768x391-1.jpg 768w, https:\/\/www.hashtag.al\/wp-content\/uploads\/2026\/02\/rama-PE-768x391-1-300x153.jpg 300w, https:\/\/www.hashtag.al\/wp-content\/uploads\/2026\/02\/rama-PE-768x391-1-568x290.jpg 568w\" sizes=\"auto, (max-width: 768px) 100vw, 768px\" \/><\/span><\/p>\n<p data-start=\"0\" data-end=\"232\"><span style=\"color: #000000;\">Kryeministri\u00a0<span class=\"hover:entity-accent entity-underline inline cursor-pointer align-baseline\"><span class=\"whitespace-normal\">Edi Rama<\/span><\/span>\u00a0ka komentuar n\u00eb podkastin \u201cFlasim\u201d \u00e7\u00ebshtjen e ish-krer\u00ebve t\u00eb U\u00c7K-s\u00eb n\u00eb Hag\u00eb, duke e cil\u00ebsuar k\u00ebrkes\u00ebn p\u00ebr nga 45 vite burg p\u00ebr secilin si \u201cabsurde\u201d dhe t\u00eb padrejt\u00eb ndaj Kosov\u00ebs.<\/span><\/p>\n<p data-start=\"234\" data-end=\"497\"><span style=\"color: #000000;\">Rama u ndal te vizita e tij n\u00eb Prishtin\u00eb, ku zhvilloi takime me presidenten\u00a0<span class=\"hover:entity-accent entity-underline inline cursor-pointer align-baseline\"><span class=\"whitespace-normal\">Vjosa Osmani<\/span><\/span>\u00a0dhe kryeministrin\u00a0<span class=\"hover:entity-accent entity-underline inline cursor-pointer align-baseline\"><span class=\"whitespace-normal\">Albin Kurti<\/span><\/span>, t\u00eb cilat i cil\u00ebsoi pozitive p\u00ebr bashk\u00ebpunimin komb\u00ebtar dhe angazhimet nd\u00ebrkomb\u00ebtare.<\/span><\/p>\n<p><span style=\"color: #000000;\"><em>&#8220;Shum\u00eb e ve\u00e7ant\u00eb ka qen\u00eb vizita e k\u00ebsaj here n\u00eb Prishtin\u00eb, n\u00eb vigjiljen e dit\u00ebs komb\u00ebtare t\u00eb pavar\u00ebsis\u00eb s\u00eb Kosov\u00ebs, pas bomb\u00ebs s\u00eb prokuror\u00ebve t\u00eb Hag\u00ebs mbi Kosov\u00ebn, si edhe po ashtu pas vot\u00ebbesimit t\u00eb qeveris\u00eb s\u00eb re t\u00eb Kosov\u00ebs n\u00eb Kuvendin e Republik\u00ebs s\u00eb Kosov\u00ebs.<\/em><\/span><\/p>\n<p>&nbsp;<\/p>\n<p>&nbsp;<\/p>\n<p><span style=\"color: #000000;\"><em>Sebepi i k\u00ebsaj vizite ishte ftesa e nj\u00eb miku t\u00eb kahersh\u00ebm dhe burri fisnik nga prishtina \u00a0profesor Ahmed Shal\u00ebs, n\u00eb promovimin e librit t\u00eb tij \u201cKur heshtja flet\u201d, nj\u00eb lib\u00ebr q\u00eb duhet lexuar p\u00ebr t\u00eb m\u00ebsuar m\u00eb shum\u00eb dhe kuptuar m\u00eb thell\u00eb mbi procesin n\u00eb Hag\u00eb kund\u00ebr udh\u00ebheqjes s\u00eb U\u00c7K-s\u00eb.<\/em><\/span><\/p>\n<p><span style=\"color: #000000;\"><em>Por takimet me Presidenten Vjosa Osmani dhe Kryeministrin Albin Kurti ishin tejet pozitive, qoft\u00eb p\u00ebr nga k\u00ebndv\u00ebshtrimi i harmonizimit t\u00eb angazhimeve nd\u00ebrkomb\u00ebtare me Vjos\u00ebn, qoft\u00eb p\u00ebr nga k\u00ebndv\u00ebshtrimi i rritjes s\u00eb bashk\u00ebpunimeve komb\u00ebtare me Albinin.<\/em><\/span><\/p>\n<p><span style=\"color: #000000;\"><em>Qershia mbi tort\u00eb ishte bashk\u00ebbisedimi me student\u00ebt e Universitetit \u201cHasan Prishtina\u201d dhe me nx\u00ebn\u00ebsit e gjimnazit \u201cSami Frash\u00ebri\u201d, t\u00eb cil\u00ebt i ftova me shum\u00eb k\u00ebnaq\u00ebsi n\u00eb Tiran\u00eb p\u00ebr t\u00eb vazhduar komunikimin tone t\u00eb filluar m\u00eb her\u00ebt.<\/em><\/span><\/p>\n<p><span style=\"color: #000000;\"><em>Nd\u00ebrsa t\u00eb nes\u00ebrmen, m\u00eb 17 t\u00eb shkurtit, telefonata e p\u00ebrvitshme e urimit t\u00eb pavar\u00ebsis\u00eb q\u00eb marr nga Haga ishte posa\u00e7\u00ebrisht emocionuese k\u00ebt\u00eb her\u00eb, pas asaj \u00e7mendurie t\u00eb prokuroris\u00eb speciale. Por z\u00ebri i Komandantit nga burgu i padrejt\u00ebsis\u00eb nd\u00ebrkomb\u00ebtare ishte realisht, sinqerisht, m\u00eb i qet\u00eb se asnj\u00ebher\u00eb. N\u00eb fillim e n\u00eb fund t\u00eb bised\u00ebs, Hashimi m\u00eb p\u00ebrs\u00ebriti fjalin\u00eb: \u201cUn\u00eb e kam fituar p\u00ebrjet\u00eb lirin\u00eb dhe kudo t\u00eb ndodhem, at\u00eb nuk ma merr dot kurr\u00eb, askush!\u201d<\/em><\/span><\/p>\n","protected":false,"gt_translate_keys":[{"key":"rendered","format":"html"}]},"excerpt":{"rendered":"<p>Kryeministri\u00a0Edi Rama\u00a0ka komentuar n\u00eb podkastin \u201cFlasim\u201d \u00e7\u00ebshtjen e ish-krer\u00ebve t\u00eb U\u00c7K-s\u00eb n\u00eb Hag\u00eb, duke e cil\u00ebsuar k\u00ebrkes\u00ebn p\u00ebr nga 45 vite burg p\u00ebr secilin si \u201cabsurde\u201d dhe t\u00eb padrejt\u00eb ndaj Kosov\u00ebs. Rama u ndal te vizita e tij n\u00eb Prishtin\u00eb, ku zhvilloi takime me presidenten\u00a0Vjosa Osmani\u00a0dhe kryeministrin\u00a0Albin Kurti, t\u00eb cilat i cil\u00ebsoi pozitive p\u00ebr bashk\u00ebpunimin [&hellip;]<\/p>\n","protected":false,"gt_translate_keys":[{"key":"rendered","format":"html"}]},"author":49,"featured_media":787603,"comment_status":"closed","ping_status":"open","sticky":false,"template":"","format":"standard","meta":{"footnotes":""},"categories":[65],"tags":[],"class_list":["post-787602","post","type-post","status-publish","format-standard","has-post-thumbnail","hentry","category-lajme"],"gt_translate_keys":[{"key":"link","format":"url"}],"_links":{"self":[{"href":"https:\/\/www.hashtag.al\/index.php\/wp-json\/wp\/v2\/posts\/787602","targetHints":{"allow":["GET"]}}],"collection":[{"href":"https:\/\/www.hashtag.al\/index.php\/wp-json\/wp\/v2\/posts"}],"about":[{"href":"https:\/\/www.hashtag.al\/index.php\/wp-json\/wp\/v2\/types\/post"}],"author":[{"embeddable":true,"href":"https:\/\/www.hashtag.al\/index.php\/wp-json\/wp\/v2\/users\/49"}],"replies":[{"embeddable":true,"href":"https:\/\/www.hashtag.al\/index.php\/wp-json\/wp\/v2\/comments?post=787602"}],"version-history":[{"count":99999,"href":"https:\/\/www.hashtag.al\/index.php\/wp-json\/wp\/v2\/posts\/787602\/revisions"}],"predecessor-version":[{"id":787604,"href":"https:\/\/www.hashtag.al\/index.php\/wp-json\/wp\/v2\/posts\/787602\/revisions\/787604"}],"wp:featuredmedia":[{"embeddable":true,"href":"https:\/\/www.hashtag.al\/index.php\/wp-json\/wp\/v2\/media\/787603"}],"wp:attachment":[{"href":"https:\/\/www.hashtag.al\/index.php\/wp-json\/wp\/v2\/media?parent=787602"}],"wp:term":[{"taxonomy":"category","embeddable":true,"href":"https:\/\/www.hashtag.al\/index.php\/wp-json\/wp\/v2\/categories?post=787602"},{"taxonomy":"post_tag","embeddable":true,"href":"https:\/\/www.hashtag.al\/index.php\/wp-json\/wp\/v2\/tags?post=787602"}],"curies":[{"name":"wp","href":"https:\/\/api.w.org\/{rel}","templated":true}]}}