{"id":787555,"date":"2026-02-21T21:39:39","date_gmt":"2026-02-21T20:39:39","guid":{"rendered":"https:\/\/www.hashtag.al\/?p=787555"},"modified":"2026-02-21T21:39:39","modified_gmt":"2026-02-21T20:39:39","slug":"gjykata-supreme-vendos-kufij-per-trumpin-rrezon-tarifat-globale","status":"publish","type":"post","link":"https:\/\/www.hashtag.al\/index.php\/2026\/02\/21\/gjykata-supreme-vendos-kufij-per-trumpin-rrezon-tarifat-globale\/","title":{"rendered":"Gjykata Supreme vendos kufij p\u00ebr Trumpin, rr\u00ebzon tarifat globale","gt_translate_keys":[{"key":"rendered","format":"text"}]},"content":{"rendered":"<div class=\"text-module__text__0GDob text-module__dark-grey__UFC18 text-module__regular__qJJtA text-module__small__sph8i body-module__full_width__kCIGb body-module__small_body__gOmDf article-body-module__paragraph__Ts-yF\" data-testid=\"paragraph-0\">\n<p><span style=\"color: #000000;\"><img loading=\"lazy\" decoding=\"async\" class=\"aligncenter size-full wp-image-787556\" src=\"https:\/\/www.hashtag.al\/wp-content\/uploads\/2026\/02\/Screenshot-2026-02-21-192341.png\" alt=\"\" width=\"752\" height=\"467\" srcset=\"https:\/\/www.hashtag.al\/wp-content\/uploads\/2026\/02\/Screenshot-2026-02-21-192341.png 752w, https:\/\/www.hashtag.al\/wp-content\/uploads\/2026\/02\/Screenshot-2026-02-21-192341-300x186.png 300w\" sizes=\"auto, (max-width: 752px) 100vw, 752px\" \/><\/span><\/p>\n<p><span style=\"color: #000000;\">Pas mb\u00ebshtetjes s\u00eb Presidentit\u00a0Donald Trump\u00a0n\u00eb dhjet\u00ebra raste gjat\u00eb vitit t\u00eb kaluar, duke forcuar pushtetin e tij dhe duke i hapur rrug\u00eb ndryshimeve t\u00eb shpejta n\u00eb politikat amerikane p\u00ebr emigracionin, sh\u00ebrbimin ushtarak, pun\u00ebsimin federal dhe fusha t\u00eb tjera,\u00a0Gjykata Supreme e SHBA\u00a0ka vendosur m\u00eb n\u00eb fund t\u00eb nd\u00ebrhyj\u00eb.<\/span><\/p>\n<p><span style=\"color: #000000;\">T\u00eb premten, Gjykata rr\u00ebzoi nj\u00eb nga prioritetet kryesore t\u00eb Trump n\u00eb mandatin e tij t\u00eb dyt\u00eb, duke vendosur me nj\u00eb vendim t\u00eb pazakont\u00eb se tarifa gjith\u00ebp\u00ebrfshir\u00ebse globale e vendosur ndaj pothuajse t\u00eb gjith\u00eb partner\u00ebve tregtar\u00eb t\u00eb Shteteve t\u00eb Bashkuara ka tejkaluar kompetencat e tij sipas ligjit federal.\u00a0<\/span><\/p>\n<p><span style=\"color: #000000;\">Vendimi, i hartuar nga Kryetari konservator i\u00a0Gjykata Supreme e SHBA,\u00a0John Roberts, ishte i prer\u00eb si n\u00eb p\u00ebrmbajtje ashtu edhe n\u00eb efekt, dhe nuk la hap\u00ebsir\u00eb p\u00ebr interpretime apo shtyrje t\u00eb \u00e7\u00ebshtjes s\u00eb ligjshm\u00ebris\u00eb s\u00eb tarifave p\u00ebr nj\u00eb moment tjet\u00ebr. Gjykata i rr\u00ebzoi ato n\u00eb m\u00ebnyr\u00eb kategorike, pa u ndalur n\u00eb pasojat q\u00eb mund t\u00eb kishte vendimi p\u00ebr rimbursimet, marr\u00ebveshjet tregtare apo vet\u00eb presidentin republikan\u00a0Donald Trump.<\/span><\/p>\n<p><span style=\"color: #000000;\">Me k\u00ebt\u00eb vendim, Gjykata riafirmoi rolin e saj si nj\u00eb mekaniz\u00ebm kontrolli ndaj deg\u00ebve t\u00eb tjera t\u00eb qeverisjes, p\u00ebrfshir\u00eb edhe presidentin, pas nj\u00eb viti gjat\u00eb t\u00eb cilit kritik\u00eb dhe studiues t\u00eb s\u00eb drejt\u00ebs kishin shprehur gjithnj\u00eb e m\u00eb shum\u00eb dyshime p\u00ebr balanc\u00ebn e pushteteve, raporton <a href=\"https:\/\/www.reuters.com\/world\/us\/with-tariffs-ruling-supreme-court-reasserts-its-power-check-trump-2026-02-21\/\"><span style=\"color: #0000ff;\"><strong>Reuters.<\/strong><\/span><\/a><\/span><\/p>\n<p><span style=\"color: #000000;\"><em>\u201cGjykata ka treguar se nuk do t\u00eb ofroj\u00eb domosdoshm\u00ebrisht mbulim ligjor p\u00ebr \u00e7do pik\u00eb t\u00eb platform\u00ebs s\u00eb Trumpit\u201d,<\/em> u shpreh Peter Shane, ekspert i s\u00eb drejt\u00ebs kushtetuese dhe i presidenc\u00ebs n\u00eb Shkoll\u00ebn e Drejt\u00ebsis\u00eb t\u00eb\u00a0Universiteti i Nju Jorkut.<\/span><\/p>\n<\/div>\n","protected":false,"gt_translate_keys":[{"key":"rendered","format":"html"}]},"excerpt":{"rendered":"<p>Pas mb\u00ebshtetjes s\u00eb Presidentit\u00a0Donald Trump\u00a0n\u00eb dhjet\u00ebra raste gjat\u00eb vitit t\u00eb kaluar, duke forcuar pushtetin e tij dhe duke i hapur rrug\u00eb ndryshimeve t\u00eb shpejta n\u00eb politikat amerikane p\u00ebr emigracionin, sh\u00ebrbimin ushtarak, pun\u00ebsimin federal dhe fusha t\u00eb tjera,\u00a0Gjykata Supreme e SHBA\u00a0ka vendosur m\u00eb n\u00eb fund t\u00eb nd\u00ebrhyj\u00eb. T\u00eb premten, Gjykata rr\u00ebzoi nj\u00eb nga prioritetet kryesore t\u00eb [&hellip;]<\/p>\n","protected":false,"gt_translate_keys":[{"key":"rendered","format":"html"}]},"author":49,"featured_media":787556,"comment_status":"closed","ping_status":"open","sticky":false,"template":"","format":"standard","meta":{"footnotes":""},"categories":[6],"tags":[],"class_list":["post-787555","post","type-post","status-publish","format-standard","has-post-thumbnail","hentry","category-nderkombetare"],"gt_translate_keys":[{"key":"link","format":"url"}],"_links":{"self":[{"href":"https:\/\/www.hashtag.al\/index.php\/wp-json\/wp\/v2\/posts\/787555","targetHints":{"allow":["GET"]}}],"collection":[{"href":"https:\/\/www.hashtag.al\/index.php\/wp-json\/wp\/v2\/posts"}],"about":[{"href":"https:\/\/www.hashtag.al\/index.php\/wp-json\/wp\/v2\/types\/post"}],"author":[{"embeddable":true,"href":"https:\/\/www.hashtag.al\/index.php\/wp-json\/wp\/v2\/users\/49"}],"replies":[{"embeddable":true,"href":"https:\/\/www.hashtag.al\/index.php\/wp-json\/wp\/v2\/comments?post=787555"}],"version-history":[{"count":99999,"href":"https:\/\/www.hashtag.al\/index.php\/wp-json\/wp\/v2\/posts\/787555\/revisions"}],"predecessor-version":[{"id":787577,"href":"https:\/\/www.hashtag.al\/index.php\/wp-json\/wp\/v2\/posts\/787555\/revisions\/787577"}],"wp:featuredmedia":[{"embeddable":true,"href":"https:\/\/www.hashtag.al\/index.php\/wp-json\/wp\/v2\/media\/787556"}],"wp:attachment":[{"href":"https:\/\/www.hashtag.al\/index.php\/wp-json\/wp\/v2\/media?parent=787555"}],"wp:term":[{"taxonomy":"category","embeddable":true,"href":"https:\/\/www.hashtag.al\/index.php\/wp-json\/wp\/v2\/categories?post=787555"},{"taxonomy":"post_tag","embeddable":true,"href":"https:\/\/www.hashtag.al\/index.php\/wp-json\/wp\/v2\/tags?post=787555"}],"curies":[{"name":"wp","href":"https:\/\/api.w.org\/{rel}","templated":true}]}}