{"id":787543,"date":"2026-02-21T18:11:28","date_gmt":"2026-02-21T17:11:28","guid":{"rendered":"https:\/\/www.hashtag.al\/?p=787543"},"modified":"2026-02-21T18:11:28","modified_gmt":"2026-02-21T17:11:28","slug":"tabaku-amnistia-fiskale-smund-te-jete-ligj-preferencial-per-ata-afer-qeverise","status":"publish","type":"post","link":"https:\/\/www.hashtag.al\/index.php\/2026\/02\/21\/tabaku-amnistia-fiskale-smund-te-jete-ligj-preferencial-per-ata-afer-qeverise\/","title":{"rendered":"Tabaku: Amnistia Fiskale s\u2019mund t\u00eb jet\u00eb ligj preferencial p\u00ebr ata af\u00ebr qeveris\u00eb","gt_translate_keys":[{"key":"rendered","format":"text"}]},"content":{"rendered":"<p data-start=\"143\" data-end=\"361\"><span style=\"color: #000000;\"><img loading=\"lazy\" decoding=\"async\" class=\"aligncenter size-full wp-image-787544\" src=\"https:\/\/www.hashtag.al\/wp-content\/uploads\/2026\/02\/Screenshot-2026-02-21-175728.png\" alt=\"\" width=\"723\" height=\"542\" srcset=\"https:\/\/www.hashtag.al\/wp-content\/uploads\/2026\/02\/Screenshot-2026-02-21-175728.png 723w, https:\/\/www.hashtag.al\/wp-content\/uploads\/2026\/02\/Screenshot-2026-02-21-175728-300x225.png 300w\" sizes=\"auto, (max-width: 723px) 100vw, 723px\" \/><\/span><\/p>\n<p data-start=\"143\" data-end=\"361\"><span style=\"color: #000000;\">Deputetja e Partis\u00eb Demokratike, Jorida Tabaku, e ftuar n\u00eb emisionin &#8220;<span class=\"hover:entity-accent entity-underline inline cursor-pointer align-baseline\"><span class=\"whitespace-normal\">Kjo Jav\u00eb&#8221;<\/span><\/span>\u00a0n\u00eb <a href=\"https:\/\/www.balkanweb.com\/tatimet-u-perdoren-si-presion-ndaj-news24-tabaku-amnistia-fiskale-smund-te-jete-ligj-preferencial-per-ata-afer-qeverise\/#gsc.tab=0\"><span style=\"color: #0000ff;\"><strong>News24,<\/strong><\/span><\/a> deklaroi se Tatimet jan\u00eb p\u00ebrdorur nga qeveria si instrument presioni ndaj bizneseve t\u00eb ndershme.<\/span><\/p>\n<p data-start=\"363\" data-end=\"612\"><span style=\"color: #000000;\">Ajo u ndal n\u00eb rastin e News24, duke theksuar se shqet\u00ebsimi ishte ngritur edhe nga K\u00ebshilli i Europ\u00ebs. Sipas Tabakut, Paqja Fiskale po zbatohet pa transparenc\u00eb dhe rrezikon t\u00eb kthehet n\u00eb favor p\u00ebr bizneset pran\u00eb qeveris\u00eb.<\/span><\/p>\n<p><span style=\"color: #000000;\"><em>\u201cVjet ngrit\u00ebm rastin e News24 kur Tatimet u p\u00ebrdor\u00ebn si presion ndaj biznesit t\u00eb ndersh\u00ebm, shqet\u00ebsim q\u00eb u ngrit edhe nga K\u00ebshilli i Europ\u00ebs dhe Reporter\u00ebt. Ke nj\u00eb ekonomi informale q\u00eb operon sot n\u00eb Shqip\u00ebri.<\/em><\/span><\/p>\n<p><span style=\"color: #000000;\"><em>Kur u miratua Paqja Fiskale nj\u00eb shqet\u00ebsim ka qen\u00eb edhe transparenca, ku duhej b\u00ebr\u00eb transparenc\u00eb me list\u00ebn e fituesve.<\/em><\/span><\/p>\n<p><span style=\"color: #000000;\"><em>Amnistia nuk mund t\u00eb jet\u00eb nj\u00eb ligj i preferuar me ata q\u00eb jan\u00eb af\u00ebr qeveris\u00eb. N\u00ebse amnistia \u00ebsht\u00eb mjet preferencial kthehet n\u00eb mjet selektiv dhe prek konkurrenc\u00eb.<\/em><\/span><\/p>\n<p><span style=\"color: #000000;\"><em>Aktet n\u00ebnligjore duhet t\u00eb ishin miratuar menj\u00ebher\u00eb, caktojn\u00eb \u201crregullat\u201d si zbatohet Paqja.<\/em><\/span><\/p>\n<p><span style=\"color: #000000;\"><em>Nuk mund t\u00eb jet\u00eb paqja fiskale favor p\u00ebr biznese af\u00ebr qeveris\u00eb.<\/em><\/span><\/p>\n<p><span style=\"color: #000000;\"><em>Kontrollet fiskale p\u00ebrdoren edhe si mjet presioni ndaj biznesit. Shum\u00eb koleg\u00eb edhe t\u00eb majt\u00eb e kan\u00eb ngritur z\u00ebrin p\u00ebr k\u00ebt\u00eb problem edhe n\u00eb Kuvend. Gjoba p\u00ebrdoret si instrument frike dhe presioni\u201d<\/em>, tha ajo.<\/span><\/p>\n<p>&nbsp;<\/p>\n<p>&nbsp;<\/p>\n","protected":false,"gt_translate_keys":[{"key":"rendered","format":"html"}]},"excerpt":{"rendered":"<p>Deputetja e Partis\u00eb Demokratike, Jorida Tabaku, e ftuar n\u00eb emisionin &#8220;Kjo Jav\u00eb&#8221;\u00a0n\u00eb News24, deklaroi se Tatimet jan\u00eb p\u00ebrdorur nga qeveria si instrument presioni ndaj bizneseve t\u00eb ndershme. Ajo u ndal n\u00eb rastin e News24, duke theksuar se shqet\u00ebsimi ishte ngritur edhe nga K\u00ebshilli i Europ\u00ebs. Sipas Tabakut, Paqja Fiskale po zbatohet pa transparenc\u00eb dhe rrezikon [&hellip;]<\/p>\n","protected":false,"gt_translate_keys":[{"key":"rendered","format":"html"}]},"author":49,"featured_media":787544,"comment_status":"closed","ping_status":"open","sticky":false,"template":"","format":"standard","meta":{"footnotes":""},"categories":[65],"tags":[],"class_list":["post-787543","post","type-post","status-publish","format-standard","has-post-thumbnail","hentry","category-lajme"],"gt_translate_keys":[{"key":"link","format":"url"}],"_links":{"self":[{"href":"https:\/\/www.hashtag.al\/index.php\/wp-json\/wp\/v2\/posts\/787543","targetHints":{"allow":["GET"]}}],"collection":[{"href":"https:\/\/www.hashtag.al\/index.php\/wp-json\/wp\/v2\/posts"}],"about":[{"href":"https:\/\/www.hashtag.al\/index.php\/wp-json\/wp\/v2\/types\/post"}],"author":[{"embeddable":true,"href":"https:\/\/www.hashtag.al\/index.php\/wp-json\/wp\/v2\/users\/49"}],"replies":[{"embeddable":true,"href":"https:\/\/www.hashtag.al\/index.php\/wp-json\/wp\/v2\/comments?post=787543"}],"version-history":[{"count":99999,"href":"https:\/\/www.hashtag.al\/index.php\/wp-json\/wp\/v2\/posts\/787543\/revisions"}],"predecessor-version":[{"id":787545,"href":"https:\/\/www.hashtag.al\/index.php\/wp-json\/wp\/v2\/posts\/787543\/revisions\/787545"}],"wp:featuredmedia":[{"embeddable":true,"href":"https:\/\/www.hashtag.al\/index.php\/wp-json\/wp\/v2\/media\/787544"}],"wp:attachment":[{"href":"https:\/\/www.hashtag.al\/index.php\/wp-json\/wp\/v2\/media?parent=787543"}],"wp:term":[{"taxonomy":"category","embeddable":true,"href":"https:\/\/www.hashtag.al\/index.php\/wp-json\/wp\/v2\/categories?post=787543"},{"taxonomy":"post_tag","embeddable":true,"href":"https:\/\/www.hashtag.al\/index.php\/wp-json\/wp\/v2\/tags?post=787543"}],"curies":[{"name":"wp","href":"https:\/\/api.w.org\/{rel}","templated":true}]}}