{"id":787506,"date":"2026-02-21T14:17:47","date_gmt":"2026-02-21T13:17:47","guid":{"rendered":"https:\/\/www.hashtag.al\/?p=787506"},"modified":"2026-02-21T14:17:52","modified_gmt":"2026-02-21T13:17:52","slug":"lapaj-ironizon-protesten-e-pd-se-nese-duhet-te-largohemi-pas-dy-oresh-kete-nuk-e-bejme","status":"publish","type":"post","link":"https:\/\/www.hashtag.al\/index.php\/2026\/02\/21\/lapaj-ironizon-protesten-e-pd-se-nese-duhet-te-largohemi-pas-dy-oresh-kete-nuk-e-bejme\/","title":{"rendered":"Lapaj ironizon protest\u00ebn e PD-s\u00eb: N\u00ebse duhet t\u00eb largohemi pas dy or\u00ebsh, k\u00ebt\u00eb nuk e b\u00ebjm\u00eb","gt_translate_keys":[{"key":"rendered","format":"text"}]},"content":{"rendered":"<p data-start=\"84\" data-end=\"347\"><span style=\"color: #000000;\"><a href=\"https:\/\/www.hashtag.al\/index.php\/2026\/02\/21\/lapaj-ironizon-protesten-e-pd-se-nese-duhet-te-largohemi-pas-dy-oresh-kete-nuk-e-bejme\/img_7484\/\" rel=\"attachment wp-att-787507\"><img loading=\"lazy\" decoding=\"async\" class=\"size-full wp-image-787507 aligncenter\" src=\"https:\/\/www.hashtag.al\/wp-content\/uploads\/2026\/02\/IMG_7484.jpeg\" alt=\"\" width=\"762\" height=\"457\" srcset=\"https:\/\/www.hashtag.al\/wp-content\/uploads\/2026\/02\/IMG_7484.jpeg 762w, https:\/\/www.hashtag.al\/wp-content\/uploads\/2026\/02\/IMG_7484-300x180.jpeg 300w, https:\/\/www.hashtag.al\/wp-content\/uploads\/2026\/02\/IMG_7484-760x457.jpeg 760w\" sizes=\"auto, (max-width: 762px) 100vw, 762px\" \/><\/a><br \/>\nKreu i l\u00ebvizjes \u201cShqip\u00ebria B\u00ebhet\u201d, <span class=\"hover:entity-accent entity-underline inline cursor-pointer align-baseline\"><span class=\"whitespace-normal\">Adriatik Lapaj<\/span><\/span>, reagoi me tone ironike pas protest\u00ebs s\u00eb <span class=\"hover:entity-accent entity-underline inline cursor-pointer align-baseline\"><span class=\"whitespace-normal\">Partia Demokratike<\/span><\/span>, duke theksuar se beteja e v\u00ebrtet\u00eb q\u00ebndron te q\u00ebndresa e pand\u00ebrprer\u00eb n\u00eb shesh dhe jo te largimi pas disa or\u00ebsh.<\/span><\/p>\n<p data-start=\"349\" data-end=\"694\"><span style=\"color: #000000;\">\u201cShum\u00eb demokrat\u00eb m\u00eb than\u00eb: \u2018Adriatik, ejani bashkohuni me ne\u2019, por un\u00eb iu p\u00ebrgjigja: t\u00eb bashkohemi p\u00ebr \u00e7far\u00eb? N\u00ebse b\u00ebhet fjal\u00eb p\u00ebr t\u00eb q\u00ebndruar n\u00eb shesh dhe p\u00ebr ta detyruar <span class=\"hover:entity-accent entity-underline inline cursor-pointer align-baseline\"><span class=\"whitespace-normal\">Edi Rama<\/span><\/span> t\u00eb t\u00ebrhiqet, ne jemi k\u00ebtu, dakord. Por n\u00ebse duhet t\u00eb bashkohemi q\u00eb pas dy or\u00ebsh t\u00eb largohemi s\u00ebrish, k\u00ebt\u00eb nuk e b\u00ebjm\u00eb,\u201d deklaroi Lapaj.<\/span><\/p>\n<p data-start=\"696\" data-end=\"859\"><span style=\"color: #000000;\">Sipas tij, p\u00ebrmes q\u00ebndres\u00ebs po i jepet jehon\u00eb \u00e7\u00ebshtjes n\u00eb aren\u00ebn nd\u00ebrkomb\u00ebtare dhe po rritet presioni ndaj aktor\u00ebve t\u00eb tjer\u00eb opozitar\u00eb p\u00ebr t\u2019iu bashkuar protest\u00ebs.<\/span><\/p>\n<p data-start=\"861\" data-end=\"1036\" data-is-last-node=\"\" data-is-only-node=\"\"><span style=\"color: #000000;\">\u201cMe q\u00ebndres\u00ebn ton\u00eb nuk po lejojm\u00eb q\u00eb kjo plag\u00eb t\u00eb mbyllet; p\u00ebrkundrazi, po ushtrojm\u00eb presion edhe mbi aktor\u00eb t\u00eb tjer\u00eb opozitar\u00eb q\u00eb t\u00eb vijn\u00eb k\u00ebtu dhe t\u00eb p\u00ebrballen,\u201d theksoi ai.<\/span><\/p>\n","protected":false,"gt_translate_keys":[{"key":"rendered","format":"html"}]},"excerpt":{"rendered":"<p>Kreu i l\u00ebvizjes \u201cShqip\u00ebria B\u00ebhet\u201d, Adriatik Lapaj, reagoi me tone ironike pas protest\u00ebs s\u00eb Partia Demokratike, duke theksuar se beteja e v\u00ebrtet\u00eb q\u00ebndron te q\u00ebndresa e pand\u00ebrprer\u00eb n\u00eb shesh dhe jo te largimi pas disa or\u00ebsh. \u201cShum\u00eb demokrat\u00eb m\u00eb than\u00eb: \u2018Adriatik, ejani bashkohuni me ne\u2019, por un\u00eb iu p\u00ebrgjigja: t\u00eb bashkohemi p\u00ebr \u00e7far\u00eb? N\u00ebse b\u00ebhet [&hellip;]<\/p>\n","protected":false,"gt_translate_keys":[{"key":"rendered","format":"html"}]},"author":32,"featured_media":787507,"comment_status":"closed","ping_status":"open","sticky":false,"template":"","format":"standard","meta":{"footnotes":""},"categories":[65],"tags":[],"class_list":["post-787506","post","type-post","status-publish","format-standard","has-post-thumbnail","hentry","category-lajme"],"gt_translate_keys":[{"key":"link","format":"url"}],"_links":{"self":[{"href":"https:\/\/www.hashtag.al\/index.php\/wp-json\/wp\/v2\/posts\/787506","targetHints":{"allow":["GET"]}}],"collection":[{"href":"https:\/\/www.hashtag.al\/index.php\/wp-json\/wp\/v2\/posts"}],"about":[{"href":"https:\/\/www.hashtag.al\/index.php\/wp-json\/wp\/v2\/types\/post"}],"author":[{"embeddable":true,"href":"https:\/\/www.hashtag.al\/index.php\/wp-json\/wp\/v2\/users\/32"}],"replies":[{"embeddable":true,"href":"https:\/\/www.hashtag.al\/index.php\/wp-json\/wp\/v2\/comments?post=787506"}],"version-history":[{"count":99999,"href":"https:\/\/www.hashtag.al\/index.php\/wp-json\/wp\/v2\/posts\/787506\/revisions"}],"predecessor-version":[{"id":787509,"href":"https:\/\/www.hashtag.al\/index.php\/wp-json\/wp\/v2\/posts\/787506\/revisions\/787509"}],"wp:featuredmedia":[{"embeddable":true,"href":"https:\/\/www.hashtag.al\/index.php\/wp-json\/wp\/v2\/media\/787507"}],"wp:attachment":[{"href":"https:\/\/www.hashtag.al\/index.php\/wp-json\/wp\/v2\/media?parent=787506"}],"wp:term":[{"taxonomy":"category","embeddable":true,"href":"https:\/\/www.hashtag.al\/index.php\/wp-json\/wp\/v2\/categories?post=787506"},{"taxonomy":"post_tag","embeddable":true,"href":"https:\/\/www.hashtag.al\/index.php\/wp-json\/wp\/v2\/tags?post=787506"}],"curies":[{"name":"wp","href":"https:\/\/api.w.org\/{rel}","templated":true}]}}