{"id":787411,"date":"2026-02-20T21:07:08","date_gmt":"2026-02-20T20:07:08","guid":{"rendered":"https:\/\/www.hashtag.al\/?p=787411"},"modified":"2026-02-20T21:07:08","modified_gmt":"2026-02-20T20:07:08","slug":"macron-e-meloni-perplasen-pas-vrasjes-se-aktivistit-te-djathte","status":"publish","type":"post","link":"https:\/\/www.hashtag.al\/index.php\/2026\/02\/20\/macron-e-meloni-perplasen-pas-vrasjes-se-aktivistit-te-djathte\/","title":{"rendered":"Macron e Meloni p\u00ebrplasen pas vrasjes s\u00eb aktivistit t\u00eb djatht\u00eb","gt_translate_keys":[{"key":"rendered","format":"text"}]},"content":{"rendered":"<p><img loading=\"lazy\" decoding=\"async\" class=\"aligncenter size-full wp-image-787412\" src=\"https:\/\/www.hashtag.al\/wp-content\/uploads\/2026\/02\/quentin.jpg\" alt=\"\" width=\"768\" height=\"432\" srcset=\"https:\/\/www.hashtag.al\/wp-content\/uploads\/2026\/02\/quentin.jpg 768w, https:\/\/www.hashtag.al\/wp-content\/uploads\/2026\/02\/quentin-300x169.jpg 300w\" sizes=\"auto, (max-width: 768px) 100vw, 768px\" \/><\/p>\n<p><span style=\"color: #000000;\">Presidenti francez Emmanuel Macron ka kund\u00ebrshtuar komentet e kryeministres italiane Giorgia Meloni lidhur me vrasjen e aktivistit t\u00eb krahut t\u00eb djatht\u00eb francez, Quentin Deranque.<\/span><\/p>\n<p><span style=\"color: #000000;\">Deranque, nj\u00eb student i matematik\u00ebs, vdiq nga plag\u00ebt e tij t\u00eb shtun\u00ebn pas nj\u00eb p\u00ebrleshjeje mes grupeve rivale n\u00eb qytetin e Lionit, n\u00eb juglindje t\u00eb Franc\u00ebs. Sipas Le Monde, shumica e 11 t\u00eb dyshuarve t\u00eb ndaluar jan\u00eb nga l\u00ebvizjet e krahut t\u00eb majt\u00eb.<\/span><\/p>\n<p><span style=\"color: #000000;\">T\u00eb m\u00ebrkur\u00ebn, Meloni tha se vrasja e Deranque ishte &#8220;nj\u00eb plag\u00eb p\u00ebr t\u00eb gjith\u00eb Evrop\u00ebn&#8221;, duke denoncuar &#8220;klim\u00ebn e urrejtjes ideologjike q\u00eb po p\u00ebrfshin disa kombe&#8221;.<\/span><\/p>\n<p><span style=\"color: #000000;\">Macron tha se &#8220;asgj\u00eb nuk mund t\u00eb justifikoj\u00eb veprimet e dhunshme&#8221;, duke shtuar se t\u00eb gjith\u00eb duhet t\u00eb &#8220;q\u00ebndrojn\u00eb n\u00eb korsin\u00eb e tyre&#8221;.<\/span><\/p>\n<p><span style=\"color: #000000;\"><em>\u201cGjithmon\u00eb m\u00eb habit fakti q\u00eb njer\u00ebzit q\u00eb jan\u00eb nacionalist\u00eb, t\u00eb cil\u00ebt nuk duan q\u00eb askush t\u2019i shqet\u00ebsoj\u00eb n\u00eb sht\u00ebpin\u00eb e tyre, jan\u00eb gjithmon\u00eb t\u00eb par\u00ebt q\u00eb komentojn\u00eb at\u00eb q\u00eb ndodh gjetk\u00eb,\u201d<\/em> tha Macron t\u00eb enjten gjat\u00eb nj\u00eb vizite n\u00eb Nju Delhi, shkruan <a href=\"https:\/\/www.rt.com\/news\/632805-macron-meloni-clashes-row\/\">Rt<\/a>.<\/span><\/p>\n<p><span style=\"color: #000000;\">Meloni u shpreh e xhindosur nga reagimi i Macron.<\/span><\/p>\n<p><span style=\"color: #000000;\"><em>\u201cFokusi im nuk \u00ebsht\u00eb te Franca, por te rreziqet e polarizimit n\u00eb shoq\u00ebri. Nd\u00ebrhyrja \u00ebsht\u00eb di\u00e7ka tjet\u00ebr,\u201d <\/em>tha ajo p\u00ebr Sky TG24.<\/span><\/p>\n<p><span style=\"color: #000000;\">Ministri i Brendsh\u00ebm francez Laurent Nunez dhe ministri i Drejt\u00ebsis\u00eb Gerald Darmanin ia faturuan vrasjen e Deranque aktivist\u00ebve t\u00eb &#8220;ultra t\u00eb majt\u00ebs&#8221;. Mb\u00ebshtet\u00ebsit e Deranque e p\u00ebrshkruan vdekjen e tij si nj\u00eb &#8220;lin\u00e7im&#8221; dhe than\u00eb se u sulmuan nga nj\u00eb turm\u00eb nd\u00ebrsa po p\u00ebrpiqeshin t\u00eb protestonin kund\u00ebr nj\u00eb aktiviteti t\u00eb organizuar nga nj\u00eb politikan i partis\u00eb s\u00eb majt\u00eb La France Insoumise (LFI).<\/span><\/p>\n<p><span style=\"color: #000000;\">Nj\u00eb video e incidentit tregon nj\u00eb p\u00ebrleshje mes dy grupeve, me disa persona q\u00eb godasin me grushte dhe shkelma nj\u00eb burr\u00eb t\u00eb shtrir\u00eb n\u00eb tok\u00eb.<\/span><\/p>\n<p><span style=\"color: #000000;\">T\u00eb enjten, zyra e prokurorit t\u00eb Lionit tha se dy burra jan\u00eb akuzuar p\u00ebr vrasje, nd\u00ebrsa Jacques-Elie Favrot, nj\u00eb asistent i nj\u00eb ligjv\u00ebn\u00ebsi t\u00eb LFI-s\u00eb, u akuzua p\u00ebr &#8220;bashk\u00ebpunim p\u00ebrmes nxitjes&#8221;.<\/span><\/p>\n<p><span style=\"color: #000000;\">Partia La France Insoumise mohoi \u00e7do lidhje me krimin dhe akuzoi autoritetet p\u00ebr &#8220;manipulim politik&#8221;.<\/span><\/p>\n<div style=\"width: 1170px;\" class=\"wp-video\"><video class=\"wp-video-shortcode\" id=\"video-787411-1\" width=\"1170\" height=\"658\" preload=\"metadata\" controls=\"controls\"><source type=\"video\/mp4\" src=\"https:\/\/www.hashtag.al\/wp-content\/uploads\/2026\/02\/ssstwitter.com_1771615445197.mp4?_=1\" \/><a href=\"https:\/\/www.hashtag.al\/wp-content\/uploads\/2026\/02\/ssstwitter.com_1771615445197.mp4\">https:\/\/www.hashtag.al\/wp-content\/uploads\/2026\/02\/ssstwitter.com_1771615445197.mp4<\/a><\/video><\/div>\n","protected":false,"gt_translate_keys":[{"key":"rendered","format":"html"}]},"excerpt":{"rendered":"<p>Presidenti francez Emmanuel Macron ka kund\u00ebrshtuar komentet e kryeministres italiane Giorgia Meloni lidhur me vrasjen e aktivistit t\u00eb krahut t\u00eb djatht\u00eb francez, Quentin Deranque. Deranque, nj\u00eb student i matematik\u00ebs, vdiq nga plag\u00ebt e tij t\u00eb shtun\u00ebn pas nj\u00eb p\u00ebrleshjeje mes grupeve rivale n\u00eb qytetin e Lionit, n\u00eb juglindje t\u00eb Franc\u00ebs. Sipas Le Monde, shumica e [&hellip;]<\/p>\n","protected":false,"gt_translate_keys":[{"key":"rendered","format":"html"}]},"author":51,"featured_media":787412,"comment_status":"closed","ping_status":"open","sticky":false,"template":"","format":"standard","meta":{"footnotes":""},"categories":[53],"tags":[],"class_list":["post-787411","post","type-post","status-publish","format-standard","has-post-thumbnail","hentry","category-fast-foodi"],"gt_translate_keys":[{"key":"link","format":"url"}],"_links":{"self":[{"href":"https:\/\/www.hashtag.al\/index.php\/wp-json\/wp\/v2\/posts\/787411","targetHints":{"allow":["GET"]}}],"collection":[{"href":"https:\/\/www.hashtag.al\/index.php\/wp-json\/wp\/v2\/posts"}],"about":[{"href":"https:\/\/www.hashtag.al\/index.php\/wp-json\/wp\/v2\/types\/post"}],"author":[{"embeddable":true,"href":"https:\/\/www.hashtag.al\/index.php\/wp-json\/wp\/v2\/users\/51"}],"replies":[{"embeddable":true,"href":"https:\/\/www.hashtag.al\/index.php\/wp-json\/wp\/v2\/comments?post=787411"}],"version-history":[{"count":99999,"href":"https:\/\/www.hashtag.al\/index.php\/wp-json\/wp\/v2\/posts\/787411\/revisions"}],"predecessor-version":[{"id":787416,"href":"https:\/\/www.hashtag.al\/index.php\/wp-json\/wp\/v2\/posts\/787411\/revisions\/787416"}],"wp:featuredmedia":[{"embeddable":true,"href":"https:\/\/www.hashtag.al\/index.php\/wp-json\/wp\/v2\/media\/787412"}],"wp:attachment":[{"href":"https:\/\/www.hashtag.al\/index.php\/wp-json\/wp\/v2\/media?parent=787411"}],"wp:term":[{"taxonomy":"category","embeddable":true,"href":"https:\/\/www.hashtag.al\/index.php\/wp-json\/wp\/v2\/categories?post=787411"},{"taxonomy":"post_tag","embeddable":true,"href":"https:\/\/www.hashtag.al\/index.php\/wp-json\/wp\/v2\/tags?post=787411"}],"curies":[{"name":"wp","href":"https:\/\/api.w.org\/{rel}","templated":true}]}}