{"id":787402,"date":"2026-02-20T20:38:02","date_gmt":"2026-02-20T19:38:02","guid":{"rendered":"https:\/\/www.hashtag.al\/?p=787402"},"modified":"2026-02-20T20:38:39","modified_gmt":"2026-02-20T19:38:39","slug":"denohet-alipinisti-austriak-qe-la-te-dashuren-te-vdiste-ne-mal","status":"publish","type":"post","link":"https:\/\/www.hashtag.al\/index.php\/2026\/02\/20\/denohet-alipinisti-austriak-qe-la-te-dashuren-te-vdiste-ne-mal\/","title":{"rendered":"D\u00ebnohet alpinisti austriak q\u00eb la t\u00eb dashur\u00ebn t\u00eb vdiste n\u00eb mal","gt_translate_keys":[{"key":"rendered","format":"text"}]},"content":{"rendered":"<p><img loading=\"lazy\" decoding=\"async\" class=\"aligncenter size-full wp-image-787404\" src=\"https:\/\/www.hashtag.al\/wp-content\/uploads\/2026\/02\/640262665_1478780357587165_8547278136282646778_n.jpg\" alt=\"\" width=\"700\" height=\"394\" srcset=\"https:\/\/www.hashtag.al\/wp-content\/uploads\/2026\/02\/640262665_1478780357587165_8547278136282646778_n.jpg 700w, https:\/\/www.hashtag.al\/wp-content\/uploads\/2026\/02\/640262665_1478780357587165_8547278136282646778_n-300x169.jpg 300w\" sizes=\"auto, (max-width: 700px) 100vw, 700px\" \/><\/p>\n<p><span style=\"color: #000000;\">Nj\u00eb gjykat\u00eb n\u00eb Innsbruck shpalli fajtor nj\u00eb alpinist austriak 37-vje\u00e7ar p\u00ebr vrasje nga pakujdesia, n\u00eb lidhje me vdekjen nga hipotermia t\u00eb partneres s\u00eb tij pran\u00eb maj\u00ebs s\u00eb Grossglockner, mali m\u00eb i lart\u00eb i Austris\u00eb.<\/span><\/p>\n<p><span style=\"color: #000000;\">Ngjarja ndodhi n\u00eb janar 2025, kur \u00e7ifti po ngjitej drejt maj\u00ebs. Sipas gjykat\u00ebs, pas nj\u00eb dite t\u00eb v\u00ebshtir\u00eb n\u00eb terren dhe me vonesa nga plani fillestar, gruaja 33-vje\u00e7are ishte e rraskapitur dhe nuk mund t\u00eb vazhdonte m\u00eb, rreth 50 metra posht\u00eb maj\u00ebs, n\u00eb kushte t\u00eb ashpra dimri. I pandehuri, i identifikuar si Thomas P., vendosi ta linte at\u00eb n\u00eb vend p\u00ebr t\u00eb k\u00ebrkuar ndihm\u00eb n\u00eb nj\u00eb streh\u00eb malore.<\/span><\/p>\n<p><span style=\"color: #000000;\">Gjykata konstatoi se ai e la partneren t\u00eb ekspozuar ndaj er\u00ebrave t\u00eb forta pa p\u00ebrdorur batanijen e emergjenc\u00ebs apo \u00e7ant\u00ebn e p\u00ebrshtatshme, t\u00eb cilat ndodheshin n\u00eb \u00e7ant\u00ebn e saj t\u00eb shpin\u00ebs. Ai deklaroi se kishte qen\u00eb n\u00ebn stres dhe nuk mund t\u00eb shpjegonte plot\u00ebsisht pse nuk i p\u00ebrdori pajisjet mbrojt\u00ebse.<\/span><\/p>\n<p><span style=\"color: #000000;\">Nj\u00eb telefonat\u00eb e shkurt\u00ebr drejtuar policis\u00eb malore nuk \u00e7oi n\u00eb nisjen e nj\u00eb operacioni k\u00ebrkim-shp\u00ebtimi, pasi &#8211; sipas autoriteteve &#8211; ai nuk e b\u00ebri t\u00eb qart\u00eb se situata ishte emergjente dhe m\u00eb pas nuk iu p\u00ebrgjigj thirrjeve apo mesazheve. I pandehuri pretendoi se telefoni i tij ishte vendosur n\u00eb \u201cairplane mode\u201d p\u00ebr t\u00eb kursyer baterin\u00eb.<\/span><\/p>\n<p><span style=\"color: #000000;\">Prokuroria solli si d\u00ebshmitare nj\u00eb ish-partnere t\u00eb tij, e cila tregoi p\u00ebr nj\u00eb incident t\u00eb ngjash\u00ebm n\u00eb vitin 2023, gjat\u00eb nj\u00eb tjet\u00ebr ngjitjeje n\u00eb t\u00eb nj\u00ebjtin mal, ku ai e kishte l\u00ebn\u00eb vet\u00ebm gjat\u00eb nat\u00ebs pas nj\u00eb mosmarr\u00ebveshjeje p\u00ebr itinerarin.<\/span><\/p>\n<p><span style=\"color: #000000;\">Gjykat\u00ebsi kryesues, Norbert Hofer, theksoi se i pandehuri, si alpinist me p\u00ebrvoj\u00eb m\u00eb t\u00eb madhe, kishte p\u00ebrgjegj\u00ebsi t\u00eb shtuar p\u00ebr sigurin\u00eb e partneres s\u00eb tij dhe duhej t\u00eb kishte parashikuar paaft\u00ebsin\u00eb e saj p\u00ebr t\u00eb p\u00ebrfunduar ngjitjen n\u00eb kushte t\u00eb tilla.<\/span><\/p>\n<p><span style=\"color: #000000;\">Ai u d\u00ebnua me pes\u00eb muaj burg me kusht dhe nj\u00eb gjob\u00eb prej 9,400 eurosh. D\u00ebnimi maksimal p\u00ebr k\u00ebt\u00eb vep\u00ebr sipas ligjit austriak \u00ebsht\u00eb deri n\u00eb tre vjet burg. Gjat\u00eb gjyqit, i pandehuri u deklarua i pafajsh\u00ebm, por shprehu keqardhje p\u00ebr ngjarjen.<\/span><\/p>\n<p><span style=\"color: #000000;\">Rasti ka nxitur debat mbi kufijt\u00eb e p\u00ebrgjegj\u00ebsis\u00eb penale n\u00eb alpiniz\u00ebm, nj\u00eb aktivitet me rrezik t\u00eb lart\u00eb ku pjes\u00ebmarr\u00ebsit zakonisht veprojn\u00eb me p\u00ebrgjegj\u00ebsi personale, por ku dallimet n\u00eb p\u00ebrvoj\u00eb mund t\u00eb krijojn\u00eb detyrime ligjore shtes\u00eb, shkruan <span style=\"color: #0000ff;\"><a style=\"color: #0000ff;\" href=\"https:\/\/www.reuters.com\/world\/climber-is-convicted-over-girlfriends-death-near-austrias-highest-peak-2026-02-19\/\">Reuters<\/a><\/span>.<\/span><\/p>\n","protected":false,"gt_translate_keys":[{"key":"rendered","format":"html"}]},"excerpt":{"rendered":"<p>Nj\u00eb gjykat\u00eb n\u00eb Innsbruck shpalli fajtor nj\u00eb alpinist austriak 37-vje\u00e7ar p\u00ebr vrasje nga pakujdesia, n\u00eb lidhje me vdekjen nga hipotermia t\u00eb partneres s\u00eb tij pran\u00eb maj\u00ebs s\u00eb Grossglockner, mali m\u00eb i lart\u00eb i Austris\u00eb. Ngjarja ndodhi n\u00eb janar 2025, kur \u00e7ifti po ngjitej drejt maj\u00ebs. Sipas gjykat\u00ebs, pas nj\u00eb dite t\u00eb v\u00ebshtir\u00eb n\u00eb terren dhe [&hellip;]<\/p>\n","protected":false,"gt_translate_keys":[{"key":"rendered","format":"html"}]},"author":51,"featured_media":787404,"comment_status":"closed","ping_status":"open","sticky":false,"template":"","format":"standard","meta":{"footnotes":""},"categories":[6],"tags":[],"class_list":["post-787402","post","type-post","status-publish","format-standard","has-post-thumbnail","hentry","category-nderkombetare"],"gt_translate_keys":[{"key":"link","format":"url"}],"_links":{"self":[{"href":"https:\/\/www.hashtag.al\/index.php\/wp-json\/wp\/v2\/posts\/787402","targetHints":{"allow":["GET"]}}],"collection":[{"href":"https:\/\/www.hashtag.al\/index.php\/wp-json\/wp\/v2\/posts"}],"about":[{"href":"https:\/\/www.hashtag.al\/index.php\/wp-json\/wp\/v2\/types\/post"}],"author":[{"embeddable":true,"href":"https:\/\/www.hashtag.al\/index.php\/wp-json\/wp\/v2\/users\/51"}],"replies":[{"embeddable":true,"href":"https:\/\/www.hashtag.al\/index.php\/wp-json\/wp\/v2\/comments?post=787402"}],"version-history":[{"count":99999,"href":"https:\/\/www.hashtag.al\/index.php\/wp-json\/wp\/v2\/posts\/787402\/revisions"}],"predecessor-version":[{"id":787406,"href":"https:\/\/www.hashtag.al\/index.php\/wp-json\/wp\/v2\/posts\/787402\/revisions\/787406"}],"wp:featuredmedia":[{"embeddable":true,"href":"https:\/\/www.hashtag.al\/index.php\/wp-json\/wp\/v2\/media\/787404"}],"wp:attachment":[{"href":"https:\/\/www.hashtag.al\/index.php\/wp-json\/wp\/v2\/media?parent=787402"}],"wp:term":[{"taxonomy":"category","embeddable":true,"href":"https:\/\/www.hashtag.al\/index.php\/wp-json\/wp\/v2\/categories?post=787402"},{"taxonomy":"post_tag","embeddable":true,"href":"https:\/\/www.hashtag.al\/index.php\/wp-json\/wp\/v2\/tags?post=787402"}],"curies":[{"name":"wp","href":"https:\/\/api.w.org\/{rel}","templated":true}]}}