{"id":787383,"date":"2026-02-20T18:57:06","date_gmt":"2026-02-20T17:57:06","guid":{"rendered":"https:\/\/www.hashtag.al\/?p=787383"},"modified":"2026-02-20T19:04:41","modified_gmt":"2026-02-20T18:04:41","slug":"qytetare-zgjohuni-nuk-kerkojme-asgje-tjeter-vec-zgjedhje-te-lira-e-ndershme-hasimja","status":"publish","type":"post","link":"https:\/\/www.hashtag.al\/index.php\/2026\/02\/20\/qytetare-zgjohuni-nuk-kerkojme-asgje-tjeter-vec-zgjedhje-te-lira-e-ndershme-hasimja\/","title":{"rendered":"\u201cQytetar\u00eb zgjohuni, nuk k\u00ebrkojm\u00eb asgj\u00eb tjet\u00ebr ve\u00e7 zgjedhje t\u00eb lira e ndershme\u201d &#8211; Hasimja","gt_translate_keys":[{"key":"rendered","format":"text"}]},"content":{"rendered":"<p><img loading=\"lazy\" decoding=\"async\" class=\"aligncenter size-full wp-image-787384\" src=\"https:\/\/www.hashtag.al\/wp-content\/uploads\/2026\/02\/Screenshot-2026-02-20-185035.jpg\" alt=\"\" width=\"952\" height=\"471\" srcset=\"https:\/\/www.hashtag.al\/wp-content\/uploads\/2026\/02\/Screenshot-2026-02-20-185035.jpg 952w, https:\/\/www.hashtag.al\/wp-content\/uploads\/2026\/02\/Screenshot-2026-02-20-185035-300x148.jpg 300w, https:\/\/www.hashtag.al\/wp-content\/uploads\/2026\/02\/Screenshot-2026-02-20-185035-768x380.jpg 768w\" sizes=\"auto, (max-width: 952px) 100vw, 952px\" \/><\/p>\n<p><span style=\"color: #000000;\">Aktivisisti Ermal Hasimja u b\u00ebri thirrje qytetar\u00ebve q\u00eb t\u00eb bashkohen n\u00eb shesh kund\u00ebr qeveris\u00eb s\u00eb kryeministrit Rama. <\/span><\/p>\n<p><span style=\"color: #000000;\">N\u00eb fjal\u00ebn e tij para mij\u00ebra qytetar\u00ebve t\u00eb mbledhur n\u00eb buleardin \u201cD\u00ebshmor\u00ebt e Kombit\u201d, ai tha se qytetar\u00ebt duhet t\u00eb bashkohen p\u00ebr t\u00eb b\u00ebr\u00eb rezistenc\u00eb p\u00ebr t\u00eb arritur kushtin minimal p\u00ebr zgjedhje t\u00eb lira e t\u00eb ndershme.<\/span><\/p>\n<p><span style=\"color: #000000;\"><em>\u201cShpresa nuk vjen nga p\u00ebrtej oqeanit, as me helikopter, Ejani ta krijojm\u00eb k\u00ebtu rezistenc\u00ebn, n\u00eb k\u00ebt\u00eb shesh. Njer\u00ebz t\u00eb ndersh\u00ebm e sidomos ju intelektual\u00eb, asnj\u00eb ndryshim nuk ka ardhur nga kolltuqet a nga kafet. N\u00ebse mendoni se poilitika \u00ebsht\u00eb e pis\u00ebt keni shum\u00eb t\u00eb drejt\u00eb, sepse t\u00eb ndershmit u hapin rrugen t\u00eb pandershm\u00ebve. Ndryshimi k\u00ebrkon sakrifica. N\u00ebse nuk ju p\u00eblqejn\u00eb k\u00ebto parti q\u00eb jan\u00eb k\u00ebtu, b\u00ebjeni vet\u00eb nj\u00eb pari tuaj\u00ebn. Qytetar\u00eb e di q\u00eb jeni t\u00eb zhg\u00ebnjyer nga politikan\u00ebt dhe nuk i besoni m\u00eb askujt, por bashkohuni me ne q\u00eb t\u00eb arrijm\u00eb kushtin minimal, zgjedhje t\u00eb lira e ndershme. Bashkohuni me ne n\u00eb mb\u00ebshtetje t\u00eb prokuror\u00ebve e gjykat\u00ebsve q\u00eb i nxorr\u00ebn boj\u00ebn k\u00ebsaj qeverie.\u201d<\/em> &#8211; tha nd\u00ebr t\u00eb tjera Hasimja.<\/span><\/p>\n","protected":false,"gt_translate_keys":[{"key":"rendered","format":"html"}]},"excerpt":{"rendered":"<p>Aktivisisti Ermal Hasimja u b\u00ebri thirrje qytetar\u00ebve q\u00eb t\u00eb bashkohen n\u00eb shesh kund\u00ebr qeveris\u00eb s\u00eb kryeministrit Rama. N\u00eb fjal\u00ebn e tij para mij\u00ebra qytetar\u00ebve t\u00eb mbledhur n\u00eb buleardin \u201cD\u00ebshmor\u00ebt e Kombit\u201d, ai tha se qytetar\u00ebt duhet t\u00eb bashkohen p\u00ebr t\u00eb b\u00ebr\u00eb rezistenc\u00eb p\u00ebr t\u00eb arritur kushtin minimal p\u00ebr zgjedhje t\u00eb lira e t\u00eb ndershme. \u201cShpresa [&hellip;]<\/p>\n","protected":false,"gt_translate_keys":[{"key":"rendered","format":"html"}]},"author":51,"featured_media":787384,"comment_status":"closed","ping_status":"open","sticky":false,"template":"","format":"standard","meta":{"footnotes":""},"categories":[65],"tags":[],"class_list":["post-787383","post","type-post","status-publish","format-standard","has-post-thumbnail","hentry","category-lajme"],"gt_translate_keys":[{"key":"link","format":"url"}],"_links":{"self":[{"href":"https:\/\/www.hashtag.al\/index.php\/wp-json\/wp\/v2\/posts\/787383","targetHints":{"allow":["GET"]}}],"collection":[{"href":"https:\/\/www.hashtag.al\/index.php\/wp-json\/wp\/v2\/posts"}],"about":[{"href":"https:\/\/www.hashtag.al\/index.php\/wp-json\/wp\/v2\/types\/post"}],"author":[{"embeddable":true,"href":"https:\/\/www.hashtag.al\/index.php\/wp-json\/wp\/v2\/users\/51"}],"replies":[{"embeddable":true,"href":"https:\/\/www.hashtag.al\/index.php\/wp-json\/wp\/v2\/comments?post=787383"}],"version-history":[{"count":99999,"href":"https:\/\/www.hashtag.al\/index.php\/wp-json\/wp\/v2\/posts\/787383\/revisions"}],"predecessor-version":[{"id":787387,"href":"https:\/\/www.hashtag.al\/index.php\/wp-json\/wp\/v2\/posts\/787383\/revisions\/787387"}],"wp:featuredmedia":[{"embeddable":true,"href":"https:\/\/www.hashtag.al\/index.php\/wp-json\/wp\/v2\/media\/787384"}],"wp:attachment":[{"href":"https:\/\/www.hashtag.al\/index.php\/wp-json\/wp\/v2\/media?parent=787383"}],"wp:term":[{"taxonomy":"category","embeddable":true,"href":"https:\/\/www.hashtag.al\/index.php\/wp-json\/wp\/v2\/categories?post=787383"},{"taxonomy":"post_tag","embeddable":true,"href":"https:\/\/www.hashtag.al\/index.php\/wp-json\/wp\/v2\/tags?post=787383"}],"curies":[{"name":"wp","href":"https:\/\/api.w.org\/{rel}","templated":true}]}}