{"id":787373,"date":"2026-02-20T18:24:05","date_gmt":"2026-02-20T17:24:05","guid":{"rendered":"https:\/\/www.hashtag.al\/?p=787373"},"modified":"2026-02-20T18:24:05","modified_gmt":"2026-02-20T17:24:05","slug":"kellici-qytetaret-smund-te-protestojne-me-lule-rama-po-mbron-banditen-balluku","status":"publish","type":"post","link":"https:\/\/www.hashtag.al\/index.php\/2026\/02\/20\/kellici-qytetaret-smund-te-protestojne-me-lule-rama-po-mbron-banditen-balluku\/","title":{"rendered":"K\u00eblli\u00e7i: Qytetar\u00ebt s\u2019mund t\u00eb protestojn\u00eb me lule, Rama po mbron banditen Balluku","gt_translate_keys":[{"key":"rendered","format":"text"}]},"content":{"rendered":"<p><img loading=\"lazy\" decoding=\"async\" class=\"aligncenter size-full wp-image-787374\" src=\"https:\/\/www.hashtag.al\/wp-content\/uploads\/2026\/02\/image-7.jpg\" alt=\"\" width=\"600\" height=\"258\" \/><\/p>\n<p><span style=\"color: #000000;\">Deputeti i PD-s\u00eb K\u00eblli\u00e7i tha mbr\u00ebmjen e sotme se protestat nuk mund t\u00eb b\u00ebhen me buqeta me lule. <\/span><\/p>\n<p><span style=\"color: #000000;\">N\u00eb nj\u00eb deklarat\u00eb p\u00ebr mediat demokrati tha se kryeministri Rama po mbron ministren e korruptuar Balluku q\u00eb \u00ebsht\u00eb kapur n\u00eb flagranc\u00eb.<\/span><\/p>\n<p><span style=\"color: #000000;\"><em>\u201cK\u00ebt\u00eb her\u00eb jam k\u00ebtu jam n\u00eb rresht t\u00eb par\u00eb si\u00e7 e premtova. Rama po mbron nj\u00eb bandit\u00eb si Belinda Balluku e kapur n\u00eb flagranc\u00eb. Tentativa e tij \u00ebsht\u00eb p\u00ebr t\u00eb mbrojtur vart\u00ebsit e korruptuar. Ajo q\u00eb ka ndodhur me rastin Balluku duhet th\u00ebn\u00eb se kryeministrit nuk i intereson shum\u00eb p\u00ebr Ballukun, por p\u00ebr veten e tij. N\u00eb rastin e Ballukut un\u00eb kam p\u00ebrg\u00ebzuar prokurorin e \u00e7\u00ebshtjes q\u00eb ka marr\u00eb edhe k\u00ebrc\u00ebnim me jet\u00eb. Un\u00eb e them q\u00eb jam i qart\u00eb me q\u00ebndrimet q\u00eb ne si opozit\u00eb kemi mbajtur n\u00eb raport me opozit\u00ebn. Aty ku drejt\u00ebsia vepron t\u00eb gjitha veprimet hetimore nuk ka r\u00ebnd\u00ebsi kush \u00ebsht\u00eb me r\u00ebnd\u00ebsi \u00ebsht\u00eb q\u00eb t\u00eb b\u00ebjn\u00eb detyr\u00ebn\u201d,<\/em> tha ai.<\/span><\/p>\n","protected":false,"gt_translate_keys":[{"key":"rendered","format":"html"}]},"excerpt":{"rendered":"<p>Deputeti i PD-s\u00eb K\u00eblli\u00e7i tha mbr\u00ebmjen e sotme se protestat nuk mund t\u00eb b\u00ebhen me buqeta me lule. N\u00eb nj\u00eb deklarat\u00eb p\u00ebr mediat demokrati tha se kryeministri Rama po mbron ministren e korruptuar Balluku q\u00eb \u00ebsht\u00eb kapur n\u00eb flagranc\u00eb. \u201cK\u00ebt\u00eb her\u00eb jam k\u00ebtu jam n\u00eb rresht t\u00eb par\u00eb si\u00e7 e premtova. Rama po mbron nj\u00eb [&hellip;]<\/p>\n","protected":false,"gt_translate_keys":[{"key":"rendered","format":"html"}]},"author":51,"featured_media":787374,"comment_status":"closed","ping_status":"open","sticky":false,"template":"","format":"standard","meta":{"footnotes":""},"categories":[65],"tags":[],"class_list":["post-787373","post","type-post","status-publish","format-standard","has-post-thumbnail","hentry","category-lajme"],"gt_translate_keys":[{"key":"link","format":"url"}],"_links":{"self":[{"href":"https:\/\/www.hashtag.al\/index.php\/wp-json\/wp\/v2\/posts\/787373","targetHints":{"allow":["GET"]}}],"collection":[{"href":"https:\/\/www.hashtag.al\/index.php\/wp-json\/wp\/v2\/posts"}],"about":[{"href":"https:\/\/www.hashtag.al\/index.php\/wp-json\/wp\/v2\/types\/post"}],"author":[{"embeddable":true,"href":"https:\/\/www.hashtag.al\/index.php\/wp-json\/wp\/v2\/users\/51"}],"replies":[{"embeddable":true,"href":"https:\/\/www.hashtag.al\/index.php\/wp-json\/wp\/v2\/comments?post=787373"}],"version-history":[{"count":99999,"href":"https:\/\/www.hashtag.al\/index.php\/wp-json\/wp\/v2\/posts\/787373\/revisions"}],"predecessor-version":[{"id":787375,"href":"https:\/\/www.hashtag.al\/index.php\/wp-json\/wp\/v2\/posts\/787373\/revisions\/787375"}],"wp:featuredmedia":[{"embeddable":true,"href":"https:\/\/www.hashtag.al\/index.php\/wp-json\/wp\/v2\/media\/787374"}],"wp:attachment":[{"href":"https:\/\/www.hashtag.al\/index.php\/wp-json\/wp\/v2\/media?parent=787373"}],"wp:term":[{"taxonomy":"category","embeddable":true,"href":"https:\/\/www.hashtag.al\/index.php\/wp-json\/wp\/v2\/categories?post=787373"},{"taxonomy":"post_tag","embeddable":true,"href":"https:\/\/www.hashtag.al\/index.php\/wp-json\/wp\/v2\/tags?post=787373"}],"curies":[{"name":"wp","href":"https:\/\/api.w.org\/{rel}","templated":true}]}}