{"id":787309,"date":"2026-02-20T13:15:27","date_gmt":"2026-02-20T12:15:27","guid":{"rendered":"https:\/\/www.hashtag.al\/?p=787309"},"modified":"2026-02-20T13:15:27","modified_gmt":"2026-02-20T12:15:27","slug":"policia-nuk-merr-persiper-protesten-e-opozites-berisha-paralajmeron-fundin-e-regjimit","status":"publish","type":"post","link":"https:\/\/www.hashtag.al\/index.php\/2026\/02\/20\/policia-nuk-merr-persiper-protesten-e-opozites-berisha-paralajmeron-fundin-e-regjimit\/","title":{"rendered":"Policia nuk merr p\u00ebrsip\u00ebr protest\u00ebn e opozit\u00ebs, Berisha paralajm\u00ebron \u201cfundin e regjimit\u201d","gt_translate_keys":[{"key":"rendered","format":"text"}]},"content":{"rendered":"<p data-start=\"95\" data-end=\"421\"><span style=\"color: #000000;\"><a href=\"https:\/\/www.hashtag.al\/index.php\/2026\/02\/04\/rama-balluku-e-te-gjithe-hajdutet-do-shkojne-ku-e-kane-vendin-premtimi-i-berishes\/berisha-521\/\" rel=\"attachment wp-att-784708\"><img loading=\"lazy\" decoding=\"async\" class=\"size-full wp-image-784708 aligncenter\" src=\"https:\/\/www.hashtag.al\/wp-content\/uploads\/2026\/02\/berisha.png\" alt=\"\" width=\"1143\" height=\"756\" srcset=\"https:\/\/www.hashtag.al\/wp-content\/uploads\/2026\/02\/berisha.png 1143w, https:\/\/www.hashtag.al\/wp-content\/uploads\/2026\/02\/berisha-300x198.png 300w, https:\/\/www.hashtag.al\/wp-content\/uploads\/2026\/02\/berisha-1024x677.png 1024w, https:\/\/www.hashtag.al\/wp-content\/uploads\/2026\/02\/berisha-768x508.png 768w\" sizes=\"auto, (max-width: 1143px) 100vw, 1143px\" \/><\/a><br \/>\nPolicia e Tiran\u00ebs ka njoftuar se nuk merr p\u00ebrsip\u00ebr zhvillimin e protest\u00ebs s\u00eb opozit\u00ebs, e cila pritet t\u00eb mbahet sot n\u00eb or\u00ebn 18:00 p\u00ebrpara Kryeministris\u00eb. Autoritetet argumentojn\u00eb se vendimi vjen pas analiz\u00ebs s\u00eb riskut dhe pas incidenteve t\u00eb m\u00ebparshme gjat\u00eb tubimeve opozitare, ku pati hedhje molotov\u00ebsh dhe mjete piroteknike.<\/span><\/p>\n<p data-start=\"423\" data-end=\"604\"><span style=\"color: #000000;\">Kreu i Partis\u00eb Demokratike, <span class=\"hover:entity-accent entity-underline inline cursor-pointer align-baseline\"><span class=\"whitespace-normal\">Sali Berisha<\/span><\/span>, ka konsideruar k\u00ebt\u00eb vendim si nj\u00eb \u201cprovokim t\u00eb r\u00ebnd\u00eb\u201d, duke theksuar se protestat e opozit\u00ebs kan\u00eb qen\u00eb paq\u00ebsore.<\/span><\/p>\n<p data-start=\"606\" data-end=\"826\"><span style=\"color: #000000;\">\u201cNe b\u00ebjm\u00eb protesta paq\u00ebsore, jemi opozit\u00eb demokratike, nuk kemi bandit\u00eb si Proda dhe Bizhga. Ky \u00ebsht\u00eb nj\u00eb akt provokacioni i r\u00ebnd\u00eb. Ne do t\u00eb vijojm\u00eb deri n\u00eb fitore t\u00eb plot\u00eb\u201d, tha Berisha gjat\u00eb nj\u00eb konference p\u00ebr shtyp.<\/span><\/p>\n<p data-start=\"864\" data-end=\"1212\"><span style=\"color: #000000;\">Berisha ka ftuar qytetar\u00ebt t\u00eb bashkohen n\u00eb protest\u00ebn q\u00eb do t\u00eb mbahet sot p\u00ebrpara Kryeministris\u00eb, duke e cil\u00ebsuar 20 shkurtin e k\u00ebtij viti si nj\u00eb \u201cdit\u00eb historike\u201d. Ai e krahasoi me 20 shkurtin e vitit 1991, q\u00eb solli pranver\u00ebn e demokracis\u00eb, duke theksuar se protesta e sotme synon p\u00ebrmbysjen e regjimit aktual dhe mbrojtjen e t\u00eb ardhmes s\u00eb vendit.<\/span><\/p>\n<p data-start=\"1214\" data-end=\"1536\"><span style=\"color: #000000;\">\u201cSot \u00ebsht\u00eb dita e \u00e7do qytetari p\u00ebr t\u00eb shprehur zem\u00ebrimin e tij n\u00eb sheshin e dinjitetit, e guximit, e misionit. Ftesa ime p\u00ebr mbar\u00eb shqiptar\u00ebt \u00ebsht\u00eb t\u00eb bashkohemi n\u00eb nj\u00eb uragan t\u00eb fuqish\u00ebm q\u00eb Tirana nuk e ka par\u00eb nga viti 1991, p\u00ebr t\u00eb firmosur s\u00eb bashku fundin e k\u00ebtij regjimi dhe fitoren e t\u00eb ardhmes ton\u00eb\u201d, tha Berisha.<\/span><\/p>\n<p data-start=\"1538\" data-end=\"1735\" data-is-last-node=\"\" data-is-only-node=\"\"><span style=\"color: #000000;\">Policia ka paralajm\u00ebruar qytetar\u00ebt q\u00eb t\u00eb shmangin l\u00ebvizjen me automjete n\u00eb zonat ku pritet protesta dhe t\u00eb p\u00ebrdorin rrug\u00eb alternative, duke garantuar nd\u00ebrkoh\u00eb masat p\u00ebr rendin dhe sigurin\u00eb publike.<\/span><\/p>\n","protected":false,"gt_translate_keys":[{"key":"rendered","format":"html"}]},"excerpt":{"rendered":"<p>Policia e Tiran\u00ebs ka njoftuar se nuk merr p\u00ebrsip\u00ebr zhvillimin e protest\u00ebs s\u00eb opozit\u00ebs, e cila pritet t\u00eb mbahet sot n\u00eb or\u00ebn 18:00 p\u00ebrpara Kryeministris\u00eb. Autoritetet argumentojn\u00eb se vendimi vjen pas analiz\u00ebs s\u00eb riskut dhe pas incidenteve t\u00eb m\u00ebparshme gjat\u00eb tubimeve opozitare, ku pati hedhje molotov\u00ebsh dhe mjete piroteknike. Kreu i Partis\u00eb Demokratike, Sali Berisha, [&hellip;]<\/p>\n","protected":false,"gt_translate_keys":[{"key":"rendered","format":"html"}]},"author":32,"featured_media":784708,"comment_status":"closed","ping_status":"open","sticky":false,"template":"","format":"standard","meta":{"footnotes":""},"categories":[65],"tags":[],"class_list":["post-787309","post","type-post","status-publish","format-standard","has-post-thumbnail","hentry","category-lajme"],"gt_translate_keys":[{"key":"link","format":"url"}],"_links":{"self":[{"href":"https:\/\/www.hashtag.al\/index.php\/wp-json\/wp\/v2\/posts\/787309","targetHints":{"allow":["GET"]}}],"collection":[{"href":"https:\/\/www.hashtag.al\/index.php\/wp-json\/wp\/v2\/posts"}],"about":[{"href":"https:\/\/www.hashtag.al\/index.php\/wp-json\/wp\/v2\/types\/post"}],"author":[{"embeddable":true,"href":"https:\/\/www.hashtag.al\/index.php\/wp-json\/wp\/v2\/users\/32"}],"replies":[{"embeddable":true,"href":"https:\/\/www.hashtag.al\/index.php\/wp-json\/wp\/v2\/comments?post=787309"}],"version-history":[{"count":99999,"href":"https:\/\/www.hashtag.al\/index.php\/wp-json\/wp\/v2\/posts\/787309\/revisions"}],"predecessor-version":[{"id":787310,"href":"https:\/\/www.hashtag.al\/index.php\/wp-json\/wp\/v2\/posts\/787309\/revisions\/787310"}],"wp:featuredmedia":[{"embeddable":true,"href":"https:\/\/www.hashtag.al\/index.php\/wp-json\/wp\/v2\/media\/784708"}],"wp:attachment":[{"href":"https:\/\/www.hashtag.al\/index.php\/wp-json\/wp\/v2\/media?parent=787309"}],"wp:term":[{"taxonomy":"category","embeddable":true,"href":"https:\/\/www.hashtag.al\/index.php\/wp-json\/wp\/v2\/categories?post=787309"},{"taxonomy":"post_tag","embeddable":true,"href":"https:\/\/www.hashtag.al\/index.php\/wp-json\/wp\/v2\/tags?post=787309"}],"curies":[{"name":"wp","href":"https:\/\/api.w.org\/{rel}","templated":true}]}}