{"id":787127,"date":"2026-02-19T10:26:36","date_gmt":"2026-02-19T09:26:36","guid":{"rendered":"https:\/\/www.hashtag.al\/?p=787127"},"modified":"2026-02-19T10:26:36","modified_gmt":"2026-02-19T09:26:36","slug":"komisioni-i-jashtem-i-pe-miraton-projekt-rezoluten-per-shqiperine-2025-mbyllja-e-negociatave-varet-nga-reformat-konkrete","status":"publish","type":"post","link":"https:\/\/www.hashtag.al\/index.php\/2026\/02\/19\/komisioni-i-jashtem-i-pe-miraton-projekt-rezoluten-per-shqiperine-2025-mbyllja-e-negociatave-varet-nga-reformat-konkrete\/","title":{"rendered":"Komisioni i Jasht\u00ebm i PE miraton projekt-rezolut\u00ebn p\u00ebr Shqip\u00ebrin\u00eb 2025: Mbyllja e negociatave varet nga reformat konkrete","gt_translate_keys":[{"key":"rendered","format":"text"}]},"content":{"rendered":"<p data-start=\"127\" data-end=\"448\"><span style=\"color: #000000;\"><a href=\"https:\/\/www.hashtag.al\/index.php\/2025\/10\/07\/gjeoekonomia-shqiperia-me-e-nderlidhura-me-be-ne-rajon-por-ka-sfida\/shqiperi-be-1\/\" rel=\"attachment wp-att-764452\"><img loading=\"lazy\" decoding=\"async\" class=\"size-full wp-image-764452 aligncenter\" src=\"https:\/\/www.hashtag.al\/wp-content\/uploads\/2025\/10\/shqiperi-be-1.jpg\" alt=\"\" width=\"606\" height=\"351\" srcset=\"https:\/\/www.hashtag.al\/wp-content\/uploads\/2025\/10\/shqiperi-be-1.jpg 606w, https:\/\/www.hashtag.al\/wp-content\/uploads\/2025\/10\/shqiperi-be-1-300x174.jpg 300w, https:\/\/www.hashtag.al\/wp-content\/uploads\/2025\/10\/shqiperi-be-1-250x145.jpg 250w\" sizes=\"auto, (max-width: 606px) 100vw, 606px\" \/><\/a><br \/>\nKomisioni p\u00ebr Pun\u00ebt e Jashtme i <span class=\"hover:entity-accent entity-underline inline cursor-pointer align-baseline\"><span class=\"whitespace-normal\">Parlamentit Europian<\/span><\/span> ka p\u00ebrgatitur projekt-rezolut\u00ebn p\u00ebr Shqip\u00ebrin\u00eb p\u00ebr vitin 2025, ku vler\u00ebsohet progresi i arritur n\u00eb procesin e integrimit dhe theksohet se mbyllja e negociatave deri n\u00eb fund t\u00eb vitit 2027 do t\u00eb varet nga zbatimi real dhe i q\u00ebndruesh\u00ebm i reformave ky\u00e7e.<\/span><\/p>\n<p data-start=\"450\" data-end=\"796\"><span style=\"color: #000000;\">N\u00eb dokumentin e siguruar nga BalkanWeb, n\u00ebnvizohet se avancimi formal n\u00eb kapitujt e negociatave duhet t\u00eb shoq\u00ebrohet me rezultate konkrete n\u00eb praktik\u00eb, n\u00eb m\u00ebnyr\u00eb q\u00eb Shqip\u00ebria t\u00eb ec\u00eb drejt an\u00ebtar\u00ebsimit t\u00eb plot\u00eb n\u00eb <span class=\"hover:entity-accent entity-underline inline cursor-pointer align-baseline\"><span class=\"whitespace-normal\">Bashkimi Europian<\/span><\/span>. Draft-raporti pritet t\u00eb diskutohet dhe votohet n\u00eb strukturat p\u00ebrkat\u00ebse t\u00eb PE n\u00eb muajt n\u00eb vijim.<\/span><\/p>\n<h3 data-start=\"798\" data-end=\"822\"><span style=\"color: #000000;\">Prioritetet kryesore<\/span><\/h3>\n<p data-start=\"824\" data-end=\"995\"><span style=\"color: #000000;\">Projekt-rezoluta p\u00ebrsh\u00ebndet hapjen e t\u00eb gjith\u00eb grup-kapitujve brenda 13 muajve dhe ambicien p\u00ebr mbylljen e negociatave deri n\u00eb vitin 2027, por thekson se prioritet mbeten:<\/span><\/p>\n<ul data-start=\"997\" data-end=\"1237\">\n<li data-start=\"997\" data-end=\"1033\">\n<p data-start=\"999\" data-end=\"1033\"><span style=\"color: #000000;\">forcimi i shtetit t\u00eb s\u00eb drejt\u00ebs;<\/span><\/p>\n<\/li>\n<li data-start=\"1034\" data-end=\"1089\">\n<p data-start=\"1036\" data-end=\"1089\"><span style=\"color: #000000;\">lufta kund\u00ebr korrupsionit dhe krimit t\u00eb organizuar;<\/span><\/p>\n<\/li>\n<li data-start=\"1090\" data-end=\"1158\">\n<p data-start=\"1092\" data-end=\"1158\"><span style=\"color: #000000;\">garantimi i funksionimit t\u00eb plot\u00eb t\u00eb institucioneve demokratike;<\/span><\/p>\n<\/li>\n<li data-start=\"1159\" data-end=\"1191\">\n<p data-start=\"1161\" data-end=\"1191\"><span style=\"color: #000000;\">mbrojtja e liris\u00eb s\u00eb medias;<\/span><\/p>\n<\/li>\n<li data-start=\"1192\" data-end=\"1237\">\n<p data-start=\"1194\" data-end=\"1237\"><span style=\"color: #000000;\">p\u00ebrshpejtimi i reformave socio-ekonomike.<\/span><\/p>\n<\/li>\n<\/ul>\n<p data-start=\"1239\" data-end=\"1644\"><span style=\"color: #000000;\">Dokumenti v\u00ebren se kuadri zgjedhor konsiderohet p\u00ebrgjith\u00ebsisht i p\u00ebrshtatsh\u00ebm p\u00ebr zgjedhje konkurruese, por ngre shqet\u00ebsime p\u00ebr barazin\u00eb e kushteve, keqp\u00ebrdorimin e burimeve administrative dhe pretendimet p\u00ebr blerje votash. P\u00ebr k\u00ebt\u00eb arsye k\u00ebrkohet zbatimi i plot\u00eb i rekomandimeve t\u00eb <span class=\"hover:entity-accent entity-underline inline cursor-pointer align-baseline\"><span class=\"whitespace-normal\">OSBE\/ODIHR<\/span><\/span> dhe t\u00eb <span class=\"hover:entity-accent entity-underline inline cursor-pointer align-baseline\"><span class=\"whitespace-normal\">Komisioni i Venecias<\/span><\/span>, p\u00ebrpara cikleve t\u00eb ardhshme zgjedhore.<\/span><\/p>\n<h3 data-start=\"1646\" data-end=\"1699\"><span style=\"color: #000000;\">Shteti i s\u00eb drejt\u00ebs dhe lufta kund\u00ebr korrupsionit<\/span><\/h3>\n<p data-start=\"1701\" data-end=\"1896\"><span style=\"color: #000000;\">Rezoluta p\u00ebrsh\u00ebndet vijimin e reform\u00ebs n\u00eb drejt\u00ebsi dhe procesin e vettingut, por evidenton sfida si stoku i lart\u00eb i \u00e7\u00ebshtjeve t\u00eb prapambetura dhe nevoja p\u00ebr forcimin e pavar\u00ebsis\u00eb s\u00eb gjyq\u00ebsorit.<\/span><\/p>\n<p data-start=\"1898\" data-end=\"2267\"><span style=\"color: #000000;\">Sa i p\u00ebrket korrupsionit, theksohet se mbetet nj\u00eb shqet\u00ebsim serioz dhe k\u00ebrkohen rezultate konkrete n\u00eb hetime dhe vendime p\u00ebrfundimtare, ve\u00e7an\u00ebrisht n\u00eb nivele t\u00eb larta. Po ashtu, b\u00ebhet thirrje p\u00ebr intensifikimin e bashk\u00ebpunimit me agjencit\u00eb e BE-s\u00eb si <span class=\"hover:entity-accent entity-underline inline cursor-pointer align-baseline\"><span class=\"whitespace-normal\">Europol<\/span><\/span> dhe <span class=\"hover:entity-accent entity-underline inline cursor-pointer align-baseline\"><span class=\"whitespace-normal\">Eurojust<\/span><\/span> n\u00eb luft\u00ebn kund\u00ebr krimit t\u00eb organizuar.<\/span><\/p>\n<h3 data-start=\"2269\" data-end=\"2312\"><span style=\"color: #000000;\">T\u00eb drejtat themelore dhe liria e medias<\/span><\/h3>\n<p data-start=\"2314\" data-end=\"2489\"><span style=\"color: #000000;\">Dokumenti k\u00ebrkon mbrojtje m\u00eb t\u00eb fort\u00eb t\u00eb liris\u00eb s\u00eb shprehjes dhe pluralizmit mediatik, transparenc\u00eb mbi pron\u00ebsin\u00eb e mediave dhe hetim efektiv t\u00eb k\u00ebrc\u00ebnimeve ndaj gazetar\u00ebve.<\/span><\/p>\n<p data-start=\"2491\" data-end=\"2632\"><span style=\"color: #000000;\">Gjithashtu, inkurajohet forcimi i mbrojtjes p\u00ebr pakicat dhe grupet e cenueshme, si dhe zbatimi efektiv i legjislacionit kund\u00ebr diskriminimit.<\/span><\/p>\n<h3 data-start=\"2634\" data-end=\"2667\"><span style=\"color: #000000;\">Reforma ekonomike dhe mjedisi<\/span><\/h3>\n<p data-start=\"2669\" data-end=\"3026\"><span style=\"color: #000000;\">Projekt-rezoluta p\u00ebrsh\u00ebndet angazhimin n\u00eb Planin e Rritjes p\u00ebr Ballkanin Per\u00ebndimor, por v\u00ebren dob\u00ebsi strukturore si informaliteti dhe mjedisi sfidues p\u00ebr biznesin. Theksohet r\u00ebnd\u00ebsia e investimeve n\u00eb arsim, inovacion dhe dialog social, nd\u00ebrsa shprehet shqet\u00ebsim p\u00ebr munges\u00ebn e progresit n\u00eb fush\u00ebn e mjedisit dhe ndryshimeve klimatike gjat\u00eb vitit t\u00eb fundit.<\/span><\/p>\n<h3 data-start=\"3028\" data-end=\"3050\"><span style=\"color: #000000;\">Politika e jashtme<\/span><\/h3>\n<p data-start=\"3052\" data-end=\"3328\"><span style=\"color: #000000;\">N\u00eb dokument p\u00ebrg\u00ebzohet Shqip\u00ebria p\u00ebr p\u00ebrafrimin e plot\u00eb me politik\u00ebn e jashtme dhe t\u00eb siguris\u00eb t\u00eb BE-s\u00eb, p\u00ebrfshir\u00eb zbatimin e masave kufizuese dhe angazhimin n\u00eb misionet e Politik\u00ebs s\u00eb P\u00ebrbashk\u00ebt t\u00eb Siguris\u00eb dhe Mbrojtjes, si dhe p\u00ebr rolin konstruktiv n\u00eb stabilitetin rajonal.<\/span><\/p>\n<p data-start=\"3330\" data-end=\"3507\" data-is-last-node=\"\" data-is-only-node=\"\"><span style=\"color: #000000;\">Projekt-rezoluta konfirmon se rruga drejt an\u00ebtar\u00ebsimit mbetet e hapur, por thekson qart\u00eb se progresi do t\u00eb matet me rezultate t\u00eb prekshme dhe zbatim t\u00eb q\u00ebndruesh\u00ebm t\u00eb reformave.<\/span><\/p>\n","protected":false,"gt_translate_keys":[{"key":"rendered","format":"html"}]},"excerpt":{"rendered":"<p>Komisioni p\u00ebr Pun\u00ebt e Jashtme i Parlamentit Europian ka p\u00ebrgatitur projekt-rezolut\u00ebn p\u00ebr Shqip\u00ebrin\u00eb p\u00ebr vitin 2025, ku vler\u00ebsohet progresi i arritur n\u00eb procesin e integrimit dhe theksohet se mbyllja e negociatave deri n\u00eb fund t\u00eb vitit 2027 do t\u00eb varet nga zbatimi real dhe i q\u00ebndruesh\u00ebm i reformave ky\u00e7e. N\u00eb dokumentin e siguruar nga BalkanWeb, [&hellip;]<\/p>\n","protected":false,"gt_translate_keys":[{"key":"rendered","format":"html"}]},"author":32,"featured_media":764452,"comment_status":"closed","ping_status":"open","sticky":false,"template":"","format":"standard","meta":{"footnotes":""},"categories":[65],"tags":[],"class_list":["post-787127","post","type-post","status-publish","format-standard","has-post-thumbnail","hentry","category-lajme"],"gt_translate_keys":[{"key":"link","format":"url"}],"_links":{"self":[{"href":"https:\/\/www.hashtag.al\/index.php\/wp-json\/wp\/v2\/posts\/787127","targetHints":{"allow":["GET"]}}],"collection":[{"href":"https:\/\/www.hashtag.al\/index.php\/wp-json\/wp\/v2\/posts"}],"about":[{"href":"https:\/\/www.hashtag.al\/index.php\/wp-json\/wp\/v2\/types\/post"}],"author":[{"embeddable":true,"href":"https:\/\/www.hashtag.al\/index.php\/wp-json\/wp\/v2\/users\/32"}],"replies":[{"embeddable":true,"href":"https:\/\/www.hashtag.al\/index.php\/wp-json\/wp\/v2\/comments?post=787127"}],"version-history":[{"count":99999,"href":"https:\/\/www.hashtag.al\/index.php\/wp-json\/wp\/v2\/posts\/787127\/revisions"}],"predecessor-version":[{"id":787128,"href":"https:\/\/www.hashtag.al\/index.php\/wp-json\/wp\/v2\/posts\/787127\/revisions\/787128"}],"wp:featuredmedia":[{"embeddable":true,"href":"https:\/\/www.hashtag.al\/index.php\/wp-json\/wp\/v2\/media\/764452"}],"wp:attachment":[{"href":"https:\/\/www.hashtag.al\/index.php\/wp-json\/wp\/v2\/media?parent=787127"}],"wp:term":[{"taxonomy":"category","embeddable":true,"href":"https:\/\/www.hashtag.al\/index.php\/wp-json\/wp\/v2\/categories?post=787127"},{"taxonomy":"post_tag","embeddable":true,"href":"https:\/\/www.hashtag.al\/index.php\/wp-json\/wp\/v2\/tags?post=787127"}],"curies":[{"name":"wp","href":"https:\/\/api.w.org\/{rel}","templated":true}]}}