{"id":786992,"date":"2026-02-18T17:56:50","date_gmt":"2026-02-18T16:56:50","guid":{"rendered":"https:\/\/www.hashtag.al\/?p=786992"},"modified":"2026-02-18T17:56:50","modified_gmt":"2026-02-18T16:56:50","slug":"neser-nis-muaji-i-ramazanit-kreu-i-kmsh-gezuar-muajin-e-bekuar","status":"publish","type":"post","link":"https:\/\/www.hashtag.al\/index.php\/2026\/02\/18\/neser-nis-muaji-i-ramazanit-kreu-i-kmsh-gezuar-muajin-e-bekuar\/","title":{"rendered":"Nes\u00ebr nis muaji i Ramazanit, kreu i KMSH: G\u00ebzuar muajin e bekuar","gt_translate_keys":[{"key":"rendered","format":"text"}]},"content":{"rendered":"<p><span style=\"color: #000000;\"><img loading=\"lazy\" decoding=\"async\" class=\"aligncenter size-full wp-image-786993\" src=\"https:\/\/www.hashtag.al\/wp-content\/uploads\/2026\/02\/Screenshot-2026-02-18-133400.png\" alt=\"\" width=\"1059\" height=\"717\" srcset=\"https:\/\/www.hashtag.al\/wp-content\/uploads\/2026\/02\/Screenshot-2026-02-18-133400.png 1059w, https:\/\/www.hashtag.al\/wp-content\/uploads\/2026\/02\/Screenshot-2026-02-18-133400-300x203.png 300w, https:\/\/www.hashtag.al\/wp-content\/uploads\/2026\/02\/Screenshot-2026-02-18-133400-1024x693.png 1024w, https:\/\/www.hashtag.al\/wp-content\/uploads\/2026\/02\/Screenshot-2026-02-18-133400-768x520.png 768w\" sizes=\"auto, (max-width: 1059px) 100vw, 1059px\" \/><\/span><\/p>\n<p><span style=\"color: #000000;\">Kreu i Komunitetit Mysliman t\u00eb Shqip\u00ebris\u00eb, Bujar Spahiu, ka ndar\u00eb urimin me rastin e nisjes s\u00eb muajit t\u00eb Ramazanit.<\/span><\/p>\n<p><span style=\"color: #000000;\">N\u00eb urimin e tij, Spahiu uroi paqe, begati dhe mir\u00ebsi p\u00ebr t\u00eb gjith\u00eb besimtar\u00ebt mysliman\u00eb, duke theksuar se Ramazani \u00ebsht\u00eb muaj i reflektimit, solidaritetit dhe pastrimit shpirt\u00ebror.\u00a0<\/span><\/p>\n<p><span style=\"color: #000000;\"><strong>Postimi i plot\u00eb:<\/strong><\/span><\/p>\n<p><span style=\"color: #000000;\">G\u00ebzuar muajin e bekuar t\u00eb Ramazanit! P\u00ebrcjell urimet e mia m\u00eb t\u00eb p\u00ebrzem\u00ebrta p\u00ebr t\u00eb gjith\u00eb shqiptar\u00ebt, kudo q\u00eb jetojn\u00eb dhe punojn\u00eb, duke ju d\u00ebshiruar nj\u00eb muaj t\u00eb bekuar plot paqe, m\u00ebshir\u00eb dhe begati n\u00eb familje e n\u00eb shoq\u00ebri!<\/span><br \/>\n<span style=\"color: #000000;\">T\u00eb nderuar besimtar\u00eb, motra dhe v\u00ebllez\u00ebr mysliman\u00eb,<\/span><br \/>\n<span style=\"color: #000000;\">Nes\u00ebr, ne nisim agj\u00ebrimin e muajit t\u00eb shenjt\u00eb t\u00eb Ramazanit, kam k\u00ebnaq\u00ebsin\u00eb t\u2019ju drejtohem me urimet m\u00eb t\u00eb p\u00ebrzem\u00ebrta, duke lutur Zotin e Madh\u00ebruar q\u00eb ky muaj i bekuar t\u00eb sjell\u00eb paqe, begati dhe mir\u00ebsi p\u00ebr secilin prej jush, p\u00ebr familjet tuaja dhe p\u00ebr mbar\u00eb shoq\u00ebrin\u00eb ton\u00eb.<\/span><br \/>\n<span style=\"color: #000000;\">Ramazani \u00ebsht\u00eb nj\u00eb nga dhuntit\u00eb m\u00eb t\u00eb m\u00ebdha shpirt\u00ebrore q\u00eb Allahu i Madh\u00ebruar ia ka dh\u00ebn\u00eb njer\u00ebzimit. Ai \u00ebsht\u00eb muaj i agj\u00ebrimit, i Kuranit, i m\u00ebshir\u00ebs dhe i faljes. N\u00eb Librin e Tij t\u00eb Shenjt\u00eb, Allahu thot\u00eb:<\/span><br \/>\n<span style=\"color: #000000;\">\u201cMuaji i Ramazanit \u00ebsht\u00eb ai n\u00eb t\u00eb cilin u shpall Kurani, si udh\u00ebzim p\u00ebr njer\u00ebzit dhe si sqarim i qart\u00eb i udh\u00ebzimit dhe dallimit.\u201d (El-Bekare, 185)<\/span><br \/>\n<span style=\"color: #000000;\">Ky ajet na kujton se Ramazani \u00ebsht\u00eb koh\u00eb reflektimi dhe orientimi, koh\u00eb p\u00ebr t\u2019u kthyer te vlerat themelore t\u00eb besimit, drejt\u00ebsis\u00eb dhe p\u00ebrgjegj\u00ebsis\u00eb morale.<\/span><br \/>\n<span style=\"color: #000000;\">Agj\u00ebrimi \u00ebsht\u00eb nj\u00eb akt adhurimi q\u00eb na m\u00ebson disiplin\u00ebn, vet\u00ebkontrollin dhe ndjeshm\u00ebrin\u00eb ndaj tjetrit.<\/span><br \/>\n<span style=\"color: #000000;\">I D\u00ebrguari i Allahut, paqja dhe bekimet qofshin mbi t\u00eb, ka th\u00ebn\u00eb:<\/span><br \/>\n<span style=\"color: #000000;\">\u201cKur vjen Ramazani, hapen dyert e Xhenetit, mbyllen dyert e Xhehenemit dhe djajt\u00eb lidhen.\u201d (Buhariu dhe Muslimi)<\/span><br \/>\n<span style=\"color: #000000;\">Ky hadith \u00ebsht\u00eb nj\u00eb mesazh shprese dhe optimizmi p\u00ebr \u00e7do besimtar. Ramazani \u00ebsht\u00eb mund\u00ebsi p\u00ebr p\u00ebrmir\u00ebsim individual dhe kolektiv, p\u00ebr pastrim shpirt\u00ebror dhe p\u00ebr nd\u00ebrtimin e nj\u00eb shoq\u00ebrie t\u00eb bazuar n\u00eb vlera t\u00eb sh\u00ebndosha.<\/span><br \/>\n<span style=\"color: #000000;\">N\u00eb k\u00ebt\u00eb muaj t\u00eb shenjt\u00eb, r\u00ebnd\u00ebsi t\u00eb ve\u00e7ant\u00eb ka edhe dimensioni social i besimit. Ramazani na fton t\u00eb forcojm\u00eb solidaritetin, t\u00eb shtojm\u00eb ndihm\u00ebn ndaj nevojtar\u00ebve, t\u00eb jemi pran\u00eb t\u00eb dobt\u00ebve dhe t\u00eb kontribuojm\u00eb p\u00ebr nj\u00eb shoq\u00ebri m\u00eb t\u00eb drejt\u00eb dhe m\u00eb humane.<\/span><br \/>\n<span style=\"color: #000000;\">N\u00eb nj\u00eb koh\u00eb kur shoq\u00ebria p\u00ebrballet me sfida t\u00eb ndryshme, Ramazani na kujton r\u00ebnd\u00ebsin\u00eb e unitetit, t\u00eb paqes dhe t\u00eb bashk\u00ebjetes\u00ebs. Ai na m\u00ebson se besimi i v\u00ebrtet\u00eb reflektohet n\u00eb sjellje t\u00eb mir\u00eb, n\u00eb respekt ndaj tjetrit dhe n\u00eb p\u00ebrkushtim p\u00ebr t\u00eb mir\u00ebn e p\u00ebrbashk\u00ebt.<\/span><br \/>\n<span style=\"color: #000000;\">N\u00eb em\u00ebrin tim dhe t\u00eb Komunitetit Mysliman t\u00eb Shqip\u00ebris\u00eb, ju uroj q\u00eb ky muaj i bekuar t\u00eb jet\u00eb burim paqeje, shprese dhe force shpirt\u00ebrore p\u00ebr t\u00eb gjith\u00eb.<\/span><br \/>\n<span style=\"color: #000000;\">Allahu e pranoft\u00eb agj\u00ebrimin, lutjet dhe veprat tuaja t\u00eb mira!<\/span><\/p>\n","protected":false,"gt_translate_keys":[{"key":"rendered","format":"html"}]},"excerpt":{"rendered":"<p>Kreu i Komunitetit Mysliman t\u00eb Shqip\u00ebris\u00eb, Bujar Spahiu, ka ndar\u00eb urimin me rastin e nisjes s\u00eb muajit t\u00eb Ramazanit. N\u00eb urimin e tij, Spahiu uroi paqe, begati dhe mir\u00ebsi p\u00ebr t\u00eb gjith\u00eb besimtar\u00ebt mysliman\u00eb, duke theksuar se Ramazani \u00ebsht\u00eb muaj i reflektimit, solidaritetit dhe pastrimit shpirt\u00ebror.\u00a0 Postimi i plot\u00eb: G\u00ebzuar muajin e bekuar t\u00eb Ramazanit! [&hellip;]<\/p>\n","protected":false,"gt_translate_keys":[{"key":"rendered","format":"html"}]},"author":49,"featured_media":786993,"comment_status":"closed","ping_status":"open","sticky":false,"template":"","format":"standard","meta":{"footnotes":""},"categories":[65],"tags":[],"class_list":["post-786992","post","type-post","status-publish","format-standard","has-post-thumbnail","hentry","category-lajme"],"gt_translate_keys":[{"key":"link","format":"url"}],"_links":{"self":[{"href":"https:\/\/www.hashtag.al\/index.php\/wp-json\/wp\/v2\/posts\/786992","targetHints":{"allow":["GET"]}}],"collection":[{"href":"https:\/\/www.hashtag.al\/index.php\/wp-json\/wp\/v2\/posts"}],"about":[{"href":"https:\/\/www.hashtag.al\/index.php\/wp-json\/wp\/v2\/types\/post"}],"author":[{"embeddable":true,"href":"https:\/\/www.hashtag.al\/index.php\/wp-json\/wp\/v2\/users\/49"}],"replies":[{"embeddable":true,"href":"https:\/\/www.hashtag.al\/index.php\/wp-json\/wp\/v2\/comments?post=786992"}],"version-history":[{"count":99999,"href":"https:\/\/www.hashtag.al\/index.php\/wp-json\/wp\/v2\/posts\/786992\/revisions"}],"predecessor-version":[{"id":786994,"href":"https:\/\/www.hashtag.al\/index.php\/wp-json\/wp\/v2\/posts\/786992\/revisions\/786994"}],"wp:featuredmedia":[{"embeddable":true,"href":"https:\/\/www.hashtag.al\/index.php\/wp-json\/wp\/v2\/media\/786993"}],"wp:attachment":[{"href":"https:\/\/www.hashtag.al\/index.php\/wp-json\/wp\/v2\/media?parent=786992"}],"wp:term":[{"taxonomy":"category","embeddable":true,"href":"https:\/\/www.hashtag.al\/index.php\/wp-json\/wp\/v2\/categories?post=786992"},{"taxonomy":"post_tag","embeddable":true,"href":"https:\/\/www.hashtag.al\/index.php\/wp-json\/wp\/v2\/tags?post=786992"}],"curies":[{"name":"wp","href":"https:\/\/api.w.org\/{rel}","templated":true}]}}