{"id":786980,"date":"2026-02-18T12:54:41","date_gmt":"2026-02-18T11:54:41","guid":{"rendered":"https:\/\/www.hashtag.al\/?p=786980"},"modified":"2026-02-18T12:54:41","modified_gmt":"2026-02-18T11:54:41","slug":"gjyqi-ne-hage-4-ish-kreret-e-uck-se-flasin-sot","status":"publish","type":"post","link":"https:\/\/www.hashtag.al\/index.php\/2026\/02\/18\/gjyqi-ne-hage-4-ish-kreret-e-uck-se-flasin-sot\/","title":{"rendered":"Gjyqi n\u00eb Hag\u00eb, 4 ish-krer\u00ebt e U\u00c7K-s\u00eb flasin sot","gt_translate_keys":[{"key":"rendered","format":"text"}]},"content":{"rendered":"<p><span style=\"color: #000000;\"><img loading=\"lazy\" decoding=\"async\" class=\"aligncenter size-full wp-image-786981\" src=\"https:\/\/www.hashtag.al\/wp-content\/uploads\/2026\/02\/1771399160_Screenshot4.jpg\" alt=\"\" width=\"780\" height=\"440\" srcset=\"https:\/\/www.hashtag.al\/wp-content\/uploads\/2026\/02\/1771399160_Screenshot4.jpg 780w, https:\/\/www.hashtag.al\/wp-content\/uploads\/2026\/02\/1771399160_Screenshot4-300x169.jpg 300w, https:\/\/www.hashtag.al\/wp-content\/uploads\/2026\/02\/1771399160_Screenshot4-768x433.jpg 768w\" sizes=\"auto, (max-width: 780px) 100vw, 780px\" \/><\/span><\/p>\n<p><span style=\"color: #000000;\">Gjyqi ndaj ish-krer\u00ebve t\u00eb U\u00c7K-s\u00eb n\u00eb Hag\u00eb po vijon edhe sot me paraqitjen e deklaratave p\u00ebrmbyll\u00ebse nga p\u00ebrfaq\u00ebsuesi i viktimave dhe nga mbrojtja, nd\u00ebrsa pritet t\u00eb flasin personalisht edhe\u00a0<span class=\"hover:entity-accent entity-underline inline cursor-pointer align-baseline\"><span class=\"whitespace-normal\">Hashim Tha\u00e7i<\/span><\/span>,\u00a0<span class=\"hover:entity-accent entity-underline inline cursor-pointer align-baseline\"><span class=\"whitespace-normal\">Kadri Veseli<\/span><\/span>,\u00a0<span class=\"hover:entity-accent entity-underline inline cursor-pointer align-baseline\"><span class=\"whitespace-normal\">Rexhep Selimi<\/span><\/span>\u00a0dhe\u00a0<span class=\"hover:entity-accent entity-underline inline cursor-pointer align-baseline\"><span class=\"whitespace-normal\">Jakup Krasniqi<\/span><\/span>.<\/span><\/p>\n<p><span style=\"color: #000000;\">Mbrojt\u00ebsi i viktimave, Simon Laws, u p\u00ebrgjigj p\u00ebr pretendimet e ngritura nga pal\u00ebt. Fillimisht ai u mor me pretendimin e mbrojtjes s\u00eb Rexhep Selimit se mbrojt\u00ebsi i viktimave nuk ka treguar lidhjen mes krimeve t\u00eb pretenduara dhe Selimit.<\/span><\/p>\n<p><span style=\"color: #000000;\">Avokati Dixon k\u00ebrkoi q\u00eb trupi gjykues ta shpall\u00eb t\u00eb pafajsh\u00ebm Kadri Veselin, pasi tha se nuk ka prova q\u00eb e lidhin at\u00eb me krimet e pretenduara n\u00eb atakuz\u00eb.<\/span><\/p>\n<p><span style=\"color: #000000;\">Ai kritikoi ZPS-s\u00eb se nuk ka ofruar nj\u00eb lidhje mes pretendimeve se Veseli ka kryer krime.<\/span><\/p>\n<p><span style=\"color: #000000;\">Ky, tha ai, \u00ebsht\u00eb &#8220;dembell\u00ebk dhe p\u00ebrbuzje t\u00eb k\u00ebsaj gjykate q\u00eb nuk \u00ebsht\u00eb krijuar p\u00ebr hir t\u00eb d\u00ebnimit&#8221;, shkruan<a href=\"https:\/\/www.evropaelire.org\/a\/dita-e-fundit-deklaratat-permbyllese-gjykata-speciale-\/33681307.html\"><span style=\"color: #0000ff;\"><strong> REL.<\/strong><\/span><\/a><\/span><\/p>\n<p><span style=\"color: #000000;\">Mbrojt\u00ebsi i Selimit, Geoffrey Roberts, tha se Prokuroris\u00eb s\u00eb Specializuar i \u201cvjen turp\u201d p\u00ebr argumentet q\u00eb ka ndaj klientit t\u00eb tij.<\/span><\/p>\n<p><span style=\"color: #000000;\">\u201cZPS-s\u00eb vet\u00eb i vjen turp p\u00ebr argumentet e veta p\u00ebr Selimin. Nuk mund t\u00eb dilet n\u00eb asnj\u00eb p\u00ebrfundim tjet\u00ebr si nga parashtrimet e s\u00eb h\u00ebn\u00ebs, ashtu edhe nga dosja e tyre p\u00ebrfundimtare. N\u00ebse vet\u00eb Prokuroria nuk \u00ebsht\u00eb e bindur p\u00ebr argumentet e veta p\u00ebr Selimin, si mund t\u2019iu bind ju?\u201d, tha ai n\u00eb nisje t\u00eb fjal\u00ebs s\u00eb tij.<\/span><\/p>\n<div class=\"wsw cfx m-t-md post__wsw\">\n<p><span style=\"color: #000000;\">Avokati i Krasniqit, Aidan Ellis, hodhi posht\u00eb pretendimet e ZPS-s\u00eb se klienti i tij ishte epror i Bislim Zyrapit.<\/span><\/p>\n<p><span style=\"color: #000000;\">Ai tha se vet\u00eb Zyrapi ka pranuar se ishte shef i Shtabit t\u00eb P\u00ebrgjithsh\u00ebm t\u00eb U\u00c7K-s\u00eb.<\/span><\/p>\n<p><span style=\"color: #000000;\">\u201cZyrapi i \u00ebsht\u00eb referuar vetes si shef i Shabit t\u00eb P\u00ebrgjithsh\u00ebm. Zyrapi ka n\u00ebnshkruar urdhra n\u00eb k\u00ebt\u00eb cil\u00ebsi. An\u00ebtar\u00eb t\u00eb tjer\u00eb t\u00eb U\u00c7K-s\u00eb, q\u00eb ishin t\u00eb informuar me tituj ushtarak\u00eb, i kan\u00eb drejtuar Zyrapit dokumente me titullin shef i shtabit. Kemi d\u00ebgjuar k\u00ebtu d\u00ebshmitar\u00eb q\u00eb i jan\u00eb referuar Zyrapit si shef i Shtabit\u201d, tha ai, duke p\u00ebrmendur k\u00ebtu Naim Malokun, Sokol Bashton dhe Rrustem Mustaf\u00ebn.<\/span><\/p>\n<p><span style=\"color: #000000;\">Sipas tij, ZPS po tenton t\u00eb minimizoj\u00eb rolin e Zyrapit, duke pretenduar se d\u00ebshmia e Zyrapit se Krasniqi ishte epror i tij \u00ebsht\u00eb \u201ci pabazuar\u201d.<\/span><\/p>\n<\/div>\n","protected":false,"gt_translate_keys":[{"key":"rendered","format":"html"}]},"excerpt":{"rendered":"<p>Gjyqi ndaj ish-krer\u00ebve t\u00eb U\u00c7K-s\u00eb n\u00eb Hag\u00eb po vijon edhe sot me paraqitjen e deklaratave p\u00ebrmbyll\u00ebse nga p\u00ebrfaq\u00ebsuesi i viktimave dhe nga mbrojtja, nd\u00ebrsa pritet t\u00eb flasin personalisht edhe\u00a0Hashim Tha\u00e7i,\u00a0Kadri Veseli,\u00a0Rexhep Selimi\u00a0dhe\u00a0Jakup Krasniqi. Mbrojt\u00ebsi i viktimave, Simon Laws, u p\u00ebrgjigj p\u00ebr pretendimet e ngritura nga pal\u00ebt. Fillimisht ai u mor me pretendimin e mbrojtjes s\u00eb [&hellip;]<\/p>\n","protected":false,"gt_translate_keys":[{"key":"rendered","format":"html"}]},"author":49,"featured_media":786981,"comment_status":"closed","ping_status":"open","sticky":false,"template":"","format":"standard","meta":{"footnotes":""},"categories":[149],"tags":[],"class_list":["post-786980","post","type-post","status-publish","format-standard","has-post-thumbnail","hentry","category-kosoverajon"],"gt_translate_keys":[{"key":"link","format":"url"}],"_links":{"self":[{"href":"https:\/\/www.hashtag.al\/index.php\/wp-json\/wp\/v2\/posts\/786980","targetHints":{"allow":["GET"]}}],"collection":[{"href":"https:\/\/www.hashtag.al\/index.php\/wp-json\/wp\/v2\/posts"}],"about":[{"href":"https:\/\/www.hashtag.al\/index.php\/wp-json\/wp\/v2\/types\/post"}],"author":[{"embeddable":true,"href":"https:\/\/www.hashtag.al\/index.php\/wp-json\/wp\/v2\/users\/49"}],"replies":[{"embeddable":true,"href":"https:\/\/www.hashtag.al\/index.php\/wp-json\/wp\/v2\/comments?post=786980"}],"version-history":[{"count":99999,"href":"https:\/\/www.hashtag.al\/index.php\/wp-json\/wp\/v2\/posts\/786980\/revisions"}],"predecessor-version":[{"id":786982,"href":"https:\/\/www.hashtag.al\/index.php\/wp-json\/wp\/v2\/posts\/786980\/revisions\/786982"}],"wp:featuredmedia":[{"embeddable":true,"href":"https:\/\/www.hashtag.al\/index.php\/wp-json\/wp\/v2\/media\/786981"}],"wp:attachment":[{"href":"https:\/\/www.hashtag.al\/index.php\/wp-json\/wp\/v2\/media?parent=786980"}],"wp:term":[{"taxonomy":"category","embeddable":true,"href":"https:\/\/www.hashtag.al\/index.php\/wp-json\/wp\/v2\/categories?post=786980"},{"taxonomy":"post_tag","embeddable":true,"href":"https:\/\/www.hashtag.al\/index.php\/wp-json\/wp\/v2\/tags?post=786980"}],"curies":[{"name":"wp","href":"https:\/\/api.w.org\/{rel}","templated":true}]}}