{"id":786976,"date":"2026-02-18T12:27:09","date_gmt":"2026-02-18T11:27:09","guid":{"rendered":"https:\/\/www.hashtag.al\/?p=786976"},"modified":"2026-02-18T12:27:14","modified_gmt":"2026-02-18T11:27:14","slug":"ministrat-e-jashtem-dakordesohen-per-avancimin-praktik-te-korridorit-viii","status":"publish","type":"post","link":"https:\/\/www.hashtag.al\/index.php\/2026\/02\/18\/ministrat-e-jashtem-dakordesohen-per-avancimin-praktik-te-korridorit-viii\/","title":{"rendered":"Ministrat e jasht\u00ebm dakord\u00ebsohen p\u00ebr avancimin praktik t\u00eb Korridorit VIII","gt_translate_keys":[{"key":"rendered","format":"text"}]},"content":{"rendered":"<p data-start=\"81\" data-end=\"427\"><span style=\"color: #000000;\"><a href=\"https:\/\/www.hashtag.al\/index.php\/2026\/02\/18\/ministrat-e-jashtem-dakordesohen-per-avancimin-praktik-te-korridorit-viii\/img_7024\/\" rel=\"attachment wp-att-786977\"><img loading=\"lazy\" decoding=\"async\" class=\"size-full wp-image-786977 aligncenter\" src=\"https:\/\/www.hashtag.al\/wp-content\/uploads\/2026\/02\/IMG_7024.jpeg\" alt=\"\" width=\"1280\" height=\"854\" srcset=\"https:\/\/www.hashtag.al\/wp-content\/uploads\/2026\/02\/IMG_7024.jpeg 1280w, https:\/\/www.hashtag.al\/wp-content\/uploads\/2026\/02\/IMG_7024-300x200.jpeg 300w, https:\/\/www.hashtag.al\/wp-content\/uploads\/2026\/02\/IMG_7024-1024x683.jpeg 1024w, https:\/\/www.hashtag.al\/wp-content\/uploads\/2026\/02\/IMG_7024-768x512.jpeg 768w\" sizes=\"auto, (max-width: 1280px) 100vw, 1280px\" \/><\/a><br \/>\nN\u00eb p\u00ebrfundim t\u00eb sesionit qendror t\u00eb Ministerialit p\u00ebr Korridorin VIII n\u00eb Tiran\u00eb, Ministrja p\u00ebr Europ\u00ebn dhe Pun\u00ebt e Jashtme, <span class=\"hover:entity-accent entity-underline inline cursor-pointer align-baseline\"><span class=\"whitespace-normal\">Elisa Spiropali<\/span><\/span>, mbajti nj\u00eb konferenc\u00eb p\u00ebr shtyp s\u00eb bashku me homolog\u00ebt e saj, <span class=\"hover:entity-accent entity-underline inline cursor-pointer align-baseline\"><span class=\"whitespace-normal\">Antonio Tajani<\/span><\/span>, <span class=\"hover:entity-accent entity-underline inline cursor-pointer align-baseline\"><span class=\"whitespace-normal\">Tim\u010dho Mucunski<\/span><\/span> dhe <span class=\"hover:entity-accent entity-underline inline cursor-pointer align-baseline\"><span class=\"whitespace-normal\">Nikolay Pavlov<\/span><\/span>.<\/span><\/p>\n<p data-start=\"429\" data-end=\"603\"><span style=\"color: #000000;\">Spiropali njoftoi se fokusi i Ministerialit ishte progresi praktik p\u00ebr Korridorin VIII, duke theksuar nevoj\u00ebn q\u00eb segmentet komb\u00ebtare t\u00eb avancohen n\u00eb m\u00ebnyr\u00eb t\u00eb sinkronizuar.<\/span><\/p>\n<p data-start=\"605\" data-end=\"862\"><span style=\"color: #000000;\">\u201cHekurudha duhet t\u00eb lidhet me hekurudh\u00ebn, rruga me rrug\u00ebn, dhe portet duhet t\u00eb lidhen me zonat e tyre ekonomike, pa vonesa apo pengesa strukturore. P\u00ebr her\u00eb t\u00eb par\u00eb, po harmonizojm\u00eb afatet kohore dhe prioritetet p\u00ebrgjat\u00eb gjith\u00eb korridorit,\u201d tha Spiropali.<\/span><\/p>\n<p data-start=\"864\" data-end=\"1139\"><span style=\"color: #000000;\">Ministrja theksoi r\u00ebnd\u00ebsin\u00eb e harmonizimit t\u00eb standardeve, thjeshtimit t\u00eb procedurave dhe koordinimit t\u00eb financimeve europiane dhe nd\u00ebrkomb\u00ebtare. \u201cDo t\u00eb fokusohemi n\u00eb plot\u00ebsimin e hallkave q\u00eb mungojn\u00eb dhe n\u00eb ndjekjen e rregullt politike t\u00eb ecuris\u00eb s\u00eb projektit,\u201d shtoi ajo.<\/span><\/p>\n<p data-start=\"1141\" data-end=\"1434\" data-is-last-node=\"\" data-is-only-node=\"\"><span style=\"color: #000000;\">Si rezultat i dakord\u00ebsimit politik, pjes\u00ebmarr\u00ebsit miratuan Deklarat\u00ebn e P\u00ebrbashk\u00ebt t\u00eb Tiran\u00ebs p\u00ebr Korridorin VIII, e cila synon ta kthej\u00eb k\u00ebt\u00eb projekt jo vet\u00ebm n\u00eb nj\u00eb vij\u00eb n\u00eb hart\u00eb, por n\u00eb nj\u00eb korridor t\u00eb v\u00ebrtet\u00eb evropian me funksion t\u00eb plot\u00eb dhe bashk\u00ebpunim nd\u00ebrinstitucional t\u00eb fuqish\u00ebm.<\/span><\/p>\n","protected":false,"gt_translate_keys":[{"key":"rendered","format":"html"}]},"excerpt":{"rendered":"<p>N\u00eb p\u00ebrfundim t\u00eb sesionit qendror t\u00eb Ministerialit p\u00ebr Korridorin VIII n\u00eb Tiran\u00eb, Ministrja p\u00ebr Europ\u00ebn dhe Pun\u00ebt e Jashtme, Elisa Spiropali, mbajti nj\u00eb konferenc\u00eb p\u00ebr shtyp s\u00eb bashku me homolog\u00ebt e saj, Antonio Tajani, Tim\u010dho Mucunski dhe Nikolay Pavlov. Spiropali njoftoi se fokusi i Ministerialit ishte progresi praktik p\u00ebr Korridorin VIII, duke theksuar nevoj\u00ebn q\u00eb [&hellip;]<\/p>\n","protected":false,"gt_translate_keys":[{"key":"rendered","format":"html"}]},"author":32,"featured_media":786977,"comment_status":"closed","ping_status":"open","sticky":false,"template":"","format":"standard","meta":{"footnotes":""},"categories":[65],"tags":[],"class_list":["post-786976","post","type-post","status-publish","format-standard","has-post-thumbnail","hentry","category-lajme"],"gt_translate_keys":[{"key":"link","format":"url"}],"_links":{"self":[{"href":"https:\/\/www.hashtag.al\/index.php\/wp-json\/wp\/v2\/posts\/786976","targetHints":{"allow":["GET"]}}],"collection":[{"href":"https:\/\/www.hashtag.al\/index.php\/wp-json\/wp\/v2\/posts"}],"about":[{"href":"https:\/\/www.hashtag.al\/index.php\/wp-json\/wp\/v2\/types\/post"}],"author":[{"embeddable":true,"href":"https:\/\/www.hashtag.al\/index.php\/wp-json\/wp\/v2\/users\/32"}],"replies":[{"embeddable":true,"href":"https:\/\/www.hashtag.al\/index.php\/wp-json\/wp\/v2\/comments?post=786976"}],"version-history":[{"count":99999,"href":"https:\/\/www.hashtag.al\/index.php\/wp-json\/wp\/v2\/posts\/786976\/revisions"}],"predecessor-version":[{"id":786979,"href":"https:\/\/www.hashtag.al\/index.php\/wp-json\/wp\/v2\/posts\/786976\/revisions\/786979"}],"wp:featuredmedia":[{"embeddable":true,"href":"https:\/\/www.hashtag.al\/index.php\/wp-json\/wp\/v2\/media\/786977"}],"wp:attachment":[{"href":"https:\/\/www.hashtag.al\/index.php\/wp-json\/wp\/v2\/media?parent=786976"}],"wp:term":[{"taxonomy":"category","embeddable":true,"href":"https:\/\/www.hashtag.al\/index.php\/wp-json\/wp\/v2\/categories?post=786976"},{"taxonomy":"post_tag","embeddable":true,"href":"https:\/\/www.hashtag.al\/index.php\/wp-json\/wp\/v2\/tags?post=786976"}],"curies":[{"name":"wp","href":"https:\/\/api.w.org\/{rel}","templated":true}]}}