{"id":786966,"date":"2026-02-18T11:19:15","date_gmt":"2026-02-18T10:19:15","guid":{"rendered":"https:\/\/www.hashtag.al\/?p=786966"},"modified":"2026-02-18T11:19:20","modified_gmt":"2026-02-18T10:19:20","slug":"ju-lutem-shpallni-te-pafajshem-thacin-ne-te-gjitha-akuzat-avokati-mbrojtes-mishetic","status":"publish","type":"post","link":"https:\/\/www.hashtag.al\/index.php\/2026\/02\/18\/ju-lutem-shpallni-te-pafajshem-thacin-ne-te-gjitha-akuzat-avokati-mbrojtes-mishetic\/","title":{"rendered":"\u201cJu lutem shpallni t\u00eb pafajsh\u00ebm Tha\u00e7in n\u00eb t\u00eb gjitha akuzat,\u201d \u2013avokati mbrojt\u00ebs Misheti\u00e7","gt_translate_keys":[{"key":"rendered","format":"text"}]},"content":{"rendered":"<p data-start=\"186\" data-end=\"532\"><span style=\"color: #000000;\"><a href=\"https:\/\/www.hashtag.al\/index.php\/2026\/02\/18\/ju-lutem-shpallni-te-pafajshem-thacin-ne-te-gjitha-akuzat-avokati-mbrojtes-mishetic\/img_7022\/\" rel=\"attachment wp-att-786967\"><img loading=\"lazy\" decoding=\"async\" class=\"size-full wp-image-786967 aligncenter\" src=\"https:\/\/www.hashtag.al\/wp-content\/uploads\/2026\/02\/IMG_7022.jpeg\" alt=\"\" width=\"780\" height=\"500\" srcset=\"https:\/\/www.hashtag.al\/wp-content\/uploads\/2026\/02\/IMG_7022.jpeg 780w, https:\/\/www.hashtag.al\/wp-content\/uploads\/2026\/02\/IMG_7022-300x192.jpeg 300w, https:\/\/www.hashtag.al\/wp-content\/uploads\/2026\/02\/IMG_7022-768x492.jpeg 768w\" sizes=\"auto, (max-width: 780px) 100vw, 780px\" \/><\/a><br \/>\nAvokati mbrojt\u00ebs i Hashim Tha\u00e7it, Lluka Misheti\u00e7, ka k\u00ebrkuar shpalljen e pafaj\u00ebsis\u00eb p\u00ebr t\u00eb gjitha akuzat kund\u00ebr klientit t\u00eb tij. Misheti\u00e7 deklaroi se Zyra e Prokurorit t\u00eb Specializuar (ZPS) nuk disponon asnj\u00eb prov\u00eb q\u00eb ta implikoj\u00eb Tha\u00e7in n\u00eb krime lufte dhe akuzoi Prokurorin\u00eb p\u00ebr ndryshime t\u00eb provave p\u00ebr t\u00eb mbushur boshll\u00ebqet n\u00eb dosje.<\/span><\/p>\n<p data-start=\"534\" data-end=\"940\"><span style=\"color: #000000;\">\u201cJu lutem shpallni t\u00eb pafajsh\u00ebm Tha\u00e7in n\u00eb t\u00eb gjitha akuzat,\u201d tha Misheti\u00e7, duke shtuar se nuk ka d\u00ebshmi q\u00eb Tha\u00e7i t\u00eb ket\u00eb pasur dor\u00eb n\u00eb hartimin apo shp\u00ebrndarjen e komunikatave t\u00eb U\u00c7K-s\u00eb. Ai po ashtu kritikoi ZPS p\u00ebr deklarimet kontradiktore rreth pjes\u00ebmarrjes s\u00eb shefit t\u00eb Shtabit t\u00eb P\u00ebrgjithsh\u00ebm t\u00eb U\u00c7K-s\u00eb, Bislim Zyrapi, n\u00eb takime q\u00eb lidhen me t\u00eb ashtuquajtur\u00ebn \u201cnd\u00ebrmarrje e p\u00ebrbashk\u00ebt kriminale\u201d.<\/span><\/p>\n<p data-start=\"942\" data-end=\"1218\"><span style=\"color: #000000;\">N\u00eb t\u00eb nj\u00ebjt\u00ebn seanc\u00eb gjyq\u00ebsore, mbrojt\u00ebsi i viktimave, Simon Laws, deklaroi se nuk \u00ebsht\u00eb detyr\u00eb e tyre t\u00eb v\u00ebrtetojn\u00eb lidhjen e Rexhep Selimit me krimet, por t\u00eb paraqesin d\u00ebshmit\u00eb e viktimave dhe pasojat e tyre, duke ndihmuar trupin gjykues t\u00eb kuptoj\u00eb ndikimin e krimeve.<\/span><\/p>\n<p data-start=\"1220\" data-end=\"1568\"><span style=\"color: #000000;\">Seanca e s\u00eb mart\u00ebs parashikon q\u00eb pas pushimit t\u00eb drek\u00ebs t\u00eb deklarohen t\u00eb kat\u00ebr t\u00eb akuzuarit: Hashim Tha\u00e7i, Kadri Veseli, Jakup Krasniqi dhe Rexhep Selimi, dhe mbyllet gjat\u00eb pasdites. N\u00eb gjasht\u00eb seancat paraprake jan\u00eb shqyrtuar fjal\u00ebt p\u00ebrmbyll\u00ebse t\u00eb prokuror\u00ebve, ekipeve mbrojt\u00ebse dhe mbrojt\u00ebsit t\u00eb viktimave, si dhe pyetjet nga trupi gjykues.<\/span><\/p>\n","protected":false,"gt_translate_keys":[{"key":"rendered","format":"html"}]},"excerpt":{"rendered":"<p>Avokati mbrojt\u00ebs i Hashim Tha\u00e7it, Lluka Misheti\u00e7, ka k\u00ebrkuar shpalljen e pafaj\u00ebsis\u00eb p\u00ebr t\u00eb gjitha akuzat kund\u00ebr klientit t\u00eb tij. Misheti\u00e7 deklaroi se Zyra e Prokurorit t\u00eb Specializuar (ZPS) nuk disponon asnj\u00eb prov\u00eb q\u00eb ta implikoj\u00eb Tha\u00e7in n\u00eb krime lufte dhe akuzoi Prokurorin\u00eb p\u00ebr ndryshime t\u00eb provave p\u00ebr t\u00eb mbushur boshll\u00ebqet n\u00eb dosje. \u201cJu lutem [&hellip;]<\/p>\n","protected":false,"gt_translate_keys":[{"key":"rendered","format":"html"}]},"author":32,"featured_media":786967,"comment_status":"closed","ping_status":"open","sticky":false,"template":"","format":"standard","meta":{"footnotes":""},"categories":[149],"tags":[],"class_list":["post-786966","post","type-post","status-publish","format-standard","has-post-thumbnail","hentry","category-kosoverajon"],"gt_translate_keys":[{"key":"link","format":"url"}],"_links":{"self":[{"href":"https:\/\/www.hashtag.al\/index.php\/wp-json\/wp\/v2\/posts\/786966","targetHints":{"allow":["GET"]}}],"collection":[{"href":"https:\/\/www.hashtag.al\/index.php\/wp-json\/wp\/v2\/posts"}],"about":[{"href":"https:\/\/www.hashtag.al\/index.php\/wp-json\/wp\/v2\/types\/post"}],"author":[{"embeddable":true,"href":"https:\/\/www.hashtag.al\/index.php\/wp-json\/wp\/v2\/users\/32"}],"replies":[{"embeddable":true,"href":"https:\/\/www.hashtag.al\/index.php\/wp-json\/wp\/v2\/comments?post=786966"}],"version-history":[{"count":99999,"href":"https:\/\/www.hashtag.al\/index.php\/wp-json\/wp\/v2\/posts\/786966\/revisions"}],"predecessor-version":[{"id":786969,"href":"https:\/\/www.hashtag.al\/index.php\/wp-json\/wp\/v2\/posts\/786966\/revisions\/786969"}],"wp:featuredmedia":[{"embeddable":true,"href":"https:\/\/www.hashtag.al\/index.php\/wp-json\/wp\/v2\/media\/786967"}],"wp:attachment":[{"href":"https:\/\/www.hashtag.al\/index.php\/wp-json\/wp\/v2\/media?parent=786966"}],"wp:term":[{"taxonomy":"category","embeddable":true,"href":"https:\/\/www.hashtag.al\/index.php\/wp-json\/wp\/v2\/categories?post=786966"},{"taxonomy":"post_tag","embeddable":true,"href":"https:\/\/www.hashtag.al\/index.php\/wp-json\/wp\/v2\/tags?post=786966"}],"curies":[{"name":"wp","href":"https:\/\/api.w.org\/{rel}","templated":true}]}}