{"id":786964,"date":"2026-02-18T10:55:21","date_gmt":"2026-02-18T09:55:21","guid":{"rendered":"https:\/\/www.hashtag.al\/?p=786964"},"modified":"2026-02-18T10:55:21","modified_gmt":"2026-02-18T09:55:21","slug":"kurti-uck-nuk-ka-pasur-te-beje-me-trafik-organesh-akuza-eshte-narrative-hibride-kunder-kosoves","status":"publish","type":"post","link":"https:\/\/www.hashtag.al\/index.php\/2026\/02\/18\/kurti-uck-nuk-ka-pasur-te-beje-me-trafik-organesh-akuza-eshte-narrative-hibride-kunder-kosoves\/","title":{"rendered":"Kurti: U\u00c7K nuk ka pasur t\u00eb b\u00ebj\u00eb me trafik organesh, akuza \u00ebsht\u00eb \u201cnarrativ\u00eb hibride\u201d kund\u00ebr Kosov\u00ebs","gt_translate_keys":[{"key":"rendered","format":"text"}]},"content":{"rendered":"<p data-start=\"106\" data-end=\"523\"><span style=\"color: #000000;\"><a href=\"https:\/\/www.hashtag.al\/index.php\/2025\/12\/31\/bllokadat-jane-inekzistente-kurti-thote-se-shume-shpejt-do-ta-formoje-kuvendin-dhe-qeverine\/kurti-122\/\" rel=\"attachment wp-att-779574\"><img loading=\"lazy\" decoding=\"async\" class=\"size-full wp-image-779574 aligncenter\" src=\"https:\/\/www.hashtag.al\/wp-content\/uploads\/2025\/12\/kurti.jpg\" alt=\"\" width=\"2048\" height=\"1366\" srcset=\"https:\/\/www.hashtag.al\/wp-content\/uploads\/2025\/12\/kurti.jpg 2048w, https:\/\/www.hashtag.al\/wp-content\/uploads\/2025\/12\/kurti-300x200.jpg 300w, https:\/\/www.hashtag.al\/wp-content\/uploads\/2025\/12\/kurti-1024x683.jpg 1024w, https:\/\/www.hashtag.al\/wp-content\/uploads\/2025\/12\/kurti-768x512.jpg 768w, https:\/\/www.hashtag.al\/wp-content\/uploads\/2025\/12\/kurti-1536x1025.jpg 1536w\" sizes=\"auto, (max-width: 2048px) 100vw, 2048px\" \/><\/a><br \/>\nKryeministri i Kosov\u00ebs, Albin Kurti, ka reaguar ndaj pretendimeve p\u00ebr trafik organesh q\u00eb lidhen me Ushtrin\u00eb \u00c7lirimtare t\u00eb Kosov\u00ebs (U\u00c7K), duke i cil\u00ebsuar ato si nj\u00eb \u201cnarrativ\u00eb hibride\u201d kund\u00ebr vendit. N\u00eb nj\u00eb postim n\u00eb rrjetet sociale, Kurti theksoi se e ashtuquajtura \u201cSht\u00ebpi e Verdh\u00eb\u201d nuk ka ekzistuar kurr\u00eb si vend p\u00ebr trafikimin e organeve dhe se akuza t\u00eb tilla synojn\u00eb t\u00eb d\u00ebmtojn\u00eb luft\u00ebn \u00e7lirimtare t\u00eb U\u00c7K-s\u00eb.<\/span><\/p>\n<p data-start=\"525\" data-end=\"887\"><span style=\"color: #000000;\">Kurti b\u00ebri k\u00ebto deklarime gjat\u00eb hapjes s\u00eb Konferenc\u00ebs s\u00eb Dyt\u00eb Nd\u00ebrkomb\u00ebtare \u201cNga lufta n\u00eb rim\u00ebk\u00ebmbje\u201d, organizuar nga Instituti p\u00ebr Krimet e Kryera gjat\u00eb Luft\u00ebs n\u00eb Kosov\u00eb. Ai n\u00ebnvizoi se lufta e U\u00c7K-s\u00eb ishte e drejt\u00eb dhe e domosdoshme p\u00ebr liri dhe mbijetes\u00eb, duke qen\u00eb p\u00ebrgjigje ndaj represionit sistematik dhe shkeljeve t\u00eb t\u00eb drejtave t\u00eb popullit kosovar.<\/span><\/p>\n<p data-start=\"889\" data-end=\"1216\"><span style=\"color: #000000;\">\u201cKjo konferenc\u00eb \u00ebsht\u00eb pjes\u00eb e procesit t\u00eb gjer\u00eb shtet\u00ebror dhe shoq\u00ebror p\u00ebr p\u00ebrballje me t\u00eb kaluar\u00ebn, p\u00ebr dokumentim t\u00eb s\u00eb v\u00ebrtet\u00ebs dhe drejt\u00ebsi. Instituti i Krimeve t\u00eb Kryera gjat\u00eb Luft\u00ebs ka forcuar kapacitetet dokumentuese dhe arkivore, duke siguruar q\u00eb \u00e7do krim i regjistruar dhe \u00e7do viktim\u00eb t\u00eb mos harrohet\u201d, shkroi Kurti.<\/span><\/p>\n<p data-start=\"1218\" data-end=\"1614\"><span style=\"color: #000000;\">Ai shtoi se akuza ndaj U\u00c7K-s\u00eb, p\u00ebrfshir\u00eb pretendimet p\u00ebr \u201cSht\u00ebpin\u00eb e Verdh\u00eb\u201d, jan\u00eb pjes\u00eb e nj\u00eb narrative hibride t\u00eb Serbis\u00eb dhe se ato nuk mund t\u00eb zbehin karakterin \u00e7lirimtar e antikolonialist t\u00eb luft\u00ebs. Kryeministri gjithashtu p\u00ebrmendi r\u00ebnd\u00ebsin\u00eb e dokumentimit nd\u00ebrkomb\u00ebtar dhe bashk\u00ebpunimin me Mekanizmin Nd\u00ebrkomb\u00ebtar Rezidual p\u00ebr krijimin e nj\u00eb qendre informacioni dhe dokumentimi n\u00eb Kosov\u00eb.<\/span><\/p>\n<p data-start=\"1616\" data-end=\"1885\"><span style=\"color: #000000;\">N\u00eb p\u00ebrfundim, Kurti riafirmoi angazhimin e shtetit p\u00ebr drejt\u00ebsi, dokumentim t\u00eb plot\u00eb dhe ruajtje t\u00eb kujtes\u00ebs historike, duke lidhur Dit\u00ebn e Pavar\u00ebsis\u00eb me p\u00ebrgjegj\u00ebsin\u00eb p\u00ebr reflektimin shkencor dhe institucional mbi plag\u00ebt e luft\u00ebs dhe rrug\u00ebn e rim\u00ebk\u00ebmbjes s\u00eb Kosov\u00ebs.<\/span><\/p>\n<p data-start=\"1887\" data-end=\"2154\" data-is-last-node=\"\" data-is-only-node=\"\"><span style=\"color: #000000;\">\u201cKosova e s\u00eb nes\u00ebrmes \u00ebsht\u00eb Kosov\u00eb e dijes, e drejt\u00ebsis\u00eb dhe e bashk\u00ebpunimit. Me p\u00ebrkushtim, profesionaliz\u00ebm dhe dashuri p\u00ebr vendin, ne nd\u00ebrtojm\u00eb nj\u00eb Republik\u00eb sovrane dhe demokratike, ku barazia dhe dinjiteti jan\u00eb themeli i jet\u00ebs s\u00eb qytetar\u00ebve,\u201d p\u00ebrfundoi Kurti.<\/span><\/p>\n","protected":false,"gt_translate_keys":[{"key":"rendered","format":"html"}]},"excerpt":{"rendered":"<p>Kryeministri i Kosov\u00ebs, Albin Kurti, ka reaguar ndaj pretendimeve p\u00ebr trafik organesh q\u00eb lidhen me Ushtrin\u00eb \u00c7lirimtare t\u00eb Kosov\u00ebs (U\u00c7K), duke i cil\u00ebsuar ato si nj\u00eb \u201cnarrativ\u00eb hibride\u201d kund\u00ebr vendit. N\u00eb nj\u00eb postim n\u00eb rrjetet sociale, Kurti theksoi se e ashtuquajtura \u201cSht\u00ebpi e Verdh\u00eb\u201d nuk ka ekzistuar kurr\u00eb si vend p\u00ebr trafikimin e organeve dhe [&hellip;]<\/p>\n","protected":false,"gt_translate_keys":[{"key":"rendered","format":"html"}]},"author":32,"featured_media":779574,"comment_status":"closed","ping_status":"open","sticky":false,"template":"","format":"standard","meta":{"footnotes":""},"categories":[65],"tags":[],"class_list":["post-786964","post","type-post","status-publish","format-standard","has-post-thumbnail","hentry","category-lajme"],"gt_translate_keys":[{"key":"link","format":"url"}],"_links":{"self":[{"href":"https:\/\/www.hashtag.al\/index.php\/wp-json\/wp\/v2\/posts\/786964","targetHints":{"allow":["GET"]}}],"collection":[{"href":"https:\/\/www.hashtag.al\/index.php\/wp-json\/wp\/v2\/posts"}],"about":[{"href":"https:\/\/www.hashtag.al\/index.php\/wp-json\/wp\/v2\/types\/post"}],"author":[{"embeddable":true,"href":"https:\/\/www.hashtag.al\/index.php\/wp-json\/wp\/v2\/users\/32"}],"replies":[{"embeddable":true,"href":"https:\/\/www.hashtag.al\/index.php\/wp-json\/wp\/v2\/comments?post=786964"}],"version-history":[{"count":99999,"href":"https:\/\/www.hashtag.al\/index.php\/wp-json\/wp\/v2\/posts\/786964\/revisions"}],"predecessor-version":[{"id":786965,"href":"https:\/\/www.hashtag.al\/index.php\/wp-json\/wp\/v2\/posts\/786964\/revisions\/786965"}],"wp:featuredmedia":[{"embeddable":true,"href":"https:\/\/www.hashtag.al\/index.php\/wp-json\/wp\/v2\/media\/779574"}],"wp:attachment":[{"href":"https:\/\/www.hashtag.al\/index.php\/wp-json\/wp\/v2\/media?parent=786964"}],"wp:term":[{"taxonomy":"category","embeddable":true,"href":"https:\/\/www.hashtag.al\/index.php\/wp-json\/wp\/v2\/categories?post=786964"},{"taxonomy":"post_tag","embeddable":true,"href":"https:\/\/www.hashtag.al\/index.php\/wp-json\/wp\/v2\/tags?post=786964"}],"curies":[{"name":"wp","href":"https:\/\/api.w.org\/{rel}","templated":true}]}}