{"id":786960,"date":"2026-02-18T10:36:40","date_gmt":"2026-02-18T09:36:40","guid":{"rendered":"https:\/\/www.hashtag.al\/?p=786960"},"modified":"2026-02-18T10:36:45","modified_gmt":"2026-02-18T09:36:45","slug":"korridori-viii-nuk-eshte-thjesht-nje-investim-eshte-nje-domosdoshmeri-strategjike-elisa-spiropali","status":"publish","type":"post","link":"https:\/\/www.hashtag.al\/index.php\/2026\/02\/18\/korridori-viii-nuk-eshte-thjesht-nje-investim-eshte-nje-domosdoshmeri-strategjike-elisa-spiropali\/","title":{"rendered":"\u201cKorridori VIII nuk \u00ebsht\u00eb thjesht nj\u00eb investim, \u00ebsht\u00eb nj\u00eb domosdoshm\u00ebri strategjike\u201d \u2013 Elisa Spiropali","gt_translate_keys":[{"key":"rendered","format":"text"}]},"content":{"rendered":"<p data-start=\"110\" data-end=\"381\"><span style=\"color: #000000;\"><a href=\"https:\/\/www.hashtag.al\/index.php\/2026\/02\/18\/korridori-viii-nuk-eshte-thjesht-nje-investim-eshte-nje-domosdoshmeri-strategjike-elisa-spiropali\/img_7020\/\" rel=\"attachment wp-att-786961\"><img loading=\"lazy\" decoding=\"async\" class=\"size-full wp-image-786961 aligncenter\" src=\"https:\/\/www.hashtag.al\/wp-content\/uploads\/2026\/02\/IMG_7020.jpeg\" alt=\"\" width=\"636\" height=\"335\" srcset=\"https:\/\/www.hashtag.al\/wp-content\/uploads\/2026\/02\/IMG_7020.jpeg 636w, https:\/\/www.hashtag.al\/wp-content\/uploads\/2026\/02\/IMG_7020-300x158.jpeg 300w\" sizes=\"auto, (max-width: 636px) 100vw, 636px\" \/><\/a><br \/>\nMinistrja p\u00ebr Europ\u00ebn dhe Pun\u00ebt e Jashtme, Elisa Spiropali, theksoi r\u00ebnd\u00ebsin\u00eb strategjike t\u00eb Korridorit VIII gjat\u00eb fjal\u00ebs s\u00eb saj n\u00eb Ministerialin q\u00eb po mbahet sot n\u00eb Tiran\u00eb, ku mor\u00ebn pjes\u00eb edhe p\u00ebrfaq\u00ebsues t\u00eb lart\u00eb nga Italia, Maqedonia e Veriut, Bullgaria dhe Rumania.<\/span><\/p>\n<p data-start=\"383\" data-end=\"666\"><span style=\"color: #000000;\">Spiropali e p\u00ebrshkroi Korridorin VIII si \u201cnd\u00ebrlidhjen e munguar lindje\u2013per\u00ebndim t\u00eb Ballkanit Jugor\u201d, duke lidhur Adriatikun me Detin e Zi dhe rajonin me zemr\u00ebn e Europ\u00ebs. Ajo n\u00ebnvizoi se nd\u00ebrlidhja nuk lidhet vet\u00ebm me infrastruktur\u00ebn, por edhe me mund\u00ebsi, q\u00ebndrueshm\u00ebri dhe siguri.<\/span><\/p>\n<p data-start=\"668\" data-end=\"999\"><span style=\"color: #000000;\">Ministrja prezantoi portofolin e projekteve prioritare, me vler\u00eb mbi dy miliard\u00eb euro, q\u00eb tashm\u00eb po zbatohen n\u00eb sektorin hekurudhor, rrugor dhe energjetik. Ajo theksoi gjithashtu r\u00ebnd\u00ebsin\u00eb strategjike t\u00eb korridorit p\u00ebr nd\u00ebrveprueshm\u00ebrin\u00eb dhe mbrojtjen kolektive, duke mund\u00ebsuar l\u00ebvizjen e forcave aleate dhe furnizimeve n\u00eb rajon.<\/span><\/p>\n<p data-start=\"1001\" data-end=\"1395\"><span style=\"color: #000000;\">Spiropali k\u00ebrkoi gjithashtu q\u00eb t\u00eb gjitha segmentet ky\u00e7e t\u00eb Korridorit VIII t\u00eb p\u00ebrfshihen brenda rrjetit baz\u00eb t\u00eb transportit TEN-T, p\u00ebr t\u00eb siguruar financime dhe prioritet politik, dhe n\u00ebnvizoi nevoj\u00ebn p\u00ebr afate kohore t\u00eb sinkronizuara, standarde teknike t\u00eb nd\u00ebrveprueshme, procedura kufitare m\u00eb t\u00eb shpejta dhe financim t\u00eb koordinuar nga instrumentet evropiane dhe institucionet nd\u00ebrkomb\u00ebtare.<\/span><\/p>\n<p data-start=\"1397\" data-end=\"1593\" data-is-last-node=\"\" data-is-only-node=\"\"><span style=\"color: #000000;\">\u201cKorridori VIII nuk \u00ebsht\u00eb vet\u00ebm nj\u00eb projekt transporti. \u00cbsht\u00eb nj\u00eb deklarat\u00eb politike. Ai tregon se Adriatiku dhe Deti i Zi nuk jan\u00eb skajet e Evrop\u00ebs, por portat e saj hyr\u00ebse\u201d, p\u00ebrfundoi Spiropali.<\/span><\/p>\n","protected":false,"gt_translate_keys":[{"key":"rendered","format":"html"}]},"excerpt":{"rendered":"<p>Ministrja p\u00ebr Europ\u00ebn dhe Pun\u00ebt e Jashtme, Elisa Spiropali, theksoi r\u00ebnd\u00ebsin\u00eb strategjike t\u00eb Korridorit VIII gjat\u00eb fjal\u00ebs s\u00eb saj n\u00eb Ministerialin q\u00eb po mbahet sot n\u00eb Tiran\u00eb, ku mor\u00ebn pjes\u00eb edhe p\u00ebrfaq\u00ebsues t\u00eb lart\u00eb nga Italia, Maqedonia e Veriut, Bullgaria dhe Rumania. Spiropali e p\u00ebrshkroi Korridorin VIII si \u201cnd\u00ebrlidhjen e munguar lindje\u2013per\u00ebndim t\u00eb Ballkanit Jugor\u201d, [&hellip;]<\/p>\n","protected":false,"gt_translate_keys":[{"key":"rendered","format":"html"}]},"author":32,"featured_media":786961,"comment_status":"closed","ping_status":"open","sticky":false,"template":"","format":"standard","meta":{"footnotes":""},"categories":[65],"tags":[],"class_list":["post-786960","post","type-post","status-publish","format-standard","has-post-thumbnail","hentry","category-lajme"],"gt_translate_keys":[{"key":"link","format":"url"}],"_links":{"self":[{"href":"https:\/\/www.hashtag.al\/index.php\/wp-json\/wp\/v2\/posts\/786960","targetHints":{"allow":["GET"]}}],"collection":[{"href":"https:\/\/www.hashtag.al\/index.php\/wp-json\/wp\/v2\/posts"}],"about":[{"href":"https:\/\/www.hashtag.al\/index.php\/wp-json\/wp\/v2\/types\/post"}],"author":[{"embeddable":true,"href":"https:\/\/www.hashtag.al\/index.php\/wp-json\/wp\/v2\/users\/32"}],"replies":[{"embeddable":true,"href":"https:\/\/www.hashtag.al\/index.php\/wp-json\/wp\/v2\/comments?post=786960"}],"version-history":[{"count":99999,"href":"https:\/\/www.hashtag.al\/index.php\/wp-json\/wp\/v2\/posts\/786960\/revisions"}],"predecessor-version":[{"id":786963,"href":"https:\/\/www.hashtag.al\/index.php\/wp-json\/wp\/v2\/posts\/786960\/revisions\/786963"}],"wp:featuredmedia":[{"embeddable":true,"href":"https:\/\/www.hashtag.al\/index.php\/wp-json\/wp\/v2\/media\/786961"}],"wp:attachment":[{"href":"https:\/\/www.hashtag.al\/index.php\/wp-json\/wp\/v2\/media?parent=786960"}],"wp:term":[{"taxonomy":"category","embeddable":true,"href":"https:\/\/www.hashtag.al\/index.php\/wp-json\/wp\/v2\/categories?post=786960"},{"taxonomy":"post_tag","embeddable":true,"href":"https:\/\/www.hashtag.al\/index.php\/wp-json\/wp\/v2\/tags?post=786960"}],"curies":[{"name":"wp","href":"https:\/\/api.w.org\/{rel}","templated":true}]}}