{"id":786925,"date":"2026-02-17T23:49:28","date_gmt":"2026-02-17T22:49:28","guid":{"rendered":"https:\/\/www.hashtag.al\/?p=786925"},"modified":"2026-02-17T23:49:28","modified_gmt":"2026-02-17T22:49:28","slug":"be-ne-krizen-me-te-thelle-qe-prej-themelimithistori-kryeministri-sllovak-fico","status":"publish","type":"post","link":"https:\/\/www.hashtag.al\/index.php\/2026\/02\/17\/be-ne-krizen-me-te-thelle-qe-prej-themelimithistori-kryeministri-sllovak-fico\/","title":{"rendered":"\u201cBE n\u00eb kriz\u00ebn m\u00eb t\u00eb thell\u00eb q\u00eb prej themelimithistori\u201d &#8211; Kryeministri sllovak Fico","gt_translate_keys":[{"key":"rendered","format":"text"}]},"content":{"rendered":"<p><img loading=\"lazy\" decoding=\"async\" class=\"aligncenter size-full wp-image-786928\" src=\"https:\/\/www.hashtag.al\/wp-content\/uploads\/2026\/02\/fico.jpg\" alt=\"\" width=\"768\" height=\"432\" srcset=\"https:\/\/www.hashtag.al\/wp-content\/uploads\/2026\/02\/fico.jpg 768w, https:\/\/www.hashtag.al\/wp-content\/uploads\/2026\/02\/fico-300x169.jpg 300w\" sizes=\"auto, (max-width: 768px) 100vw, 768px\" \/><\/p>\n<p><span style=\"color: #000000;\">Bashkimi Evropian po kalon periudh\u00ebn m\u00eb t\u00eb v\u00ebshtir\u00eb q\u00eb nga krijimi i tij, sipas kryeministrit sllovak Robert Fico, i cili faj\u00ebson jo vet\u00ebm presionet ekonomike, por edhe munges\u00ebn e drejtimit strategjik n\u00eb Bruksel.<\/span><\/p>\n<p><span style=\"color: #000000;\">Deklaratat u b\u00ebn\u00eb t\u00eb mart\u00ebn n\u00eb Bratislav\u00eb, gjat\u00eb nj\u00eb konference t\u00eb fokusuar te banesat me qira t\u00eb p\u00ebrballueshme. Fico argumentoi se sfidat sociale dhe ekonomike q\u00eb prekin qytetar\u00ebt evropian\u00eb jan\u00eb simptom\u00eb e nj\u00eb krize m\u00eb t\u00eb gjer\u00eb strukturore brenda unionit. Sipas tij, situata aktuale nuk lidhet vet\u00ebm me tregues financiar\u00eb, por me deficit lidershipi dhe munges\u00eb vizioni afatgjat\u00eb.<\/span><\/p>\n<p><span style=\"color: #000000;\"><strong>Paralajm\u00ebrimi p\u00ebr humbje t\u00eb konkurrueshm\u00ebris\u00eb<\/strong><\/span><\/p>\n<p><span style=\"color: #000000;\">Kryeministri sllovak theksoi se, n\u00eb munges\u00eb t\u00eb nj\u00eb strategjie t\u00eb qart\u00eb p\u00ebr konkurrueshm\u00ebrin\u00eb, BE-ja rrezikon t\u00eb reduktohet n\u00eb nj\u00eb \u201cmuze kulturor n\u00eb natyr\u00eb\u201d, duke humbur terren n\u00eb raport me fuqit\u00eb globale. Ai p\u00ebrmendi ve\u00e7an\u00ebrisht Kina, duke pretenduar se disa rajone t\u00eb bot\u00ebs kan\u00eb nj\u00eb avantazh prej 15\u201320 vitesh n\u00eb sektor\u00eb ky\u00e7.<\/span><\/p>\n<p><span style=\"color: #000000;\"><strong>Kritikat ndaj politikave t\u00eb Brukselit<\/strong><\/span><\/p>\n<p><span style=\"color: #000000;\">Fico ka qen\u00eb kritik i vazhduesh\u00ebm i politikave energjetike dhe sanksioneve ndaj Rusia, duke argumentuar se masat nd\u00ebshkuese po d\u00ebmtojn\u00eb m\u00eb shum\u00eb ekonomit\u00eb e BE-s\u00eb sesa Mosk\u00ebn. Ai reagoi edhe ndaj paket\u00ebs s\u00eb 20-t\u00eb t\u00eb sanksioneve t\u00eb propozuara nga Komisioni Evropian, duke theksuar se prioritet duhet t\u00eb jen\u00eb problemet e brendshme t\u00eb unionit.<\/span><\/p>\n<p><span style=\"color: #000000;\">N\u00eb t\u00eb nj\u00ebjt\u00ebn linj\u00eb, ai kund\u00ebrshtoi planin p\u00ebr t\u00eb ndalur plot\u00ebsisht importet e gazit rus deri n\u00eb vitin 2027, duke e cil\u00ebsuar k\u00ebt\u00eb si nj\u00eb veprim me pasoja t\u00eb r\u00ebnda p\u00ebr ekonomit\u00eb e varura nga ky burim energjie dhe duke paralajm\u00ebruar padi nga Bratislava ndaj institucioneve evropiane.<\/span><\/p>\n<p><span style=\"color: #000000;\">Pas reduktimit drastik t\u00eb furnizimeve me gaz rus p\u00ebrmes tubacioneve, ve\u00e7an\u00ebrisht pas p\u00ebrshkall\u00ebzimit t\u00eb konfliktit n\u00eb Ukraina n\u00eb vitin 2022, \u00e7mimet me shumic\u00eb dhe kostot e jetes\u00ebs n\u00eb BE jan\u00eb rritur ndjesh\u00ebm, duke dob\u00ebsuar konkurrueshm\u00ebrin\u00eb industriale t\u00eb bllokut.<\/span><\/p>\n<p><span style=\"color: #000000;\">Fico, i cili i mbijetoi nj\u00eb atentati n\u00eb vitin 2024, ka kritikuar gjithashtu mb\u00ebshtetjen financiare p\u00ebr Kievin, duke e cil\u00ebsuar vendin si nj\u00eb \u201cvrim\u00eb t\u00eb zez\u00eb\u201d korrupsioni q\u00eb ka absorbuar miliarda euro fonde evropiane. Muajin e kaluar ai k\u00ebrkoi dor\u00ebheqjen e shefes s\u00eb diplomacis\u00eb s\u00eb BE-s\u00eb, Kaja Kallas, e njohur p\u00ebr q\u00ebndrimin e saj t\u00eb ashp\u00ebr ndaj Rusis\u00eb.<\/span><\/p>\n<p><span style=\"color: #000000;\"><a style=\"color: #000000;\" href=\"https:\/\/swentr.site\/news\/632685-eu-crisis-leadership-fico\/\">https:\/\/swentr.site\/news\/632685-eu-crisis-leadership-fico\/<\/a><\/span><\/p>\n","protected":false,"gt_translate_keys":[{"key":"rendered","format":"html"}]},"excerpt":{"rendered":"<p>Bashkimi Evropian po kalon periudh\u00ebn m\u00eb t\u00eb v\u00ebshtir\u00eb q\u00eb nga krijimi i tij, sipas kryeministrit sllovak Robert Fico, i cili faj\u00ebson jo vet\u00ebm presionet ekonomike, por edhe munges\u00ebn e drejtimit strategjik n\u00eb Bruksel. Deklaratat u b\u00ebn\u00eb t\u00eb mart\u00ebn n\u00eb Bratislav\u00eb, gjat\u00eb nj\u00eb konference t\u00eb fokusuar te banesat me qira t\u00eb p\u00ebrballueshme. Fico argumentoi se sfidat [&hellip;]<\/p>\n","protected":false,"gt_translate_keys":[{"key":"rendered","format":"html"}]},"author":51,"featured_media":786928,"comment_status":"closed","ping_status":"open","sticky":false,"template":"","format":"standard","meta":{"footnotes":""},"categories":[53],"tags":[],"class_list":["post-786925","post","type-post","status-publish","format-standard","has-post-thumbnail","hentry","category-fast-foodi"],"gt_translate_keys":[{"key":"link","format":"url"}],"_links":{"self":[{"href":"https:\/\/www.hashtag.al\/index.php\/wp-json\/wp\/v2\/posts\/786925","targetHints":{"allow":["GET"]}}],"collection":[{"href":"https:\/\/www.hashtag.al\/index.php\/wp-json\/wp\/v2\/posts"}],"about":[{"href":"https:\/\/www.hashtag.al\/index.php\/wp-json\/wp\/v2\/types\/post"}],"author":[{"embeddable":true,"href":"https:\/\/www.hashtag.al\/index.php\/wp-json\/wp\/v2\/users\/51"}],"replies":[{"embeddable":true,"href":"https:\/\/www.hashtag.al\/index.php\/wp-json\/wp\/v2\/comments?post=786925"}],"version-history":[{"count":99999,"href":"https:\/\/www.hashtag.al\/index.php\/wp-json\/wp\/v2\/posts\/786925\/revisions"}],"predecessor-version":[{"id":786929,"href":"https:\/\/www.hashtag.al\/index.php\/wp-json\/wp\/v2\/posts\/786925\/revisions\/786929"}],"wp:featuredmedia":[{"embeddable":true,"href":"https:\/\/www.hashtag.al\/index.php\/wp-json\/wp\/v2\/media\/786928"}],"wp:attachment":[{"href":"https:\/\/www.hashtag.al\/index.php\/wp-json\/wp\/v2\/media?parent=786925"}],"wp:term":[{"taxonomy":"category","embeddable":true,"href":"https:\/\/www.hashtag.al\/index.php\/wp-json\/wp\/v2\/categories?post=786925"},{"taxonomy":"post_tag","embeddable":true,"href":"https:\/\/www.hashtag.al\/index.php\/wp-json\/wp\/v2\/tags?post=786925"}],"curies":[{"name":"wp","href":"https:\/\/api.w.org\/{rel}","templated":true}]}}