{"id":786901,"date":"2026-02-17T22:26:46","date_gmt":"2026-02-17T21:26:46","guid":{"rendered":"https:\/\/www.hashtag.al\/?p=786901"},"modified":"2026-02-17T22:27:42","modified_gmt":"2026-02-17T21:27:42","slug":"mos-jini-dembele-merz-u-ben-thirrje-gjermaneve-te-punojne-me-shume","status":"publish","type":"post","link":"https:\/\/www.hashtag.al\/index.php\/2026\/02\/17\/mos-jini-dembele-merz-u-ben-thirrje-gjermaneve-te-punojne-me-shume\/","title":{"rendered":"\u201cMos jini dembel\u00eb\u201d &#8211; Merz u b\u00ebn thirrje gjerman\u00ebve t\u00eb punojn\u00eb m\u00eb shum\u00eb","gt_translate_keys":[{"key":"rendered","format":"text"}]},"content":{"rendered":"<p><img loading=\"lazy\" decoding=\"async\" class=\"aligncenter size-full wp-image-786902\" src=\"https:\/\/www.hashtag.al\/wp-content\/uploads\/2026\/02\/merz-1.jpg\" alt=\"\" width=\"1160\" height=\"773\" srcset=\"https:\/\/www.hashtag.al\/wp-content\/uploads\/2026\/02\/merz-1.jpg 1160w, https:\/\/www.hashtag.al\/wp-content\/uploads\/2026\/02\/merz-1-300x200.jpg 300w, https:\/\/www.hashtag.al\/wp-content\/uploads\/2026\/02\/merz-1-1024x682.jpg 1024w, https:\/\/www.hashtag.al\/wp-content\/uploads\/2026\/02\/merz-1-768x512.jpg 768w\" sizes=\"auto, (max-width: 1160px) 100vw, 1160px\" \/><\/p>\n<p><span style=\"color: #000000;\">Kancelari Friedrich Merz ka nisur nj\u00eb betej\u00eb rrezikshme politike me fuqin\u00eb pun\u00ebtore t\u00eb Gjermanis\u00eb prej rreth 46 milion\u00eb njer\u00ebzish.<\/span><\/p>\n<p><span style=\"color: #000000;\">Mesazhi i tij, shkurtimisht: Mos jini aq dembel\u00eb.<\/span><\/p>\n<p><span style=\"color: #000000;\">Gjerman\u00ebt nuk punojn\u00eb mjaftuesh\u00ebm or\u00eb pune dhe marrin shum\u00eb dit\u00eb raporti mjek\u00ebsor (pushim sh\u00ebndet\u00ebsor), duke penguar rritjen ekonomike, ka argumentuar Merz jav\u00ebt e fundit. <\/span><\/p>\n<p><span style=\"color: #000000;\">Ky nuk \u00ebsht\u00eb mesazhi m\u00eb i p\u00ebrshtatsh\u00ebm politik n\u00eb nj\u00eb vit ky\u00e7 zgjedhjesh rajonale, madje as n\u00eb nj\u00eb vend, imazhi tradicional i t\u00eb cilit lart\u00ebson zellin dhe pun\u00ebn e palodhur si imperativa morale, shkruan <a href=\"https:\/\/www.politico.eu\/article\/friedrich-merz-calls-on-germans-to-work-more-and-sparks-a-fierce-backlash\/\">Politico<\/a>.<\/span><\/p>\n<p><span style=\"color: #000000;\">Thirrja e Merz q\u00eb njer\u00ebzit t\u00eb punojn\u00eb m\u00eb shum\u00eb vjen nd\u00ebrsa ai p\u00ebrpiqet t\u00eb ringjall\u00eb ekonomin\u00eb e Gjermanis\u00eb, prej koh\u00ebsh t\u00eb ngecur n\u00eb vend dhe shtyn p\u00ebrpara politika t\u00eb orientuara nga tregu p\u00ebr t\u00eb rritur konkurrueshm\u00ebrin\u00eb \u2014 pjes\u00ebrisht duke adresuar munges\u00ebn e fuqis\u00eb pun\u00ebtore t\u00eb kualifikuar, brenda vendit dhe n\u00eb mbar\u00eb BE-n\u00eb. <\/span><\/p>\n<p><span style=\"color: #000000;\">Por, kjo vjen gjithashtu n\u00eb nj\u00eb moment politikisht t\u00eb ndjesh\u00ebm p\u00ebrpara nj\u00eb s\u00ebr\u00eb zgjedhjesh shtet\u00ebrore q\u00eb shihen si teste ky\u00e7e t\u00eb humorit komb\u00ebtar, nd\u00ebrkoh\u00eb q\u00eb partia e tij konservatore po lufton p\u00ebr t\u00eb zmbrapsur t\u00eb djatht\u00ebn ekstreme n\u00eb rritje.<\/span><\/p>\n<p><span style=\"color: #000000;\">Kjo nuk e ka ndaluar kancelarin q\u00eb t\u00eb mbaj\u00eb nj\u00eb ton pothuajse qortues ndaj gjerman\u00ebve pse nuk punojn\u00eb m\u00eb shum\u00eb dhe m\u00eb fort.<\/span><\/p>\n<p><span style=\"color: #000000;\"><strong>&#8220;Balanca pun\u00eb-jet\u00eb nuk mjafton&#8221;<\/strong><\/span><\/p>\n<p><span style=\"color: #000000;\"><em>\u201cProduktiviteti i p\u00ebrgjithsh\u00ebm i ekonomis\u00eb son\u00eb komb\u00ebtare nuk \u00ebsht\u00eb mjaftuesh\u00ebm i lart\u00eb,\u201d<\/em> tha Merz gjat\u00eb nj\u00eb fjalimi t\u00eb fundit para grupeve t\u00eb industris\u00eb n\u00eb Gjermanin\u00eb Lindore, duke e cil\u00ebsuar pun\u00ebn me koh\u00eb t\u00eb pjesshme si problem., shkruan <a style=\"color: #000000;\" href=\"https:\/\/www.politico.eu\/article\/friedrich-merz-calls-on-germans-to-work-more-and-sparks-a-fierce-backlash\/\">Politico<\/a>.<\/span><\/p>\n<p><span style=\"color: #000000;\"><em>\u201cP\u00ebr ta th\u00ebn\u00eb edhe m\u00eb tro\u00e7: Balanca pun\u00eb-jet\u00eb dhe java kat\u00ebrditore nuk do mjaftojn\u00eb p\u00ebr t\u00eb ruajtur nivelin aktual t\u00eb prosperitetit t\u00eb vendit ton\u00eb n\u00eb t\u00eb ardhmen, prandaj duhet t\u00eb punojm\u00eb m\u00eb fort.\u201d<\/em><\/span><\/p>\n<p><span style=\"color: #000000;\">Gjat\u00eb nj\u00eb ndalese t\u00eb fundit t\u00eb fushat\u00ebs n\u00eb shtetin jugper\u00ebndimor t\u00eb Baden-Vyrtembergut, ku konservator\u00ebt po mbahen pas nj\u00eb avantazhi me shifra nj\u00ebshifrore n\u00eb sondazhe p\u00ebrpara zgjedhjeve t\u00eb 8 marsit, Merz e p\u00ebrforcoi q\u00ebndrimin e tij. Ai d\u00ebnoi numrin e dit\u00ebve t\u00eb raportit mjek\u00ebsor q\u00eb gjerman\u00ebt marrin mesatarisht &#8211; gati tri jav\u00eb n\u00eb vit, tha ai, duksh\u00ebm mbi mesataren e BE-s\u00eb.<\/span><\/p>\n<p><span style=\"color: #000000;\"><em>\u201cA \u00ebsht\u00eb kjo v\u00ebrtet e drejt\u00eb? A \u00ebsht\u00eb v\u00ebrtet e nevojshme?\u201d<\/em> tha Merz me grushtin shtr\u00ebnguar.<\/span><\/p>\n<p><span style=\"color: #000000;\"><em>\u201cA mund t\u00eb flasim se si mund t\u00eb krijojm\u00eb stimuj m\u00eb t\u00eb mir\u00eb p\u00ebr t\u00eb inkurajuar njer\u00ebzit t\u00eb punojn\u00eb, n\u00eb vend q\u00eb t\u00eb marrin raport kur jan\u00eb t\u00eb s\u00ebmur\u00eb?\u201d<\/em> Ai shtoi: <em>\u201cN\u00eb Republik\u00ebn Federale t\u00eb Gjermanis\u00eb, ne duhet t\u00eb arrijm\u00eb s\u00eb bashku nj\u00eb performanc\u00eb ekonomike m\u00eb t\u00eb lart\u00eb se ajo q\u00eb po arrijm\u00eb aktualisht.\u201d<\/em><\/span><\/p>\n","protected":false,"gt_translate_keys":[{"key":"rendered","format":"html"}]},"excerpt":{"rendered":"<p>Kancelari Friedrich Merz ka nisur nj\u00eb betej\u00eb rrezikshme politike me fuqin\u00eb pun\u00ebtore t\u00eb Gjermanis\u00eb prej rreth 46 milion\u00eb njer\u00ebzish. Mesazhi i tij, shkurtimisht: Mos jini aq dembel\u00eb. Gjerman\u00ebt nuk punojn\u00eb mjaftuesh\u00ebm or\u00eb pune dhe marrin shum\u00eb dit\u00eb raporti mjek\u00ebsor (pushim sh\u00ebndet\u00ebsor), duke penguar rritjen ekonomike, ka argumentuar Merz jav\u00ebt e fundit. Ky nuk \u00ebsht\u00eb mesazhi [&hellip;]<\/p>\n","protected":false,"gt_translate_keys":[{"key":"rendered","format":"html"}]},"author":51,"featured_media":786902,"comment_status":"closed","ping_status":"open","sticky":false,"template":"","format":"standard","meta":{"footnotes":""},"categories":[53],"tags":[],"class_list":["post-786901","post","type-post","status-publish","format-standard","has-post-thumbnail","hentry","category-fast-foodi"],"gt_translate_keys":[{"key":"link","format":"url"}],"_links":{"self":[{"href":"https:\/\/www.hashtag.al\/index.php\/wp-json\/wp\/v2\/posts\/786901","targetHints":{"allow":["GET"]}}],"collection":[{"href":"https:\/\/www.hashtag.al\/index.php\/wp-json\/wp\/v2\/posts"}],"about":[{"href":"https:\/\/www.hashtag.al\/index.php\/wp-json\/wp\/v2\/types\/post"}],"author":[{"embeddable":true,"href":"https:\/\/www.hashtag.al\/index.php\/wp-json\/wp\/v2\/users\/51"}],"replies":[{"embeddable":true,"href":"https:\/\/www.hashtag.al\/index.php\/wp-json\/wp\/v2\/comments?post=786901"}],"version-history":[{"count":99999,"href":"https:\/\/www.hashtag.al\/index.php\/wp-json\/wp\/v2\/posts\/786901\/revisions"}],"predecessor-version":[{"id":786904,"href":"https:\/\/www.hashtag.al\/index.php\/wp-json\/wp\/v2\/posts\/786901\/revisions\/786904"}],"wp:featuredmedia":[{"embeddable":true,"href":"https:\/\/www.hashtag.al\/index.php\/wp-json\/wp\/v2\/media\/786902"}],"wp:attachment":[{"href":"https:\/\/www.hashtag.al\/index.php\/wp-json\/wp\/v2\/media?parent=786901"}],"wp:term":[{"taxonomy":"category","embeddable":true,"href":"https:\/\/www.hashtag.al\/index.php\/wp-json\/wp\/v2\/categories?post=786901"},{"taxonomy":"post_tag","embeddable":true,"href":"https:\/\/www.hashtag.al\/index.php\/wp-json\/wp\/v2\/tags?post=786901"}],"curies":[{"name":"wp","href":"https:\/\/api.w.org\/{rel}","templated":true}]}}