{"id":786838,"date":"2026-02-17T17:35:39","date_gmt":"2026-02-17T16:35:39","guid":{"rendered":"https:\/\/www.hashtag.al\/?p=786838"},"modified":"2026-02-17T17:56:38","modified_gmt":"2026-02-17T16:56:38","slug":"blushi-prezanton-pr-ligjin-e-pl-per-sigurine-ushqimore-synon-ti-jape-fund-nje-situate-alarmante","status":"publish","type":"post","link":"https:\/\/www.hashtag.al\/index.php\/2026\/02\/17\/blushi-prezanton-pr-ligjin-e-pl-per-sigurine-ushqimore-synon-ti-jape-fund-nje-situate-alarmante\/","title":{"rendered":"Blushi prezanton pr\/ligjin e PL p\u00ebr sigurin\u00eb ushqimore: Synon t&#8217;i jap\u00eb fund nj\u00eb situate alarmante","gt_translate_keys":[{"key":"rendered","format":"text"}]},"content":{"rendered":"<p data-start=\"155\" data-end=\"439\"><span style=\"color: #000000;\"><img loading=\"lazy\" decoding=\"async\" class=\"aligncenter size-full wp-image-786839\" src=\"https:\/\/www.hashtag.al\/wp-content\/uploads\/2026\/02\/Screenshot-2026-02-17-172924.png\" alt=\"\" width=\"745\" height=\"423\" srcset=\"https:\/\/www.hashtag.al\/wp-content\/uploads\/2026\/02\/Screenshot-2026-02-17-172924.png 745w, https:\/\/www.hashtag.al\/wp-content\/uploads\/2026\/02\/Screenshot-2026-02-17-172924-300x170.png 300w\" sizes=\"auto, (max-width: 745px) 100vw, 745px\" \/><\/span><\/p>\n<p data-start=\"155\" data-end=\"439\"><span style=\"color: #000000;\">Sekretari i P\u00ebrgjithsh\u00ebm i Partis\u00eb s\u00eb Liris\u00eb,\u00a0Tedi Blushi, ka paraqitur n\u00eb Komisionin e Sh\u00ebndet\u00ebsis\u00eb nj\u00eb projektligj p\u00ebr sigurin\u00eb ushqimore. Blushi theksoi se Shqip\u00ebria \u00ebsht\u00eb p\u00ebrmbytur nga mishi me salmonel\u00eb nga\u00a0Brazili\u00a0dhe mielli i kontaminuar nga\u00a0Serbia\u00a0dhe\u00a0Rusia.<\/span><\/p>\n<p data-start=\"441\" data-end=\"777\"><span style=\"color: #000000;\">Ai shtoi se ligji synon mbrojtjen e sh\u00ebndetit publik dhe jet\u00ebs s\u00eb konsumator\u00ebve shqiptar\u00eb, duke siguruar analiza t\u00eb duhura p\u00ebr produktet vendase dhe duke mb\u00ebshtetur fermer\u00ebt e ndersh\u00ebm.<\/span><\/p>\n<p><span style=\"color: #000000;\"><strong>Fjala e plot\u00eb e Tedi Blushit:<\/strong><\/span><\/p>\n<p><span style=\"color: #000000;\"><em>I nderuar Z. Kryetar i Komisionit!<\/em><\/span><\/p>\n<p><span style=\"color: #000000;\"><em>T\u00eb nderuar koleg\u00eb deputet\u00eb!<\/em><\/span><\/p>\n<p><span style=\"color: #000000;\"><em>Ne paraqesim sot para jush nj\u00eb projektligj, i cili v\u00ebrtet \u00ebsht\u00eb propozuar nga Grupi Parlamentar i Partis\u00eb s\u00eb Liris\u00eb, por \u00ebsht\u00eb nj\u00eb projektligj i cili nuk ka t\u00eb b\u00ebj\u00eb thjesht dhe vet\u00ebm me nj\u00eb forc\u00eb politike apo me disa subjekte politike, por lidhet drejtp\u00ebrdrejt me interesin publik, sepse q\u00ebllimi i k\u00ebtij projektligji n\u00eb vetvete \u00ebsht\u00eb mbrojtja e sh\u00ebndetit publik dhe jet\u00ebs s\u00eb konsumator\u00ebve shqiptar\u00eb.<\/em><\/span><\/p>\n<p><span style=\"color: #000000;\"><em>Ky projektligj, sikund\u00ebr e theksoi edhe kolegu Ismaili, \u00ebsht\u00eb nj\u00eb projektligj i cili synon n\u00eb fakt t\u00eb adresoj\u00eb t\u00eb gjitha ato problematika sa i p\u00ebrket siguris\u00eb ushqimore, t\u00eb evidentuar n\u00eb m\u00ebnyr\u00eb t\u00eb qart\u00eb edhe n\u00eb progress raportin p\u00ebr Shqip\u00ebrin\u00eb t\u00eb vitit 2025 dhe synon q\u00eb ti jap\u00eb fund nj\u00eb situate alarmante, n\u00eb gjykimin ton\u00eb por jo vet\u00ebm, sic \u00ebsht\u00eb\u00a0siguria ushqimore\u00a0q\u00eb \u00ebsht\u00eb kthyer n\u00eb nj\u00eb emergjenc\u00eb komb\u00ebtare p\u00ebr vet faktin se gjat\u00eb dekad\u00ebs s\u00eb fundit ka munguar marrja e atyre masave t\u00eb domosdoshme, t\u00eb nevojshme, t\u00eb cilat do t\u00eb frenonin jo vet\u00ebm p\u00ebrmbytjen e tregjeve, t\u00eb marketeve tona nga produktet e skaduara dhe t\u00eb kontaminuara, t\u00eb cilat m\u00eb pas p\u00ebrfundojn\u00eb n\u00eb tryezat e shqiptar\u00ebve, por dhe p\u00ebr vet faktin q\u00eb sikund\u00ebr t\u00eb gjith\u00eb jemi koshient\u00eb, referuar edhe raportimeve n\u00eb media, tregu vendas \u00ebsht\u00eb p\u00ebrmbytur dhe Shqip\u00ebria\u00a0 \u00ebsht\u00eb kthyer n\u00eb nj\u00eb kazan mbeturinash p\u00ebr produkte t\u00eb kontaminuara apo t\u00eb skaduara nga t\u00eb gjith\u00eb vendet e bot\u00ebs.<\/em><\/span><\/p>\n<p><span style=\"color: #000000;\"><em>T\u00eb gjith\u00eb jemi koshient\u00eb q\u00eb Shqip\u00ebria \u00ebsht\u00eb p\u00ebrmbytur nga mishi me salmonel\u00eb q\u00eb vjen nga Brazili apo rastet e shpeshta, mos gaboj edhe pak dit\u00eb m\u00eb par\u00eb, t\u00eb importit t\u00eb miellit t\u00eb kontaminuar si nga Serbia\u00a0 ashtu edhe nga Rusia.<\/em><\/span><\/p>\n<p><span style=\"color: #000000;\"><em>Faktet q\u00eb shum\u00eb produkte t\u00eb skaduara q\u00eb n\u00eb shum\u00eb vende t\u00eb Bashkimit Europian do t\u00eb asgjesoheshin, p\u00ebrkundrazi, importuesit i sjellin n\u00eb tregun shqiptar.<\/em><\/span><\/p>\n<p><span style=\"color: #000000;\"><em>Nj\u00eb situat\u00eb, e cila n\u00eb fakt po penalizon ask\u00ebnd m\u00eb shum\u00eb se sa vet konsumatorin shqiptar dhe meq\u00eb k\u00ebtu, n\u00eb fillim t\u00eb k\u00ebtij diskutimi u shtrua c\u00ebshtja se p\u00ebrse ky Komision duhet t\u00eb marri n\u00eb shqyrtim k\u00ebt\u00eb projektligj, un\u00eb besoj se ky \u00ebsht\u00eb nj\u00eb projektligj, i cili lidhet direkt me mbrojtjen e sh\u00ebndetit publik p\u00ebr vet faktin se, sikund\u00ebr kan\u00eb raportuar edhe institucionet shtet\u00ebrore, jan\u00eb t\u00eb pakt\u00ebn mbi 7 mij\u00eb raste vit pas viti t\u00eb shtimit t\u00eb s\u00ebmundjeve tumorale, t\u00eb cilat sipas mjek\u00ebve, favorizohen pik\u00ebrisht p\u00ebr shkak t\u00eb ushqimeve t\u00eb kontaminuara me pesticide dhe me element\u00eb, t\u00eb cil\u00ebt jan\u00eb t\u00eb d\u00ebmsh\u00ebm p\u00ebr sh\u00ebndetin.<\/em><\/span><\/p>\n<p><span style=\"color: #000000;\"><em>Gjithashtu, dua t\u00eb evidentoj faktin q\u00eb ky projektligj \u00ebsht\u00eb nj\u00eb projektligj i cili n\u00eb vetvete ndihmon edhe fermer\u00ebt e ndersh\u00ebm shqiptar\u00eb, referuar faktit q\u00eb shum\u00eb nga produktet t\u00eb cilat eksportohen sot edhe pse n\u00eb nj\u00eb mas\u00eb t\u00eb vog\u00ebl, jan\u00eb penalizuar dhe kan\u00eb nxir\u00eb imazhin e vendit.<\/em><\/span><\/p>\n<p><span style=\"color: #000000;\"><em>I referohem rastit t\u00eb mandarinave, pjeshk\u00ebve luleshtydheve, t\u00eb cilat refuzohen apo kthehen mbrapsht nga vendet e Bashkimit Europian, pik\u00ebrisht p\u00ebr shkak t\u00eb pesticideve t\u00eb larta t\u00eb cilat ato p\u00ebrmbajn\u00eb.<\/em><\/span><\/p>\n<p><span style=\"color: #000000;\"><em>Kjo vjen vet\u00ebm p\u00ebr shkak t\u00eb munges\u00ebs s\u00eb laborator\u00ebve t\u00eb duhur n\u00eb t\u00eb cilat do t\u00eb mund t\u00eb kryenin analizat e k\u00ebtyre produkteve.<\/em><\/span><\/p>\n<p><span style=\"color: #000000;\"><em>Por kjo nuk ka pse penalizon, n\u00eb m\u00ebnyr\u00eb t\u00eb padrejt\u00eb, fermerin e ndersh\u00ebm shqiptar, i cili edhe pse aktualisht \u00ebsht\u00eb i penalizuar p\u00ebr shkak t\u00eb n\u00ebnfinancimit q\u00eb qeveria shqiptare i ka b\u00ebr\u00eb k\u00ebtij sektori, mos harrojm\u00eb vet\u00ebm p\u00ebr k\u00ebt\u00eb vit sektori i bujq\u00ebsis\u00eb do t\u00eb ndihmohet jo m\u00eb shum\u00eb se 50 milion\u00eb euro, nj\u00eb shif\u00ebr e cila duket minore n\u00eb raport me abuzimet kriminale financiare q\u00eb ka kryer Zv. Kryeministrja Belinda Balluku vet\u00ebm n\u00eb afer\u00ebn e tunelit t\u00eb Llogaras\u00eb.<\/em><\/span><\/p>\n<p><span style=\"color: #000000;\"><em>Dhe pa harruar faktin se fermer\u00ebt shqiptar\u00eb, p\u00ebr t\u00eb tretin vit rradhazi jan\u00eb t\u00eb penalizuar p\u00ebr shkak t\u00eb abuzimeve q\u00eb qeveria shqiptare ka b\u00ebr\u00eb me ndihm\u00ebn e fondeve IPARD, t\u00eb cilat nuk kan\u00eb p\u00ebrfunduar tek fermer\u00ebt, por kan\u00eb p\u00ebrfunduar tek incenerator\u00ebt dhe tek klient\u00ebt\u00a0 dhe bandat e lidhura me k\u00ebt\u00eb mazhoranc\u00eb.<\/em><\/span><\/p>\n<p><span style=\"color: #000000;\"><em>Ndaj ky \u00ebsht\u00eb nj\u00eb projektligj, i cili duke garantuar analiz\u00ebn e duhur t\u00eb produkteve \u201cMade in Albania\u201d p\u00ebrvec se mbron sh\u00ebndetin publik dhe jet\u00ebn e qytetar\u00ebve, \u00ebsht\u00eb nj\u00eb projektligj i cili mb\u00ebshtet edhe produktet e ndershme dhe mark\u00ebn \u201cMade in Albania\u201d.<\/em><\/span><\/p>\n<p><span style=\"color: #000000;\"><em>Ndaj do i ftoja t\u00eb gjith\u00eb koleg\u00ebt e k\u00ebtij Komisioni, t\u00eb votonin pro k\u00ebtij projektligji, sepse nuk \u00ebsht\u00eb thjesht dhe vet\u00ebm nj\u00eb vot\u00eb pro nj\u00eb nisme t\u00eb nj\u00eb force t\u00eb caktuar, pra n\u00eb rastin konkret t\u00eb Partis\u00eb s\u00eb Liris\u00eb, por \u00ebsht\u00eb nj\u00eb vot\u00eb pro sh\u00ebndetit publik dhe pro mbrojtjes t\u00eb jet\u00ebs s\u00eb konsumatorit shqiptar.<\/em><\/span><\/p>\n<p><span style=\"color: #000000;\"><em>Cdo vot\u00eb kund\u00ebr k\u00ebtij projektligji, n\u00eb fakt nuk \u00ebsht\u00eb asgj\u00eb tjet\u00ebr vecse nj\u00eb vot\u00eb e cila shkon kund\u00ebr interest publik, kund\u00ebr mbrojtjes s\u00eb sh\u00ebndetit publik dhe kund\u00ebr mbrojtjes t\u00eb jet\u00ebs s\u00eb qytetar\u00ebve shqiptar\u00eb, n\u00eb kushtet kur, e theksoj, siguria ushqimore sot \u00ebsht\u00eb nj\u00eb alarm komb\u00ebtar .<\/em><\/span><\/p>\n<p><span style=\"color: #000000;\"><em>Sikund\u00ebr \u00ebsht\u00eb detyruar pas 13 viteve n\u00eb pushtet, ta pranoj\u00eb edhe vet Kryeministri Edi Rama n\u00eb janarin e kaluar, kur u detyrua t\u00eb pranonte se kjo qeveri ka d\u00ebshtuar n\u00eb garantimin e siguris\u00eb ushqimore.<\/em><\/span><\/p>\n<p><span style=\"color: #000000;\"><em>Ndaj ne vim\u00eb me k\u00ebt\u00eb alternativ\u00eb konkrete, efikase, e cila nuk ka ngjyrime politike, por nj\u00eb nism\u00eb e cila do ti japi zgjidhje nj\u00eb problemi, i cili duhet t\u00eb mar\u00eb zgjidhje dhe duhet t\u00eb kishte marr\u00eb zgjidhje, n\u00eb fakt, gjat\u00eb k\u00ebtyre 12 viteve.<\/em><\/span><\/p>\n<p><span style=\"color: #000000;\"><em>Faleminderit!<\/em><\/span><\/p>\n","protected":false,"gt_translate_keys":[{"key":"rendered","format":"html"}]},"excerpt":{"rendered":"<p>Sekretari i P\u00ebrgjithsh\u00ebm i Partis\u00eb s\u00eb Liris\u00eb,\u00a0Tedi Blushi, ka paraqitur n\u00eb Komisionin e Sh\u00ebndet\u00ebsis\u00eb nj\u00eb projektligj p\u00ebr sigurin\u00eb ushqimore. Blushi theksoi se Shqip\u00ebria \u00ebsht\u00eb p\u00ebrmbytur nga mishi me salmonel\u00eb nga\u00a0Brazili\u00a0dhe mielli i kontaminuar nga\u00a0Serbia\u00a0dhe\u00a0Rusia. Ai shtoi se ligji synon mbrojtjen e sh\u00ebndetit publik dhe jet\u00ebs s\u00eb konsumator\u00ebve shqiptar\u00eb, duke siguruar analiza t\u00eb duhura p\u00ebr produktet [&hellip;]<\/p>\n","protected":false,"gt_translate_keys":[{"key":"rendered","format":"html"}]},"author":49,"featured_media":786839,"comment_status":"closed","ping_status":"open","sticky":false,"template":"","format":"standard","meta":{"footnotes":""},"categories":[65],"tags":[],"class_list":["post-786838","post","type-post","status-publish","format-standard","has-post-thumbnail","hentry","category-lajme"],"gt_translate_keys":[{"key":"link","format":"url"}],"_links":{"self":[{"href":"https:\/\/www.hashtag.al\/index.php\/wp-json\/wp\/v2\/posts\/786838","targetHints":{"allow":["GET"]}}],"collection":[{"href":"https:\/\/www.hashtag.al\/index.php\/wp-json\/wp\/v2\/posts"}],"about":[{"href":"https:\/\/www.hashtag.al\/index.php\/wp-json\/wp\/v2\/types\/post"}],"author":[{"embeddable":true,"href":"https:\/\/www.hashtag.al\/index.php\/wp-json\/wp\/v2\/users\/49"}],"replies":[{"embeddable":true,"href":"https:\/\/www.hashtag.al\/index.php\/wp-json\/wp\/v2\/comments?post=786838"}],"version-history":[{"count":99999,"href":"https:\/\/www.hashtag.al\/index.php\/wp-json\/wp\/v2\/posts\/786838\/revisions"}],"predecessor-version":[{"id":786840,"href":"https:\/\/www.hashtag.al\/index.php\/wp-json\/wp\/v2\/posts\/786838\/revisions\/786840"}],"wp:featuredmedia":[{"embeddable":true,"href":"https:\/\/www.hashtag.al\/index.php\/wp-json\/wp\/v2\/media\/786839"}],"wp:attachment":[{"href":"https:\/\/www.hashtag.al\/index.php\/wp-json\/wp\/v2\/media?parent=786838"}],"wp:term":[{"taxonomy":"category","embeddable":true,"href":"https:\/\/www.hashtag.al\/index.php\/wp-json\/wp\/v2\/categories?post=786838"},{"taxonomy":"post_tag","embeddable":true,"href":"https:\/\/www.hashtag.al\/index.php\/wp-json\/wp\/v2\/tags?post=786838"}],"curies":[{"name":"wp","href":"https:\/\/api.w.org\/{rel}","templated":true}]}}