{"id":786774,"date":"2026-02-17T10:25:28","date_gmt":"2026-02-17T09:25:28","guid":{"rendered":"https:\/\/www.hashtag.al\/?p=786774"},"modified":"2026-02-17T10:25:28","modified_gmt":"2026-02-17T09:25:28","slug":"erion-veliaj-uron-kosoven-per-diten-e-pavaresise","status":"publish","type":"post","link":"https:\/\/www.hashtag.al\/index.php\/2026\/02\/17\/erion-veliaj-uron-kosoven-per-diten-e-pavaresise\/","title":{"rendered":"Erion Veliaj uron Kosov\u00ebn p\u00ebr Dit\u00ebn e Pavar\u00ebsis\u00eb","gt_translate_keys":[{"key":"rendered","format":"text"}]},"content":{"rendered":"<p data-start=\"80\" data-end=\"355\"><span style=\"color: #000000;\"><a href=\"https:\/\/www.hashtag.al\/index.php\/2025\/12\/12\/veliaj-largon-nga-mbrojtja-artan-gjermenin\/693be5d1e07571762851006_erionveliaj\/\" rel=\"attachment wp-att-776367\"><img loading=\"lazy\" decoding=\"async\" class=\"size-full wp-image-776367 aligncenter\" src=\"https:\/\/www.hashtag.al\/wp-content\/uploads\/2025\/12\/693be5d1e07571762851006_erionveliaj.jpg\" alt=\"\" width=\"780\" height=\"440\" srcset=\"https:\/\/www.hashtag.al\/wp-content\/uploads\/2025\/12\/693be5d1e07571762851006_erionveliaj.jpg 780w, https:\/\/www.hashtag.al\/wp-content\/uploads\/2025\/12\/693be5d1e07571762851006_erionveliaj-300x169.jpg 300w, https:\/\/www.hashtag.al\/wp-content\/uploads\/2025\/12\/693be5d1e07571762851006_erionveliaj-768x433.jpg 768w\" sizes=\"auto, (max-width: 780px) 100vw, 780px\" \/><\/a><br \/>\nKryebashkiaku i <span class=\"hover:entity-accent entity-underline inline cursor-pointer align-baseline\"><span class=\"whitespace-normal\">Tiran\u00ebs<\/span><\/span>, <span class=\"hover:entity-accent entity-underline inline cursor-pointer align-baseline\"><span class=\"whitespace-normal\">Erion Veliaj<\/span><\/span>, ka p\u00ebrcjell\u00eb nj\u00eb mesazh urimi me rastin e 17 Shkurtit, Dit\u00ebs s\u00eb Pavar\u00ebsis\u00eb s\u00eb <span class=\"hover:entity-accent entity-underline inline cursor-pointer align-baseline\"><span class=\"whitespace-normal\">Kosov\u00ebs, <\/span><\/span>duke theksuar simbolik\u00ebn e k\u00ebsaj date p\u00ebr lirin\u00eb dhe sakrific\u00ebn.<\/span><\/p>\n<p data-start=\"357\" data-end=\"653\"><span style=\"color: #000000;\">N\u00eb mesazhin e tij, Veliaj shprehet se 17 Shkurti \u201cnuk \u00ebsht\u00eb thjesht nj\u00eb dat\u00eb\u201d, por nj\u00eb kujtes\u00eb se liria fitohet me sakrific\u00eb, q\u00ebndres\u00eb dhe besim. Ai n\u00ebnvizoi se sot Kosova meriton t\u00eb festoj\u00eb me kok\u00ebn lart, n\u00eb nderim t\u00eb atyre q\u00eb luftuan p\u00ebr lirin\u00eb dhe t\u00eb \u00e7do t\u00eb riu q\u00eb rritet me flamur e dinjitet.<\/span><\/p>\n<p data-start=\"655\" data-end=\"907\"><span style=\"color: #000000;\">Kryebashkiaku ndaloi gjithashtu te drejtuesit e <span class=\"hover:entity-accent entity-underline inline cursor-pointer align-baseline\"><span class=\"whitespace-normal\">Ushtria \u00c7lirimtare e Kosov\u00ebs<\/span><\/span>, duke shprehur shpres\u00ebn q\u00eb procesi ndaj tyre t\u00eb p\u00ebrfundoj\u00eb me drejt\u00ebsi dhe me kthimin e secilit n\u00eb sht\u00ebpi, n\u00eb respekt t\u00eb s\u00eb v\u00ebrtet\u00ebs, historis\u00eb dhe liris\u00eb s\u00eb Kosov\u00ebs.<\/span><\/p>\n<p data-start=\"909\" data-end=\"1036\" data-is-last-node=\"\" data-is-only-node=\"\"><span style=\"color: #000000;\">\u201cG\u00ebzuar Kosov\u00eb \u2013 qofsh gjithmon\u00eb e lir\u00eb!\u201d \u2013 p\u00ebrfundon mesazhi i tij, i shoq\u00ebruar me urimin: \u201cUrime Dit\u00ebn e Pavar\u00ebsis\u00eb, Kosov\u00eb!\u201d<\/span><\/p>\n","protected":false,"gt_translate_keys":[{"key":"rendered","format":"html"}]},"excerpt":{"rendered":"<p>Kryebashkiaku i Tiran\u00ebs, Erion Veliaj, ka p\u00ebrcjell\u00eb nj\u00eb mesazh urimi me rastin e 17 Shkurtit, Dit\u00ebs s\u00eb Pavar\u00ebsis\u00eb s\u00eb Kosov\u00ebs, duke theksuar simbolik\u00ebn e k\u00ebsaj date p\u00ebr lirin\u00eb dhe sakrific\u00ebn. N\u00eb mesazhin e tij, Veliaj shprehet se 17 Shkurti \u201cnuk \u00ebsht\u00eb thjesht nj\u00eb dat\u00eb\u201d, por nj\u00eb kujtes\u00eb se liria fitohet me sakrific\u00eb, q\u00ebndres\u00eb dhe besim. [&hellip;]<\/p>\n","protected":false,"gt_translate_keys":[{"key":"rendered","format":"html"}]},"author":32,"featured_media":776367,"comment_status":"closed","ping_status":"open","sticky":false,"template":"","format":"standard","meta":{"footnotes":""},"categories":[65],"tags":[],"class_list":["post-786774","post","type-post","status-publish","format-standard","has-post-thumbnail","hentry","category-lajme"],"gt_translate_keys":[{"key":"link","format":"url"}],"_links":{"self":[{"href":"https:\/\/www.hashtag.al\/index.php\/wp-json\/wp\/v2\/posts\/786774","targetHints":{"allow":["GET"]}}],"collection":[{"href":"https:\/\/www.hashtag.al\/index.php\/wp-json\/wp\/v2\/posts"}],"about":[{"href":"https:\/\/www.hashtag.al\/index.php\/wp-json\/wp\/v2\/types\/post"}],"author":[{"embeddable":true,"href":"https:\/\/www.hashtag.al\/index.php\/wp-json\/wp\/v2\/users\/32"}],"replies":[{"embeddable":true,"href":"https:\/\/www.hashtag.al\/index.php\/wp-json\/wp\/v2\/comments?post=786774"}],"version-history":[{"count":99999,"href":"https:\/\/www.hashtag.al\/index.php\/wp-json\/wp\/v2\/posts\/786774\/revisions"}],"predecessor-version":[{"id":786775,"href":"https:\/\/www.hashtag.al\/index.php\/wp-json\/wp\/v2\/posts\/786774\/revisions\/786775"}],"wp:featuredmedia":[{"embeddable":true,"href":"https:\/\/www.hashtag.al\/index.php\/wp-json\/wp\/v2\/media\/776367"}],"wp:attachment":[{"href":"https:\/\/www.hashtag.al\/index.php\/wp-json\/wp\/v2\/media?parent=786774"}],"wp:term":[{"taxonomy":"category","embeddable":true,"href":"https:\/\/www.hashtag.al\/index.php\/wp-json\/wp\/v2\/categories?post=786774"},{"taxonomy":"post_tag","embeddable":true,"href":"https:\/\/www.hashtag.al\/index.php\/wp-json\/wp\/v2\/tags?post=786774"}],"curies":[{"name":"wp","href":"https:\/\/api.w.org\/{rel}","templated":true}]}}