{"id":786484,"date":"2026-02-15T17:12:55","date_gmt":"2026-02-15T16:12:55","guid":{"rendered":"https:\/\/www.hashtag.al\/?p=786484"},"modified":"2026-02-15T17:12:55","modified_gmt":"2026-02-15T16:12:55","slug":"rubio-perforcon-mbeshtetjen-per-orban-e-fico-takime-ne-sllovaki-e-hungari","status":"publish","type":"post","link":"https:\/\/www.hashtag.al\/index.php\/2026\/02\/15\/rubio-perforcon-mbeshtetjen-per-orban-e-fico-takime-ne-sllovaki-e-hungari\/","title":{"rendered":"Rubio p\u00ebrforcon mb\u00ebshtetjen p\u00ebr Orban e Fico, takime n\u00eb Sllovaki e Hungari","gt_translate_keys":[{"key":"rendered","format":"text"}]},"content":{"rendered":"<p><img loading=\"lazy\" decoding=\"async\" class=\"aligncenter size-full wp-image-786486\" src=\"https:\/\/www.hashtag.al\/wp-content\/uploads\/2026\/02\/NTRlZTA5MTY4NjBjMjZiYjJhNTg4OWM3NDhkZjZkZQ.thumb_.jpg\" alt=\"\" width=\"780\" height=\"440\" srcset=\"https:\/\/www.hashtag.al\/wp-content\/uploads\/2026\/02\/NTRlZTA5MTY4NjBjMjZiYjJhNTg4OWM3NDhkZjZkZQ.thumb_.jpg 780w, https:\/\/www.hashtag.al\/wp-content\/uploads\/2026\/02\/NTRlZTA5MTY4NjBjMjZiYjJhNTg4OWM3NDhkZjZkZQ.thumb_-300x169.jpg 300w, https:\/\/www.hashtag.al\/wp-content\/uploads\/2026\/02\/NTRlZTA5MTY4NjBjMjZiYjJhNTg4OWM3NDhkZjZkZQ.thumb_-768x433.jpg 768w\" sizes=\"auto, (max-width: 780px) 100vw, 780px\" \/><\/p>\n<p><span style=\"color: #000000;\">Sekretari amerikan i Shtetit, Marco Rubio, u zotua t\u00eb diel\u00ebn p\u00ebr t\u00eb thelluar bashk\u00ebpunimin me Europ\u00ebn Qendrore, nd\u00ebrsa nisi nj\u00eb vizit\u00eb n\u00eb Sllovaki dhe Hungari, udh\u00ebheq\u00ebsit konservator\u00eb t\u00eb t\u00eb cilave g\u00ebzojn\u00eb marr\u00ebdh\u00ebnie t\u00eb ngrohta me Presidentin Donald Trump.<\/span><\/p>\n<p><span style=\"color: #000000;\">N\u00eb Sllovaki \u2014 e cila, ashtu si Hungaria, mb\u00ebshtetet te nafta dhe gazi rus dhe ka marr\u00ebdh\u00ebnie t\u00eb v\u00ebshtira me pjes\u00ebn tjet\u00ebr t\u00eb Bashkimit Europian \u2014 Rubio diskutoi p\u00ebr energjin\u00eb dhe mbrojtjen me Kryeministrin Robert Fico dhe Presidentin Peter Pellegrini. Kjo ishte vizita e par\u00eb n\u00eb shtat\u00eb vite e nj\u00eb sekretari amerikan shteti n\u00eb vendin me 5.5 milion\u00eb banor\u00eb q\u00eb kufizohet me Ukrain\u00ebn.<\/span><\/p>\n<p><span style=\"color: #000000;\">&#8220;N\u00ebn Presidentin Trump, kjo administrat\u00eb do ta b\u00ebj\u00eb jo vet\u00ebm Sllovakin\u00eb, por mbar\u00eb Europ\u00ebn Qendrore nj\u00eb komponent ky\u00e7 t\u00eb m\u00ebnyr\u00ebs se si ne angazhohemi me kontinentin dhe bot\u00ebn,&#8221; tha Rubio. &#8220;Ne nuk do t\u00eb mjaftohemi vet\u00ebm me takime dhe mir\u00ebsjellje, por me veprime konkrete q\u00eb do t\u00eb nd\u00ebrmarrim s\u00eb bashku n\u00eb m\u00ebnyra q\u00eb jan\u00eb t\u00eb dobishme p\u00ebr popullin tuaj dhe tonin.&#8221;<\/span><\/p>\n<p><span style=\"color: #000000;\">Rubio nd\u00ebrthur kritik\u00ebt ndaj Europ\u00ebs me mesazhin e unitetit<\/span><\/p>\n<p><span style=\"color: #000000;\">T\u00eb shtun\u00ebn, Rubio, i cili sh\u00ebrben gjithashtu si k\u00ebshilltar i Trump-it p\u00ebr sigurin\u00eb komb\u00ebtare, dha nj\u00eb mesazh uniteti n\u00eb Konferenc\u00ebn e Siguris\u00eb n\u00eb Mynih, duke ruajtur nj\u00ebkoh\u00ebsisht kritikat e administrat\u00ebs ndaj Europ\u00ebs pas nj\u00eb viti t\u00eb v\u00ebshtir\u00eb p\u00ebr lidhjet transatlantike.<\/span><\/p>\n<p><span style=\"color: #000000;\">Kritikat e Trump-it ndaj Europ\u00ebs, vendosja e tarifave ndaj vendeve t\u00eb BE-s\u00eb dhe ambicia e tij p\u00ebr t\u00eb bler\u00eb Grenland\u00ebn nga Danimarka (an\u00ebtare e NATO-s), kan\u00eb shtyr\u00eb udh\u00ebheq\u00ebsit e Europ\u00ebs Per\u00ebndimore t\u00eb shohin gjithnj\u00eb e m\u00eb shum\u00eb drejt krijimit t\u00eb nj\u00eb rruge t\u00eb pavarur.<\/span><\/p>\n<p><span style=\"color: #000000;\">&#8220;Ne presim q\u00eb \u00e7do vend n\u00eb bot\u00eb t\u00eb veproj\u00eb n\u00eb interesin e vet komb\u00ebtar. Kjo \u00ebsht\u00eb ajo q\u00eb vendet duhet t\u00eb b\u00ebjn\u00eb,&#8221; tha Rubio. &#8220;Kur interesat tona komb\u00ebtare p\u00ebrputhen&#8230; kjo \u00ebsht\u00eb nj\u00eb mund\u00ebsi e jasht\u00ebzakonshme p\u00ebr bashk\u00ebpunim dhe partneritet.&#8221;<\/span><\/p>\n<p><span style=\"color: #000000;\">Fico, i cili ka deklaruar se Bashkimi Europian \u00ebsht\u00eb n\u00eb &#8220;kriz\u00eb t\u00eb thell\u00eb&#8221;, vizitoi Trump-in muajin e kaluar n\u00eb Florida dhe e mbuloi presidentin republikan me l\u00ebvdata, duke th\u00ebn\u00eb se ai do t\u00eb sillte paqen. T\u00eb dy, Fico dhe Kryeministri hungarez Viktor Orban, me t\u00eb cilin Rubio do t\u00eb takohet t\u00eb h\u00ebn\u00ebn n\u00eb etap\u00ebn e dyt\u00eb t\u00eb udh\u00ebtimit t\u00eb tij, jan\u00eb akuzuar nga institucionet e BE-s\u00eb p\u00ebr dob\u00ebsim t\u00eb gjyq\u00ebsorit, medias dhe zbatimit t\u00eb ligjit kund\u00ebr korrupsionit.<\/span><\/p>\n<p><span style=\"color: #000000;\"><strong>Takimi me Orban t\u00eb h\u00ebn\u00ebn<\/strong><\/span><\/p>\n<p><span style=\"color: #000000;\">N\u00eb deklaratat p\u00ebrpara nisjes nga Uashingtoni t\u00eb enjten, Rubio tha se Trump \u00ebsht\u00eb shum\u00eb mb\u00ebshtet\u00ebs ndaj Orban-it, i cili rezulton prapa n\u00eb shumic\u00ebn e sondazheve p\u00ebrpara zgjedhjeve t\u00eb prillit, ku ai mund t\u00eb votohet jasht\u00eb pushtetit.<\/span><\/p>\n<p><span style=\"color: #000000;\">Orban, nj\u00eb nga aleat\u00ebt m\u00eb t\u00eb ngusht\u00eb t\u00eb Trump-it n\u00eb Europ\u00eb, konsiderohet nga shum\u00eb njer\u00ebz t\u00eb krahut t\u00eb djatht\u00eb amerikan si nj\u00eb model p\u00ebr politikat e rrepta t\u00eb presidentit t\u00eb SHBA-s\u00eb mbi imigracionin dhe mb\u00ebshtetjen p\u00ebr konservatorizmin kristian. Budapesti ka pritur vazhdimisht eventet e Konferenc\u00ebs s\u00eb Veprimit Politik Konservator (CPAC), t\u00eb cilat mbledhin aktivist\u00eb dhe udh\u00ebheq\u00ebs konservator\u00eb, me nj\u00eb tjet\u00ebr aktivitet t\u00eb planifikuar p\u00ebr n\u00eb mars.<\/span><\/p>\n<p><span style=\"color: #000000;\">Nd\u00ebrsa vendet e tjera t\u00eb Bashkimit Europian siguruan furnizime alternative t\u00eb energjis\u00eb pas pushtimit t\u00eb Ukrain\u00ebs nga Moska n\u00eb vitin 2022, p\u00ebrfshir\u00eb blerjen e gazit natyror nga SHBA, Sllovakia dhe Hungaria kan\u00eb vazhduar t\u00eb blejn\u00eb gaz dhe naft\u00eb ruse, nj\u00eb praktik\u00eb q\u00eb SHBA-ja e ka kritikuar. Rubio tha se kjo do t\u00eb diskutohej gjat\u00eb turit t\u00eb tij t\u00eb shkurt\u00ebr.<\/span><\/p>\n<p><span style=\"color: #000000;\">Mbi bashk\u00ebpunimin b\u00ebrthamor, Sllovakia n\u00ebshkroi nj\u00eb marr\u00ebveshje me Shtetet e Bashkuara muajin e kaluar. Fico tha se shpreson q\u00eb nj\u00eb marr\u00ebveshje me kompanin\u00eb Westinghouse (me baz\u00eb n\u00eb SHBA) t\u00eb n\u00ebnshkruhet vitin e ardhsh\u00ebm, gj\u00eb q\u00eb do t\u00eb \u00e7onte n\u00eb nj\u00eb konsorcium p\u00ebr nd\u00ebrtimin e nj\u00eb impianti t\u00eb ri b\u00ebrthamor n\u00eb Sllovaki deri n\u00eb vitin 2040. Ai shtoi se Sllovakia d\u00ebshiron t\u00eb blej\u00eb edhe kat\u00ebr avion\u00eb luftarak\u00eb F-16.<\/span><\/p>\n<p><span style=\"color: #000000;\">Hungaria dhe Sllovakia kan\u00eb rritur shpenzimet e mbrojtjes n\u00eb pragun minimal t\u00eb NATO-s prej 2%, n\u00eb vend t\u00eb 5% t\u00eb GDP-s\u00eb q\u00eb Trump ka k\u00ebrkuar nga t\u00eb gjith\u00eb an\u00ebtar\u00ebt e NATO-s. Fico tha se Bratislava ishte e vet\u00ebdijshme se duhej t\u00eb rriste aft\u00ebsit\u00eb e saj ushtarake dhe po punonte p\u00ebr k\u00ebt\u00eb, shkruan <a style=\"color: #000000;\" href=\"https:\/\/www.reuters.com\/world\/rubio-visit-eastern-europe-bolster-ties-with-pro-trump-leaders-2026-02-15\/\">Reuters<\/a>.<\/span><\/p>\n<p><span style=\"color: #000000;\">Fico u nda nga q\u00ebndrimi i Uashingtonit n\u00eb nj\u00eb fush\u00eb, kur kritikoi kapjen nga SHBA t\u00eb Presidentit venezuelian Nicolas Maduro n\u00eb fillim t\u00eb janarit. Kur u pyet p\u00ebr k\u00ebt\u00eb \u00e7\u00ebshtje n\u00eb konferenc\u00ebn p\u00ebr shtyp, Rubio e anashkaloi ndryshimin e mendimeve.<\/span><\/p>\n<p><span style=\"color: #000000;\">&#8220;Shum\u00eb vendeve nuk u p\u00eblqeu ajo q\u00eb b\u00ebm\u00eb n\u00eb Venezuel\u00eb. Kjo \u00ebsht\u00eb n\u00eb rregull. Ajo ishte n\u00eb interesin ton\u00eb komb\u00ebtar&#8230; E \u00e7far\u00eb pastaj? Kjo nuk do t\u00eb thot\u00eb se nuk do t\u00eb jemi miq,&#8221; tha Rubio.<\/span><\/p>\n","protected":false,"gt_translate_keys":[{"key":"rendered","format":"html"}]},"excerpt":{"rendered":"<p>Sekretari amerikan i Shtetit, Marco Rubio, u zotua t\u00eb diel\u00ebn p\u00ebr t\u00eb thelluar bashk\u00ebpunimin me Europ\u00ebn Qendrore, nd\u00ebrsa nisi nj\u00eb vizit\u00eb n\u00eb Sllovaki dhe Hungari, udh\u00ebheq\u00ebsit konservator\u00eb t\u00eb t\u00eb cilave g\u00ebzojn\u00eb marr\u00ebdh\u00ebnie t\u00eb ngrohta me Presidentin Donald Trump. N\u00eb Sllovaki \u2014 e cila, ashtu si Hungaria, mb\u00ebshtetet te nafta dhe gazi rus dhe ka marr\u00ebdh\u00ebnie [&hellip;]<\/p>\n","protected":false,"gt_translate_keys":[{"key":"rendered","format":"html"}]},"author":51,"featured_media":786486,"comment_status":"closed","ping_status":"open","sticky":false,"template":"","format":"standard","meta":{"footnotes":""},"categories":[53],"tags":[],"class_list":["post-786484","post","type-post","status-publish","format-standard","has-post-thumbnail","hentry","category-fast-foodi"],"gt_translate_keys":[{"key":"link","format":"url"}],"_links":{"self":[{"href":"https:\/\/www.hashtag.al\/index.php\/wp-json\/wp\/v2\/posts\/786484","targetHints":{"allow":["GET"]}}],"collection":[{"href":"https:\/\/www.hashtag.al\/index.php\/wp-json\/wp\/v2\/posts"}],"about":[{"href":"https:\/\/www.hashtag.al\/index.php\/wp-json\/wp\/v2\/types\/post"}],"author":[{"embeddable":true,"href":"https:\/\/www.hashtag.al\/index.php\/wp-json\/wp\/v2\/users\/51"}],"replies":[{"embeddable":true,"href":"https:\/\/www.hashtag.al\/index.php\/wp-json\/wp\/v2\/comments?post=786484"}],"version-history":[{"count":99999,"href":"https:\/\/www.hashtag.al\/index.php\/wp-json\/wp\/v2\/posts\/786484\/revisions"}],"predecessor-version":[{"id":786487,"href":"https:\/\/www.hashtag.al\/index.php\/wp-json\/wp\/v2\/posts\/786484\/revisions\/786487"}],"wp:featuredmedia":[{"embeddable":true,"href":"https:\/\/www.hashtag.al\/index.php\/wp-json\/wp\/v2\/media\/786486"}],"wp:attachment":[{"href":"https:\/\/www.hashtag.al\/index.php\/wp-json\/wp\/v2\/media?parent=786484"}],"wp:term":[{"taxonomy":"category","embeddable":true,"href":"https:\/\/www.hashtag.al\/index.php\/wp-json\/wp\/v2\/categories?post=786484"},{"taxonomy":"post_tag","embeddable":true,"href":"https:\/\/www.hashtag.al\/index.php\/wp-json\/wp\/v2\/tags?post=786484"}],"curies":[{"name":"wp","href":"https:\/\/api.w.org\/{rel}","templated":true}]}}