{"id":786481,"date":"2026-02-15T17:04:56","date_gmt":"2026-02-15T16:04:56","guid":{"rendered":"https:\/\/www.hashtag.al\/?p=786481"},"modified":"2026-02-15T17:04:56","modified_gmt":"2026-02-15T16:04:56","slug":"sulmet-ajrore-izraelite-vrasin-11-persona-ne-gaza-autoritetet-palestineze","status":"publish","type":"post","link":"https:\/\/www.hashtag.al\/index.php\/2026\/02\/15\/sulmet-ajrore-izraelite-vrasin-11-persona-ne-gaza-autoritetet-palestineze\/","title":{"rendered":"Sulmet ajrore izraelite vrasin 11 persona n\u00eb Gaza, autoritetet palestineze","gt_translate_keys":[{"key":"rendered","format":"text"}]},"content":{"rendered":"<p><img loading=\"lazy\" decoding=\"async\" class=\"aligncenter size-full wp-image-786482\" src=\"https:\/\/www.hashtag.al\/wp-content\/uploads\/2026\/02\/B6CTG5M7G5MQDJ2HMUVIG7KCNA-ezgif.com-avif-to-jpg-converter.jpg\" alt=\"\" width=\"960\" height=\"642\" srcset=\"https:\/\/www.hashtag.al\/wp-content\/uploads\/2026\/02\/B6CTG5M7G5MQDJ2HMUVIG7KCNA-ezgif.com-avif-to-jpg-converter.jpg 960w, https:\/\/www.hashtag.al\/wp-content\/uploads\/2026\/02\/B6CTG5M7G5MQDJ2HMUVIG7KCNA-ezgif.com-avif-to-jpg-converter-300x201.jpg 300w, https:\/\/www.hashtag.al\/wp-content\/uploads\/2026\/02\/B6CTG5M7G5MQDJ2HMUVIG7KCNA-ezgif.com-avif-to-jpg-converter-768x514.jpg 768w\" sizes=\"auto, (max-width: 960px) 100vw, 960px\" \/><\/p>\n<p><span style=\"color: #000000;\">Izraeli l\u00ebshoi sulme ajrore n\u00eb mbar\u00eb Rripin e Gaz\u00ebs k\u00ebt\u00eb t\u00eb diel, duke vrar\u00eb t\u00eb pakt\u00ebn 11 palestinez\u00eb, sipas zyrtar\u00ebve palestinez\u00eb, n\u00eb at\u00eb q\u00eb ushtria e quajti nj\u00eb p\u00ebrgjigje ndaj shkeljeve t\u00eb arm\u00ebpushimit nga grupi militant palestinez, Hamas.<\/span><\/p>\n<p><span style=\"color: #000000;\">Mjek\u00ebt n\u00eb Gaz\u00eb njoftuan se nj\u00eb sulm ajror izraelit mbi nj\u00eb kamp me \u00e7adra q\u00eb strehonte familje t\u00eb zhvendosura vrau t\u00eb pakt\u00ebn kat\u00ebr persona, nd\u00ebrsa zyrtar\u00ebt e sh\u00ebndet\u00ebsis\u00eb deklaruam se nj\u00eb tjet\u00ebr sulm vrau pes\u00eb persona n\u00eb Khan Younis n\u00eb jug, dhe nj\u00eb person tjet\u00ebr u q\u00ebllua p\u00ebr vdekje n\u00eb veri.<\/span><\/p>\n<p><span style=\"color: #000000;\">Sulmet ajrore sh\u00ebnjestruan gjithashtu at\u00eb q\u00eb mendohej t\u00eb ishte nj\u00eb komandant i grupit t\u00eb Xhihadit Islamik, aleat i Hamasit, n\u00eb lagjen Tel Al-Hawa n\u00eb qytetin e Gaz\u00ebs.<\/span><\/p>\n<p><span style=\"color: #000000;\">Hazem Qassem, z\u00ebdh\u00ebn\u00ebsi i Hamasit n\u00eb Gaz\u00eb, akuzoi Izraelin p\u00ebr kryerjen e nj\u00eb &#8220;masakre&#8221; t\u00eb re kund\u00ebr palestinez\u00ebve t\u00eb zhvendosur, duke e quajtur k\u00ebt\u00eb nj\u00eb shkelje serioze t\u00eb arm\u00ebpushimit, vet\u00ebm pak dit\u00eb p\u00ebrpara takimit t\u00eb par\u00eb t\u00eb Bordit t\u00eb Paqes t\u00eb Presidentit t\u00eb SHBA-s\u00eb, Donald Trump, shkruan <a style=\"color: #000000;\" href=\"https:\/\/www.reuters.com\/world\/middle-east\/israeli-airstrikes-kill-9-gaza-including-tent-camp-palestinian-officials-say-2026-02-15\/\">Reuters<\/a>.<\/span><\/p>\n<p><span style=\"color: #000000;\">Nj\u00eb zyrtar ushtarak izraelit i cil\u00ebsoi sulmet e s\u00eb diel\u00ebs si &#8220;precize&#8221; dhe n\u00eb p\u00ebrputhje me ligjin nd\u00ebrkomb\u00ebtar, duke deklaruar se grupi militant palestinez kishte shkelur vazhdimisht arm\u00ebpushimin e tetorit.<\/span><\/p>\n<p><span style=\"color: #000000;\">Izraeli dhe Hamasi kan\u00eb shk\u00ebmbyer vazhdimisht akuza p\u00ebr shkelje t\u00eb marr\u00ebveshjes s\u00eb arm\u00ebpushimit, i cili \u00ebsht\u00eb nj\u00eb element ky\u00e7 i planit t\u00eb Trump-it p\u00ebr t&#8217;i dh\u00ebn\u00eb fund luft\u00ebs n\u00eb Gaz\u00eb \u2014 lufta m\u00eb vdekjeprur\u00ebse dhe m\u00eb shkat\u00ebrruese n\u00eb konfliktin disabreznish izraelito-palestinez.<\/span><\/p>\n<p>&nbsp;<\/p>\n","protected":false,"gt_translate_keys":[{"key":"rendered","format":"html"}]},"excerpt":{"rendered":"<p>Izraeli l\u00ebshoi sulme ajrore n\u00eb mbar\u00eb Rripin e Gaz\u00ebs k\u00ebt\u00eb t\u00eb diel, duke vrar\u00eb t\u00eb pakt\u00ebn 11 palestinez\u00eb, sipas zyrtar\u00ebve palestinez\u00eb, n\u00eb at\u00eb q\u00eb ushtria e quajti nj\u00eb p\u00ebrgjigje ndaj shkeljeve t\u00eb arm\u00ebpushimit nga grupi militant palestinez, Hamas. Mjek\u00ebt n\u00eb Gaz\u00eb njoftuan se nj\u00eb sulm ajror izraelit mbi nj\u00eb kamp me \u00e7adra q\u00eb strehonte familje [&hellip;]<\/p>\n","protected":false,"gt_translate_keys":[{"key":"rendered","format":"html"}]},"author":51,"featured_media":786482,"comment_status":"closed","ping_status":"open","sticky":false,"template":"","format":"standard","meta":{"footnotes":""},"categories":[6],"tags":[],"class_list":["post-786481","post","type-post","status-publish","format-standard","has-post-thumbnail","hentry","category-nderkombetare"],"gt_translate_keys":[{"key":"link","format":"url"}],"_links":{"self":[{"href":"https:\/\/www.hashtag.al\/index.php\/wp-json\/wp\/v2\/posts\/786481","targetHints":{"allow":["GET"]}}],"collection":[{"href":"https:\/\/www.hashtag.al\/index.php\/wp-json\/wp\/v2\/posts"}],"about":[{"href":"https:\/\/www.hashtag.al\/index.php\/wp-json\/wp\/v2\/types\/post"}],"author":[{"embeddable":true,"href":"https:\/\/www.hashtag.al\/index.php\/wp-json\/wp\/v2\/users\/51"}],"replies":[{"embeddable":true,"href":"https:\/\/www.hashtag.al\/index.php\/wp-json\/wp\/v2\/comments?post=786481"}],"version-history":[{"count":99999,"href":"https:\/\/www.hashtag.al\/index.php\/wp-json\/wp\/v2\/posts\/786481\/revisions"}],"predecessor-version":[{"id":786483,"href":"https:\/\/www.hashtag.al\/index.php\/wp-json\/wp\/v2\/posts\/786481\/revisions\/786483"}],"wp:featuredmedia":[{"embeddable":true,"href":"https:\/\/www.hashtag.al\/index.php\/wp-json\/wp\/v2\/media\/786482"}],"wp:attachment":[{"href":"https:\/\/www.hashtag.al\/index.php\/wp-json\/wp\/v2\/media?parent=786481"}],"wp:term":[{"taxonomy":"category","embeddable":true,"href":"https:\/\/www.hashtag.al\/index.php\/wp-json\/wp\/v2\/categories?post=786481"},{"taxonomy":"post_tag","embeddable":true,"href":"https:\/\/www.hashtag.al\/index.php\/wp-json\/wp\/v2\/tags?post=786481"}],"curies":[{"name":"wp","href":"https:\/\/api.w.org\/{rel}","templated":true}]}}