{"id":786387,"date":"2026-02-14T21:59:12","date_gmt":"2026-02-14T20:59:12","guid":{"rendered":"https:\/\/www.hashtag.al\/?p=786387"},"modified":"2026-02-14T21:59:12","modified_gmt":"2026-02-14T20:59:12","slug":"do-veprojme-nese-iraku-rikthen-malikin-si-kryeminister-trump","status":"publish","type":"post","link":"https:\/\/www.hashtag.al\/index.php\/2026\/02\/14\/do-veprojme-nese-iraku-rikthen-malikin-si-kryeminister-trump\/","title":{"rendered":"\u201cDo veprojm\u00eb n\u00ebse Iraku rikthen Malikin si kryeminist\u00ebr\u201d &#8211; Trump","gt_translate_keys":[{"key":"rendered","format":"text"}]},"content":{"rendered":"<p><img loading=\"lazy\" decoding=\"async\" class=\"aligncenter size-full wp-image-786388\" src=\"https:\/\/www.hashtag.al\/wp-content\/uploads\/2026\/02\/trump.jpeg\" alt=\"\" width=\"678\" height=\"452\" \/><\/p>\n<p>Presidenti i SHBA-s\u00eb, Donald Trump, ka p\u00ebrs\u00ebritur paralajm\u00ebrimin e tij ndaj Irakut lidhur me rikthimin e mundsh\u00ebm t\u00eb ish-kryeministrit Nouri al-Maliki n\u00eb detyr\u00eb, duke th\u00ebn\u00eb se Uashingtoni po mbik\u00ebqyr nga af\u00ebr zhvillimet dhe ka &#8220;disa ide&#8221; se si t\u00eb p\u00ebrgjigjet.<\/p>\n<p><em>\u201cNe po e v\u00ebzhgojm\u00eb \u00e7\u00ebshtjen e kryeministrit dhe do shohim se \u00e7far\u00eb do ndodh\u00eb,\u201d<\/em> u tha Trump gazetar\u00ebve t\u00eb premten. Duke l\u00ebn\u00eb t\u00eb kuptohen hapa t\u00eb mundsh\u00ebm, ai shtoi: <em>\u201cNe kemi disa ide p\u00ebr k\u00ebt\u00eb, dhe n\u00eb fund t\u00eb fundit, t\u00eb gjith\u00eb kan\u00eb nevoj\u00eb p\u00ebr Shtetet e Bashkuara.\u201d<\/em><\/p>\n<p>Trump kishte deklaruar m\u00eb par\u00eb se Uashingtoni nuk do t\u00eb ofronte asistenc\u00eb n\u00eb t\u00eb ardhmen p\u00ebr Irakun n\u00ebse Maliki zgjidhej p\u00ebrs\u00ebri kryeminist\u00ebr, duke argumentuar se mandati i m\u00ebparsh\u00ebm i Malikit e \u00e7oi vendin n\u00eb \u201cvarf\u00ebri dhe kaos t\u00eb gjer\u00eb\u201d dhe duke paralajm\u00ebruar kund\u00ebr p\u00ebrs\u00ebritjes s\u00eb asaj q\u00eb ai i p\u00ebrshkroi si gabime t\u00eb s\u00eb kaluar\u00ebs.<\/p>\n<p>Maliki i hodhi posht\u00eb deklaratat e Trump-it, duke i quajtur ato si \u201cnd\u00ebrhyrje flagrante t\u00eb SHBA-s\u00eb\u201d n\u00eb pun\u00ebt e brendshme t\u00eb Irakut dhe nj\u00eb shkelje t\u00eb sovranitetit t\u00eb vendit dhe sistemit demokratik t\u00eb krijuar pas vitit 2003.<\/p>\n<p>Maliki sh\u00ebrbeu si kryeminist\u00ebr i Irakut nga viti 2006 deri n\u00eb 2014 p\u00ebr dy mandate radhazi, nj\u00eb periudh\u00eb e sh\u00ebnuar nga p\u00ebrshkall\u00ebzimi i dhun\u00ebs dhe tensionet sektare.<\/p>\n<p>Gjat\u00eb mandatit t\u00eb tij t\u00eb dyt\u00eb, luft\u00ebtar\u00ebt e Shtetit Islamik pushtuan pjes\u00eb t\u00eb m\u00ebdha t\u00eb Irakut verior dhe per\u00ebndimor n\u00eb vitin 2014, p\u00ebrfshir\u00eb qytetin e Mosulit, duke nxitur nj\u00eb fushat\u00eb ushtarake nd\u00ebrkomb\u00ebtare t\u00eb udh\u00ebhequr nga SHBA p\u00ebr t\u00eb mb\u00ebshtetur forcat irakiane.<\/p>\n<p>Iraku shpalli fitoren mbi Shtetin Islamik n\u00eb dhjetor 2017 pas vitesh luftimesh q\u00eb shkat\u00ebrruan qytete t\u00eb m\u00ebdha dhe zhvendos\u00ebn miliona njer\u00ebz.<\/p>\n<p>Marr\u00ebdh\u00ebnia e Malikit me Uashingtonin u ftoh gjat\u00eb mandatit t\u00eb tij t\u00eb dyt\u00eb, me zyrtar\u00ebt amerikan\u00eb t\u00eb asaj kohe q\u00eb shprehnin shqet\u00ebsim mbi qeverisjen, politik\u00ebn e siguris\u00eb dhe ndarjet sektare.<\/p>\n<p>Pavar\u00ebsisht largimit nga detyra n\u00eb vitin 2014, ai ka mbetur nj\u00eb figur\u00eb prominente n\u00eb politik\u00ebn irakiane dhe \u00ebsht\u00eb p\u00ebrfolur vazhdimisht si nj\u00eb kandidat potencial p\u00ebr kryeministrin\u00eb, shkruan <span style=\"color: #0000ff;\"><a style=\"color: #0000ff;\" href=\"https:\/\/www.basnews.com\/en\/babat\/906581\">Basnews<\/a><\/span>.<\/p>\n<p>Shk\u00ebmbimi i fundit i deklaratave n\u00ebnvizon ndjeshm\u00ebrin\u00eb e q\u00ebndrueshme t\u00eb marr\u00ebdh\u00ebnieve SHBA-Irak, ve\u00e7an\u00ebrisht nd\u00ebrsa Bagdadi lundron mes rivaliteteve politike t\u00eb brendshme duke balancuar lidhjet me Uashingtonin dhe Teheranin.<\/p>\n","protected":false,"gt_translate_keys":[{"key":"rendered","format":"html"}]},"excerpt":{"rendered":"<p>Presidenti i SHBA-s\u00eb, Donald Trump, ka p\u00ebrs\u00ebritur paralajm\u00ebrimin e tij ndaj Irakut lidhur me rikthimin e mundsh\u00ebm t\u00eb ish-kryeministrit Nouri al-Maliki n\u00eb detyr\u00eb, duke th\u00ebn\u00eb se Uashingtoni po mbik\u00ebqyr nga af\u00ebr zhvillimet dhe ka &#8220;disa ide&#8221; se si t\u00eb p\u00ebrgjigjet. \u201cNe po e v\u00ebzhgojm\u00eb \u00e7\u00ebshtjen e kryeministrit dhe do shohim se \u00e7far\u00eb do ndodh\u00eb,\u201d u [&hellip;]<\/p>\n","protected":false,"gt_translate_keys":[{"key":"rendered","format":"html"}]},"author":51,"featured_media":786388,"comment_status":"closed","ping_status":"open","sticky":false,"template":"","format":"standard","meta":{"footnotes":""},"categories":[53],"tags":[],"class_list":["post-786387","post","type-post","status-publish","format-standard","has-post-thumbnail","hentry","category-fast-foodi"],"gt_translate_keys":[{"key":"link","format":"url"}],"_links":{"self":[{"href":"https:\/\/www.hashtag.al\/index.php\/wp-json\/wp\/v2\/posts\/786387","targetHints":{"allow":["GET"]}}],"collection":[{"href":"https:\/\/www.hashtag.al\/index.php\/wp-json\/wp\/v2\/posts"}],"about":[{"href":"https:\/\/www.hashtag.al\/index.php\/wp-json\/wp\/v2\/types\/post"}],"author":[{"embeddable":true,"href":"https:\/\/www.hashtag.al\/index.php\/wp-json\/wp\/v2\/users\/51"}],"replies":[{"embeddable":true,"href":"https:\/\/www.hashtag.al\/index.php\/wp-json\/wp\/v2\/comments?post=786387"}],"version-history":[{"count":99999,"href":"https:\/\/www.hashtag.al\/index.php\/wp-json\/wp\/v2\/posts\/786387\/revisions"}],"predecessor-version":[{"id":786389,"href":"https:\/\/www.hashtag.al\/index.php\/wp-json\/wp\/v2\/posts\/786387\/revisions\/786389"}],"wp:featuredmedia":[{"embeddable":true,"href":"https:\/\/www.hashtag.al\/index.php\/wp-json\/wp\/v2\/media\/786388"}],"wp:attachment":[{"href":"https:\/\/www.hashtag.al\/index.php\/wp-json\/wp\/v2\/media?parent=786387"}],"wp:term":[{"taxonomy":"category","embeddable":true,"href":"https:\/\/www.hashtag.al\/index.php\/wp-json\/wp\/v2\/categories?post=786387"},{"taxonomy":"post_tag","embeddable":true,"href":"https:\/\/www.hashtag.al\/index.php\/wp-json\/wp\/v2\/tags?post=786387"}],"curies":[{"name":"wp","href":"https:\/\/api.w.org\/{rel}","templated":true}]}}