{"id":786069,"date":"2026-02-12T23:27:33","date_gmt":"2026-02-12T22:27:33","guid":{"rendered":"https:\/\/www.hashtag.al\/?p=786069"},"modified":"2026-02-12T23:27:33","modified_gmt":"2026-02-12T22:27:33","slug":"edhe-rama-eshte-nen-hetim-me-renien-e-ballukut-bie-alibia-e-tij-kellici","status":"publish","type":"post","link":"https:\/\/www.hashtag.al\/index.php\/2026\/02\/12\/edhe-rama-eshte-nen-hetim-me-renien-e-ballukut-bie-alibia-e-tij-kellici\/","title":{"rendered":"\u201cEdhe Rama \u00ebsht\u00eb n\u00ebn hetim, me r\u00ebnien e Ballukut bie alibia e tij\u201d &#8211; K\u00eblli\u00e7i","gt_translate_keys":[{"key":"rendered","format":"text"}]},"content":{"rendered":"<p><img loading=\"lazy\" decoding=\"async\" class=\"aligncenter size-full wp-image-786070\" src=\"https:\/\/www.hashtag.al\/wp-content\/uploads\/2026\/02\/belo.jpg\" alt=\"\" width=\"1075\" height=\"587\" srcset=\"https:\/\/www.hashtag.al\/wp-content\/uploads\/2026\/02\/belo.jpg 1075w, https:\/\/www.hashtag.al\/wp-content\/uploads\/2026\/02\/belo-300x164.jpg 300w, https:\/\/www.hashtag.al\/wp-content\/uploads\/2026\/02\/belo-1024x559.jpg 1024w, https:\/\/www.hashtag.al\/wp-content\/uploads\/2026\/02\/belo-768x419.jpg 768w\" sizes=\"auto, (max-width: 1075px) 100vw, 1075px\" \/><\/p>\n<p><span style=\"color: #000000;\">Deputeti i PD-s\u00eb K\u00eblli\u00e7i tha mbr\u00ebmjen e sotme se ka mb\u00ebshtetur SPAK-un dhe prokurorin Dritan Pren\u00e7i p\u00ebr hetimet ndaj zv.kryeministres Balluku pavar\u00ebsisht kritikave ndaj tij lidhur me hetimet p\u00ebr inceneratorin e Tiran\u00ebs.<\/span><\/p>\n<p><span style=\"color: #000000;\">Ai shtoi se K\u00ebshilli i Mandateve ka mjaftuesh\u00ebm prova p\u00ebr t\u2019ia hequr mandatin Ballukut nd\u00ebrsa theksoi se kjo e fundit \u00ebsht\u00eb kapur n\u00eb nj\u00eb rast flagrant korrupsioni dhe duke k\u00ebrc\u00ebnuar vart\u00ebsit. <\/span><\/p>\n<p><span style=\"color: #000000;\">K\u00eblli\u00e7i tha m\u00eb tej se n\u00eb dijenin\u00eb e tij edhe Rama \u00ebsht\u00eb n\u00ebn hetim dhe mbrojtja q\u00eb po i b\u00ebn Ballukut \u00ebsht\u00eb n\u00eb fakt mbrojtje ndaj vetes.<\/span><\/p>\n<p><span style=\"color: #000000;\"><em>\u201cKemi t\u00eb b\u00ebjm\u00eb me nj\u00eb proces, q\u00eb jan\u00eb b\u00ebr\u00eb t\u00eb qarta deri tani aq prova sa duhet nga organi\u00a0 akuz\u00ebs, saq\u00eb un\u00eb mund t\u00eb kem shum\u00eb kritika p\u00ebr SPAK por hyj tek ata q\u00eb kan\u00eb mb\u00ebshtetur edhe veprimin e prokurorit Dritan Pren\u00e7i q\u00eb p\u00ebr vite me radh\u00eb ka qen\u00eb i kritikuar publikisht nga un\u00eb p\u00ebr ngadal\u00ebsimin e hetimit p\u00ebr inceneratorit t\u00eb Tiran\u00ebs por n\u00eb rastin e Ballukut ka b\u00ebr\u00eb nj\u00eb pun\u00eb p\u00ebr t\u2019u p\u00ebrsh\u00ebndetuar.<\/em><\/span><\/p>\n<p><span style=\"color: #000000;\"><em>P\u00ebr t\u00eb paraqitur provat apo p\u00ebr t\u00eb justifikuar k\u00ebrkes\u00ebn e tyre n\u00eb K\u00ebshillin e Mandateve n\u00eb Kuvend p\u00ebr heqjen e imunitetit dhe lejimin e pezullimit t\u00eb Ballukut, SPAK ka dh\u00ebn\u00eb aq prova sa mendon se duhet ti ket\u00eb K\u00ebshillii Mandateve. Dhe me cfar\u00eb kemi par\u00eb n\u00eb dosje, p\u00ebrvecc komunikimeve q\u00eb jan\u00eb t\u00eb faktuar, ajo th\u00ebrret vart\u00ebsit e saj q\u00eb kan\u00eb d\u00ebshmuar kund\u00ebr saj dhe i k\u00ebrc\u00ebnon p\u00ebr t\u00eb ndryshuar d\u00ebshmit\u00eb.<\/em><\/span><\/p>\n<p><span style=\"color: #000000;\"><em>Nga t\u00eb gjitha t\u00eb dh\u00ebnat kemi t\u00eb b\u00ebjm\u00eb me nj\u00eb rast flagrant korrupsioni, me nj\u00eb zyrtar i kapur n\u00eb vjedhje q\u00eb k\u00ebrc\u00ebnon vart\u00ebsit dhe n\u00eb t\u00eb drejt\u00ebn e tyre ligjore, SPAK thot\u00eb se un\u00eb dua ta pezulloj sepse ajo mund t\u00eb prish\u00eb provat duke nd\u00ebrhyr\u00eb n\u00eb protokoll, derisa t\u00eb shkoj\u00eb n\u00eb gjykat\u00eb. Me r\u00ebnien e Ballukut, bie alibia e tij, ndaj ai po vendos nj\u00eb precedent derisa t\u2019i vij\u00eb dita t\u00eb gjykohet, n\u00eb dijenin\u00eb time \u00ebsht\u00eb n\u00eb hetim, dosja e inceneratorit t\u00eb Tiran\u00ebs, bonusi 8% q\u00eb i ka dh\u00ebn\u00eb nj\u00eb kompanie me firm\u00ebn e tij q\u00eb themelohet 8 muaj m\u00eb von\u00eb, dosja e EcoParkut q\u00eb jan\u00eb n\u00eb SPAK. Rama po vendos precedent q\u00eb nuk lejon pezullimin nga detyra t\u00eb Ballukut.\u201d<\/em> &#8211; tha K\u00eblli\u00e7i n\u00eb News24.<\/span><\/p>\n","protected":false,"gt_translate_keys":[{"key":"rendered","format":"html"}]},"excerpt":{"rendered":"<p>Deputeti i PD-s\u00eb K\u00eblli\u00e7i tha mbr\u00ebmjen e sotme se ka mb\u00ebshtetur SPAK-un dhe prokurorin Dritan Pren\u00e7i p\u00ebr hetimet ndaj zv.kryeministres Balluku pavar\u00ebsisht kritikave ndaj tij lidhur me hetimet p\u00ebr inceneratorin e Tiran\u00ebs. Ai shtoi se K\u00ebshilli i Mandateve ka mjaftuesh\u00ebm prova p\u00ebr t\u2019ia hequr mandatin Ballukut nd\u00ebrsa theksoi se kjo e fundit \u00ebsht\u00eb kapur n\u00eb [&hellip;]<\/p>\n","protected":false,"gt_translate_keys":[{"key":"rendered","format":"html"}]},"author":51,"featured_media":786070,"comment_status":"closed","ping_status":"open","sticky":false,"template":"","format":"standard","meta":{"footnotes":""},"categories":[65],"tags":[],"class_list":["post-786069","post","type-post","status-publish","format-standard","has-post-thumbnail","hentry","category-lajme"],"gt_translate_keys":[{"key":"link","format":"url"}],"_links":{"self":[{"href":"https:\/\/www.hashtag.al\/index.php\/wp-json\/wp\/v2\/posts\/786069","targetHints":{"allow":["GET"]}}],"collection":[{"href":"https:\/\/www.hashtag.al\/index.php\/wp-json\/wp\/v2\/posts"}],"about":[{"href":"https:\/\/www.hashtag.al\/index.php\/wp-json\/wp\/v2\/types\/post"}],"author":[{"embeddable":true,"href":"https:\/\/www.hashtag.al\/index.php\/wp-json\/wp\/v2\/users\/51"}],"replies":[{"embeddable":true,"href":"https:\/\/www.hashtag.al\/index.php\/wp-json\/wp\/v2\/comments?post=786069"}],"version-history":[{"count":99999,"href":"https:\/\/www.hashtag.al\/index.php\/wp-json\/wp\/v2\/posts\/786069\/revisions"}],"predecessor-version":[{"id":786071,"href":"https:\/\/www.hashtag.al\/index.php\/wp-json\/wp\/v2\/posts\/786069\/revisions\/786071"}],"wp:featuredmedia":[{"embeddable":true,"href":"https:\/\/www.hashtag.al\/index.php\/wp-json\/wp\/v2\/media\/786070"}],"wp:attachment":[{"href":"https:\/\/www.hashtag.al\/index.php\/wp-json\/wp\/v2\/media?parent=786069"}],"wp:term":[{"taxonomy":"category","embeddable":true,"href":"https:\/\/www.hashtag.al\/index.php\/wp-json\/wp\/v2\/categories?post=786069"},{"taxonomy":"post_tag","embeddable":true,"href":"https:\/\/www.hashtag.al\/index.php\/wp-json\/wp\/v2\/tags?post=786069"}],"curies":[{"name":"wp","href":"https:\/\/api.w.org\/{rel}","templated":true}]}}