{"id":785630,"date":"2026-02-10T18:35:50","date_gmt":"2026-02-10T17:35:50","guid":{"rendered":"https:\/\/www.hashtag.al\/?p=785630"},"modified":"2026-02-10T18:36:26","modified_gmt":"2026-02-10T17:36:26","slug":"rama-kercenimi-me-i-madh-per-shqiperine-tentoi-grushtin-e-shtetit-ndaj-drejtesise-berisha","status":"publish","type":"post","link":"https:\/\/www.hashtag.al\/index.php\/2026\/02\/10\/rama-kercenimi-me-i-madh-per-shqiperine-tentoi-grushtin-e-shtetit-ndaj-drejtesise-berisha\/","title":{"rendered":"\u201cRama k\u00ebrc\u00ebnimi m\u00eb i madh p\u00ebr Shqip\u00ebrin\u00eb, tentoi grushtin e shtetit ndaj drejt\u00ebsis\u00eb\u201d &#8211; Berisha","gt_translate_keys":[{"key":"rendered","format":"text"}]},"content":{"rendered":"<p><img loading=\"lazy\" decoding=\"async\" class=\"aligncenter size-full wp-image-785632\" src=\"https:\/\/www.hashtag.al\/wp-content\/uploads\/2026\/02\/sala-2.jpg\" alt=\"\" width=\"1242\" height=\"655\" srcset=\"https:\/\/www.hashtag.al\/wp-content\/uploads\/2026\/02\/sala-2.jpg 1242w, https:\/\/www.hashtag.al\/wp-content\/uploads\/2026\/02\/sala-2-300x158.jpg 300w, https:\/\/www.hashtag.al\/wp-content\/uploads\/2026\/02\/sala-2-1024x540.jpg 1024w, https:\/\/www.hashtag.al\/wp-content\/uploads\/2026\/02\/sala-2-768x405.jpg 768w\" sizes=\"auto, (max-width: 1242px) 100vw, 1242px\" \/><\/p>\n<p><span style=\"color: #000000;\">K\u00ebrc\u00ebnimin m\u00eb t\u00eb madh p\u00ebr vendin e ka quajtur kreu i PD-s\u00eb Berisha kryeministrin Rama. <\/span><\/p>\n<p><span style=\"color: #000000;\">N\u00eb fjal\u00ebn e tij para mij\u00ebra demokrat\u00ebve e qytetar\u00ebve t\u00eb mbledhur n\u00eb protest\u00eb, kryedemokrati tha se Rama b\u00ebri grusht shteti duke bllokuar e duke i b\u00ebr\u00eb presion Gjykat\u00ebs Kushtetuese p\u00ebr t\u00eb mbrojtur Belinda Ballukun.<\/span><\/p>\n<p><span style=\"color: #000000;\"><em>\u201cZhvillimet e dit\u00ebve t\u00eb fundit b\u00ebjn\u00eb q\u00eb t\u00eb mblidhemi n\u00eb k\u00ebt\u00eb shesh n\u00eb kushte nd\u00ebr m\u00eb alarmantet. Jemi nj\u00eb vend I bekuar me pasuri t\u00eb jasht\u00ebzakonshme por edhe me tradita t\u00eb mrekullueshme brez pas brezi, shekull pas shekulli. Por ne kemi p\u00ebrjetuar shekuj pa shekujsh mallkime, kemi provuar armiq t\u00eb pam\u00ebshir\u00eb ndaj nesh. Kemi \u00e7do dokument q\u00eb fakton fars\u00ebn zgjedhore t\u00eb 11 majit. E kemi quajtur narkoshtet sepse i till\u00eb \u00ebsht\u00eb. Edi Rama \u00ebsht\u00eb k\u00ebrc\u00ebnimi m\u00eb i rreziksh\u00ebm q\u00eb kalon regjimi stalinist t\u00eb Enver Hoxh\u00ebs. Edi Rama prej dy muajsh p\u00ebrdori pushtetin e ekzekutivit dhe legjislativit p\u00ebr t\u2019i b\u00ebr\u00eb presion Gjykat\u00ebs Kushtetuese dhe p\u00ebr t\u00eb mbrojtur bashk\u00ebhajduten, lubi Ballukun.\u201d<\/em> &#8211; tha Berisha.<\/span><\/p>\n","protected":false,"gt_translate_keys":[{"key":"rendered","format":"html"}]},"excerpt":{"rendered":"<p>K\u00ebrc\u00ebnimin m\u00eb t\u00eb madh p\u00ebr vendin e ka quajtur kreu i PD-s\u00eb Berisha kryeministrin Rama. N\u00eb fjal\u00ebn e tij para mij\u00ebra demokrat\u00ebve e qytetar\u00ebve t\u00eb mbledhur n\u00eb protest\u00eb, kryedemokrati tha se Rama b\u00ebri grusht shteti duke bllokuar e duke i b\u00ebr\u00eb presion Gjykat\u00ebs Kushtetuese p\u00ebr t\u00eb mbrojtur Belinda Ballukun. \u201cZhvillimet e dit\u00ebve t\u00eb fundit b\u00ebjn\u00eb [&hellip;]<\/p>\n","protected":false,"gt_translate_keys":[{"key":"rendered","format":"html"}]},"author":51,"featured_media":785632,"comment_status":"closed","ping_status":"open","sticky":false,"template":"","format":"standard","meta":{"footnotes":""},"categories":[65],"tags":[],"class_list":["post-785630","post","type-post","status-publish","format-standard","has-post-thumbnail","hentry","category-lajme"],"gt_translate_keys":[{"key":"link","format":"url"}],"_links":{"self":[{"href":"https:\/\/www.hashtag.al\/index.php\/wp-json\/wp\/v2\/posts\/785630","targetHints":{"allow":["GET"]}}],"collection":[{"href":"https:\/\/www.hashtag.al\/index.php\/wp-json\/wp\/v2\/posts"}],"about":[{"href":"https:\/\/www.hashtag.al\/index.php\/wp-json\/wp\/v2\/types\/post"}],"author":[{"embeddable":true,"href":"https:\/\/www.hashtag.al\/index.php\/wp-json\/wp\/v2\/users\/51"}],"replies":[{"embeddable":true,"href":"https:\/\/www.hashtag.al\/index.php\/wp-json\/wp\/v2\/comments?post=785630"}],"version-history":[{"count":99999,"href":"https:\/\/www.hashtag.al\/index.php\/wp-json\/wp\/v2\/posts\/785630\/revisions"}],"predecessor-version":[{"id":785633,"href":"https:\/\/www.hashtag.al\/index.php\/wp-json\/wp\/v2\/posts\/785630\/revisions\/785633"}],"wp:featuredmedia":[{"embeddable":true,"href":"https:\/\/www.hashtag.al\/index.php\/wp-json\/wp\/v2\/media\/785632"}],"wp:attachment":[{"href":"https:\/\/www.hashtag.al\/index.php\/wp-json\/wp\/v2\/media?parent=785630"}],"wp:term":[{"taxonomy":"category","embeddable":true,"href":"https:\/\/www.hashtag.al\/index.php\/wp-json\/wp\/v2\/categories?post=785630"},{"taxonomy":"post_tag","embeddable":true,"href":"https:\/\/www.hashtag.al\/index.php\/wp-json\/wp\/v2\/tags?post=785630"}],"curies":[{"name":"wp","href":"https:\/\/api.w.org\/{rel}","templated":true}]}}