{"id":785625,"date":"2026-02-10T17:58:45","date_gmt":"2026-02-10T16:58:45","guid":{"rendered":"https:\/\/www.hashtag.al\/?p=785625"},"modified":"2026-02-10T18:06:59","modified_gmt":"2026-02-10T17:06:59","slug":"nis-protesta-e-opozites-gjekmarkaj-rama-mori-peng-institucionet-per-te-mbrojtur-veten-e-ballkukun","status":"publish","type":"post","link":"https:\/\/www.hashtag.al\/index.php\/2026\/02\/10\/nis-protesta-e-opozites-gjekmarkaj-rama-mori-peng-institucionet-per-te-mbrojtur-veten-e-ballkukun\/","title":{"rendered":"Nis protesta e opozit\u00ebs, Gjekmarkaj: Rama mori peng institucionet p\u00ebr t\u00eb mbrojtur veten e Ballkukun","gt_translate_keys":[{"key":"rendered","format":"text"}]},"content":{"rendered":"<p><img loading=\"lazy\" decoding=\"async\" class=\"aligncenter size-full wp-image-785626\" src=\"https:\/\/www.hashtag.al\/wp-content\/uploads\/2026\/02\/gjekmarkaj.jpeg\" alt=\"\" width=\"1280\" height=\"853\" srcset=\"https:\/\/www.hashtag.al\/wp-content\/uploads\/2026\/02\/gjekmarkaj.jpeg 1280w, https:\/\/www.hashtag.al\/wp-content\/uploads\/2026\/02\/gjekmarkaj-300x200.jpeg 300w, https:\/\/www.hashtag.al\/wp-content\/uploads\/2026\/02\/gjekmarkaj-1024x682.jpeg 1024w, https:\/\/www.hashtag.al\/wp-content\/uploads\/2026\/02\/gjekmarkaj-768x512.jpeg 768w\" sizes=\"auto, (max-width: 1280px) 100vw, 1280px\" \/><\/p>\n<p><span style=\"color: #000000;\">Deputeti i PD-s\u00eb Agron Gjekmarkaj deklaroi se sistemi i nd\u00ebrtuar nga \u201cRilindja\u201d dhe Edi Rama ka shteruar \u00e7do kapacitet politik dhe nuk ka m\u00eb asgj\u00eb p\u00ebr t\u2019u ofruar qytetar\u00ebve. Ai theksoi se mazhoranca nuk ka m\u00eb asnj\u00eb alibi, pasi ka cenuar vot\u00ebn e lir\u00eb dhe ka mbijetuar politikisht duke e kthyer shtetin n\u00eb nj\u00eb instrument t\u00eb pushtetit personal.<\/span><\/p>\n<p><span style=\"color: #000000;\">Sipas Gjekmarkajt, nj\u00eb qeveri mund t\u00eb q\u00ebndroj\u00eb n\u00eb pushtet p\u00ebr kat\u00ebr mandate vet\u00ebm n\u00ebse prodhon \u201cmrekulli\u201d p\u00ebr qytetar\u00ebt, nd\u00ebrsa n\u00eb realitet, si\u00e7 u shpreh ai, shteti \u00ebsht\u00eb mbytur nga bab\u00ebzia. Projekti \u201cShqip\u00ebria 2030\u201d, shtoi ai, nuk \u00ebsht\u00eb gj\u00eb tjet\u00ebr ve\u00e7se nj\u00eb slogan bosh, i mbuluar me fjal\u00eb t\u00eb bukura dhe i shoq\u00ebruar me shantazh publik.<\/span><\/p>\n<p><span style=\"color: #000000;\">Ai akuzoi pushtetin aktual se \u00ebsht\u00eb i gatsh\u00ebm t\u00eb sakrifikoj\u00eb edhe perspektiv\u00ebn evropiane t\u00eb vendit vet\u00ebm p\u00ebr t\u00eb shp\u00ebtuar veten, duke marr\u00eb peng institucionet, drejt\u00ebsin\u00eb dhe Kuvendin. Sipas tij, veprimet e fundit tregojn\u00eb se qeveria \u00ebsht\u00eb e gatshme t\u00eb p\u00ebrdor\u00eb \u00e7do mjet p\u00ebr vet\u00ebmbrojtje politike.<\/span><\/p>\n<p><span style=\"color: #000000;\">Gjekmarkaj u ndal edhe te zhvillimet e fundit, duke th\u00ebn\u00eb se nj\u00eb dit\u00eb m\u00eb par\u00eb kryeministri Edi Rama \u201choqi mask\u00ebn e fundit\u201d p\u00ebr t\u00eb mbrojtur vart\u00ebsen e tij, Belinda Balluku. N\u00eb k\u00ebt\u00eb situat\u00eb, ai theksoi se alternativa q\u00eb ofron pushteti \u00ebsht\u00eb depersonalizimi i shoq\u00ebris\u00eb, mosreagimi dhe mpirja e ndjeshm\u00ebris\u00eb qytetare.<\/span><\/p>\n<p><span style=\"color: #000000;\">\u201cN\u00eb momentin q\u00eb drejt\u00ebsia i n\u00ebnshtrohet pushtetit, demokracia nis t\u00eb vdes\u00eb ngadal\u00eb\u201d, u shpreh Gjekmarkaj, duke theksuar se angazhimi i opozit\u00ebs dhe protestuesve \u00ebsht\u00eb mbrojtja e shtetit ligjor dhe e parimeve demokratike.<\/span><\/p>\n","protected":false,"gt_translate_keys":[{"key":"rendered","format":"html"}]},"excerpt":{"rendered":"<p>Deputeti i PD-s\u00eb Agron Gjekmarkaj deklaroi se sistemi i nd\u00ebrtuar nga \u201cRilindja\u201d dhe Edi Rama ka shteruar \u00e7do kapacitet politik dhe nuk ka m\u00eb asgj\u00eb p\u00ebr t\u2019u ofruar qytetar\u00ebve. Ai theksoi se mazhoranca nuk ka m\u00eb asnj\u00eb alibi, pasi ka cenuar vot\u00ebn e lir\u00eb dhe ka mbijetuar politikisht duke e kthyer shtetin n\u00eb nj\u00eb instrument [&hellip;]<\/p>\n","protected":false,"gt_translate_keys":[{"key":"rendered","format":"html"}]},"author":51,"featured_media":785626,"comment_status":"closed","ping_status":"open","sticky":false,"template":"","format":"standard","meta":{"footnotes":""},"categories":[65],"tags":[],"class_list":["post-785625","post","type-post","status-publish","format-standard","has-post-thumbnail","hentry","category-lajme"],"gt_translate_keys":[{"key":"link","format":"url"}],"_links":{"self":[{"href":"https:\/\/www.hashtag.al\/index.php\/wp-json\/wp\/v2\/posts\/785625","targetHints":{"allow":["GET"]}}],"collection":[{"href":"https:\/\/www.hashtag.al\/index.php\/wp-json\/wp\/v2\/posts"}],"about":[{"href":"https:\/\/www.hashtag.al\/index.php\/wp-json\/wp\/v2\/types\/post"}],"author":[{"embeddable":true,"href":"https:\/\/www.hashtag.al\/index.php\/wp-json\/wp\/v2\/users\/51"}],"replies":[{"embeddable":true,"href":"https:\/\/www.hashtag.al\/index.php\/wp-json\/wp\/v2\/comments?post=785625"}],"version-history":[{"count":99999,"href":"https:\/\/www.hashtag.al\/index.php\/wp-json\/wp\/v2\/posts\/785625\/revisions"}],"predecessor-version":[{"id":785628,"href":"https:\/\/www.hashtag.al\/index.php\/wp-json\/wp\/v2\/posts\/785625\/revisions\/785628"}],"wp:featuredmedia":[{"embeddable":true,"href":"https:\/\/www.hashtag.al\/index.php\/wp-json\/wp\/v2\/media\/785626"}],"wp:attachment":[{"href":"https:\/\/www.hashtag.al\/index.php\/wp-json\/wp\/v2\/media?parent=785625"}],"wp:term":[{"taxonomy":"category","embeddable":true,"href":"https:\/\/www.hashtag.al\/index.php\/wp-json\/wp\/v2\/categories?post=785625"},{"taxonomy":"post_tag","embeddable":true,"href":"https:\/\/www.hashtag.al\/index.php\/wp-json\/wp\/v2\/tags?post=785625"}],"curies":[{"name":"wp","href":"https:\/\/api.w.org\/{rel}","templated":true}]}}