{"id":785417,"date":"2026-02-09T13:40:24","date_gmt":"2026-02-09T12:40:24","guid":{"rendered":"https:\/\/www.hashtag.al\/?p=785417"},"modified":"2026-02-09T13:40:24","modified_gmt":"2026-02-09T12:40:24","slug":"bardhi-rama-po-ndryshon-ligjin-per-te-shpetuar-pushtetin-e-vet-te-korruptuar","status":"publish","type":"post","link":"https:\/\/www.hashtag.al\/index.php\/2026\/02\/09\/bardhi-rama-po-ndryshon-ligjin-per-te-shpetuar-pushtetin-e-vet-te-korruptuar\/","title":{"rendered":"Bardhi: Rama po ndryshon ligjin p\u00ebr t\u00eb shp\u00ebtuar pushtetin e vet t\u00eb korruptuar","gt_translate_keys":[{"key":"rendered","format":"text"}]},"content":{"rendered":"<p><span style=\"color: #000000;\"><a href=\"https:\/\/www.hashtag.al\/index.php\/2025\/11\/20\/bardhi-edi-rama-po-pergatit-grusht-shteti-fundi-i-tij-i-shpejte\/rama-balluku-bardhi-1-640x433\/\" rel=\"attachment wp-att-772514\"><img loading=\"lazy\" decoding=\"async\" class=\"size-full wp-image-772514 aligncenter\" src=\"https:\/\/www.hashtag.al\/wp-content\/uploads\/2025\/11\/rama-balluku-bardhi-1-640x433-1.jpg\" alt=\"\" width=\"640\" height=\"433\" srcset=\"https:\/\/www.hashtag.al\/wp-content\/uploads\/2025\/11\/rama-balluku-bardhi-1-640x433-1.jpg 640w, https:\/\/www.hashtag.al\/wp-content\/uploads\/2025\/11\/rama-balluku-bardhi-1-640x433-1-300x203.jpg 300w\" sizes=\"auto, (max-width: 640px) 100vw, 640px\" \/><\/a><br \/>\nKreu i Grupit Parlamentar t\u00eb Partis\u00eb Demokratike, Gazment Bardhi, ka reaguar lidhur me situat\u00ebn e z\u00ebvend\u00ebskryeministres Belinda Balluku, duke akuzuar kryeministrin Edi Rama p\u00ebr nd\u00ebrhyrje t\u00eb drejtp\u00ebrdrejt\u00eb n\u00eb nj\u00eb hetim penal aktiv.<\/span><\/p>\n<p><span style=\"color: #000000;\">N\u00eb nj\u00eb postim n\u00eb Facebook, Bardhi paraqiti at\u00eb q\u00eb i cil\u00ebsoi si \u201ctre t\u00eb v\u00ebrteta\u201d mbi, sipas tij, p\u00ebrpjekjet e Ram\u00ebs p\u00ebr t\u00eb ndikuar procesin e drejt\u00ebsis\u00eb. Ai theksoi se ndryshimi i ligjit n\u00eb koh\u00ebn kur po hetohet bashk\u00ebpun\u00ebtorja m\u00eb e af\u00ebrt e kryeministrit nuk ka t\u00eb b\u00ebj\u00eb me mbrojtjen e parimeve kushtetuese, por me mbrojtjen e pushtetit personal.<\/span><\/p>\n<p><span style=\"color: #000000;\">\u201cKur Qeveria dhe Kuvendi bashkohen p\u00ebr t\u00eb goditur vendimin e dy gjykatave n\u00eb lidhje me nj\u00eb hetim penal aktiv, kemi dy pushtete q\u00eb p\u00ebrpiqen t\u00eb ndikojn\u00eb t\u00eb tretin. Kjo nuk \u00ebsht\u00eb ndarje pushtetesh, por presion i organizuar kund\u00ebr drejt\u00ebsis\u00eb,\u201d shprehet Bardhi.<\/span><\/p>\n<p><span style=\"color: #000000;\">Ai shton se deklaratat p\u00ebr munges\u00eb urgjence n\u00eb shqyrtimin e k\u00ebrkes\u00ebs s\u00eb SPAK p\u00ebr arrestimin e Belinda Ballukut p\u00ebrkthehen, sipas tij, n\u00eb nj\u00eb mesazh t\u00eb qart\u00eb se drejt\u00ebsia duhet t\u00eb pres\u00eb, nd\u00ebrsa pushteti po tenton t\u00eb blej\u00eb koh\u00eb.<\/span><\/p>\n<p><span style=\"color: #000000;\">M\u00eb tej, Bardhi thekson se pezullimi nga ushtrimi i funksionit publik nuk \u00ebsht\u00eb nj\u00eb mas\u00eb e shpikur nga SPAK, por \u00ebsht\u00eb e parashikuar qart\u00eb n\u00eb Kodin e Procedur\u00ebs Penale dhe zbatohet p\u00ebr \u00e7do funksionar publik, qoft\u00eb minist\u00ebr, z\u00ebvend\u00ebskryeminist\u00ebr apo edhe kryeminist\u00ebr.<\/span><\/p>\n<p><span style=\"color: #000000;\">Sipas tij, pezullimi synon t\u00eb mbroj\u00eb institucionin dhe procesin penal nga ndikimi i personit n\u00ebn hetim, nd\u00ebrsa masa e arrestit k\u00ebrkohet kur ekziston rreziku i intimidimit t\u00eb d\u00ebshmitar\u00ebve apo cenimit t\u00eb provave. Bardhi thekson se SPAK ka paraqitur prova konkrete p\u00ebr k\u00ebto rreziqe n\u00eb rastin e Ballukut.<\/span><\/p>\n<p><span style=\"color: #000000;\">N\u00eb fund t\u00eb reagimit, kreu i Grupit Parlamentar t\u00eb PD-s\u00eb i b\u00ebn thirrje K\u00ebshillit t\u00eb Mandateve q\u00eb t\u00eb mblidhet pa shtyrje dhe manovra politike, duke theksuar se Kryetari i Kuvendit duhet t\u00eb zgjedh\u00eb mes zbatimit t\u00eb ligjit dhe, sipas tij, pengimit t\u00eb drejt\u00ebsis\u00eb.<\/span><\/p>\n","protected":false,"gt_translate_keys":[{"key":"rendered","format":"html"}]},"excerpt":{"rendered":"<p>Kreu i Grupit Parlamentar t\u00eb Partis\u00eb Demokratike, Gazment Bardhi, ka reaguar lidhur me situat\u00ebn e z\u00ebvend\u00ebskryeministres Belinda Balluku, duke akuzuar kryeministrin Edi Rama p\u00ebr nd\u00ebrhyrje t\u00eb drejtp\u00ebrdrejt\u00eb n\u00eb nj\u00eb hetim penal aktiv. N\u00eb nj\u00eb postim n\u00eb Facebook, Bardhi paraqiti at\u00eb q\u00eb i cil\u00ebsoi si \u201ctre t\u00eb v\u00ebrteta\u201d mbi, sipas tij, p\u00ebrpjekjet e Ram\u00ebs p\u00ebr t\u00eb [&hellip;]<\/p>\n","protected":false,"gt_translate_keys":[{"key":"rendered","format":"html"}]},"author":32,"featured_media":772514,"comment_status":"closed","ping_status":"open","sticky":false,"template":"","format":"standard","meta":{"footnotes":""},"categories":[65],"tags":[],"class_list":["post-785417","post","type-post","status-publish","format-standard","has-post-thumbnail","hentry","category-lajme"],"gt_translate_keys":[{"key":"link","format":"url"}],"_links":{"self":[{"href":"https:\/\/www.hashtag.al\/index.php\/wp-json\/wp\/v2\/posts\/785417","targetHints":{"allow":["GET"]}}],"collection":[{"href":"https:\/\/www.hashtag.al\/index.php\/wp-json\/wp\/v2\/posts"}],"about":[{"href":"https:\/\/www.hashtag.al\/index.php\/wp-json\/wp\/v2\/types\/post"}],"author":[{"embeddable":true,"href":"https:\/\/www.hashtag.al\/index.php\/wp-json\/wp\/v2\/users\/32"}],"replies":[{"embeddable":true,"href":"https:\/\/www.hashtag.al\/index.php\/wp-json\/wp\/v2\/comments?post=785417"}],"version-history":[{"count":99999,"href":"https:\/\/www.hashtag.al\/index.php\/wp-json\/wp\/v2\/posts\/785417\/revisions"}],"predecessor-version":[{"id":785418,"href":"https:\/\/www.hashtag.al\/index.php\/wp-json\/wp\/v2\/posts\/785417\/revisions\/785418"}],"wp:featuredmedia":[{"embeddable":true,"href":"https:\/\/www.hashtag.al\/index.php\/wp-json\/wp\/v2\/media\/772514"}],"wp:attachment":[{"href":"https:\/\/www.hashtag.al\/index.php\/wp-json\/wp\/v2\/media?parent=785417"}],"wp:term":[{"taxonomy":"category","embeddable":true,"href":"https:\/\/www.hashtag.al\/index.php\/wp-json\/wp\/v2\/categories?post=785417"},{"taxonomy":"post_tag","embeddable":true,"href":"https:\/\/www.hashtag.al\/index.php\/wp-json\/wp\/v2\/tags?post=785417"}],"curies":[{"name":"wp","href":"https:\/\/api.w.org\/{rel}","templated":true}]}}