{"id":785037,"date":"2026-02-06T19:29:43","date_gmt":"2026-02-06T18:29:43","guid":{"rendered":"https:\/\/www.hashtag.al\/?p=785037"},"modified":"2026-02-06T19:29:43","modified_gmt":"2026-02-06T18:29:43","slug":"lubia-ia-ka-bere-bene-rames-sot-ka-shkembyer-mesazhe-gjithe-diten-me-anetaret-e-gjykates-kushtetuese-berisha","status":"publish","type":"post","link":"https:\/\/www.hashtag.al\/index.php\/2026\/02\/06\/lubia-ia-ka-bere-bene-rames-sot-ka-shkembyer-mesazhe-gjithe-diten-me-anetaret-e-gjykates-kushtetuese-berisha\/","title":{"rendered":"Lubia ia ka b\u00ebr\u00eb ben\u00eb Ram\u00ebs, sot ka shk\u00ebmbyer mesazhe gjith\u00eb dit\u00ebn me an\u00ebtar\u00ebt e Gjykat\u00ebs Kushtetuese\u201d &#8211; Berisha","gt_translate_keys":[{"key":"rendered","format":"text"}]},"content":{"rendered":"<p><img loading=\"lazy\" decoding=\"async\" class=\"aligncenter size-full wp-image-785038\" src=\"https:\/\/www.hashtag.al\/wp-content\/uploads\/2026\/02\/balluku.jpeg\" alt=\"\" width=\"1280\" height=\"853\" srcset=\"https:\/\/www.hashtag.al\/wp-content\/uploads\/2026\/02\/balluku.jpeg 1280w, https:\/\/www.hashtag.al\/wp-content\/uploads\/2026\/02\/balluku-300x200.jpeg 300w, https:\/\/www.hashtag.al\/wp-content\/uploads\/2026\/02\/balluku-1024x682.jpeg 1024w, https:\/\/www.hashtag.al\/wp-content\/uploads\/2026\/02\/balluku-768x512.jpeg 768w\" sizes=\"auto, (max-width: 1280px) 100vw, 1280px\" \/><\/p>\n<p><span style=\"color: #000000;\">Lubi Balluku ia ka b\u00ebr\u00eb ben\u00eb Edi Ram\u00ebs, tha kreu i PD-s\u00eb Berisha gjat\u00eb nj\u00eb takimi me demokrat\u00ebt e Tiran\u00ebs. <\/span><\/p>\n<p><span style=\"color: #000000;\">Ai tha se Balluku ka shk\u00ebmbyer mesazhe me gjyqtar\u00ebt gjith\u00eb dit\u00ebn e sotme lidhur me \u00e7\u00ebshtjen e saj. Ai tha se PD-ja nuk do t\u00ebrhiqet po do b\u00ebj\u00eb \u00e7mos p\u00ebr t\u00eb shp\u00ebtuar vendin.<\/span><\/p>\n<p><span style=\"color: #000000;\"><em>\u201cAjo ia ka b\u00ebr\u00eb ben\u00eb. Sot ka ndenjur gjith\u00eb dit\u00ebn n\u00eb zyr\u00eb duke u marr\u00eb me gjykat\u00ebsit, duke \u00e7uar mesazhe, n\u00eb m\u00ebnyr\u00eb q\u00eb t\u00eb marrin vendimin q\u00eb mor\u00ebn. Ky \u00ebsht\u00eb zhvillimi m\u00eb i fundit dhe un\u00eb nuk mund ta injoroja. Pra \u00ebsht\u00eb nj\u00eb thirrje e madhe p\u00ebr ne, nj\u00eb gj\u00eb duhet tju rikujtoj. N\u00eb k\u00ebt\u00eb situat\u00eb, shpresa e vetme jemi ne. Shpesh me t\u00eb drejt\u00eb thon\u00eb jo njer\u00ebzit nuk kan\u00eb shpres\u00eb. Nuk ka moment m\u00eb kritik. Nuk ka moment q\u00eb t\u00eb mund t\u00eb tejkaloj\u00eb se \u00e7far\u00eb interesash jan\u00eb t\u00eb gatsh\u00ebm t\u00eb shkelmojn\u00eb k\u00ebta antishqiptar\u00eb, kjo band\u00eb kriminale p\u00ebr pasurimin e vet, p\u00ebr interesat e veta, p\u00ebr l\u00ebkur\u00ebn e vet. Fatin e nj\u00eb populli duan ta shkelmojn\u00eb duke besuar se nuk ekziston askush n\u00eb k\u00ebt\u00eb vend, p\u00ebrve\u00e7 atyre. Por ja q\u00eb jemi ne dhe vijm\u00eb m\u00eb te betuar se kurr\u00eb se nuk do ua falim p\u00ebr asnj\u00eb \u00e7mim, p\u00ebr asnj\u00eb arsye.\u201d<\/em><\/span><\/p>\n","protected":false,"gt_translate_keys":[{"key":"rendered","format":"html"}]},"excerpt":{"rendered":"<p>Lubi Balluku ia ka b\u00ebr\u00eb ben\u00eb Edi Ram\u00ebs, tha kreu i PD-s\u00eb Berisha gjat\u00eb nj\u00eb takimi me demokrat\u00ebt e Tiran\u00ebs. Ai tha se Balluku ka shk\u00ebmbyer mesazhe me gjyqtar\u00ebt gjith\u00eb dit\u00ebn e sotme lidhur me \u00e7\u00ebshtjen e saj. Ai tha se PD-ja nuk do t\u00ebrhiqet po do b\u00ebj\u00eb \u00e7mos p\u00ebr t\u00eb shp\u00ebtuar vendin. \u201cAjo ia [&hellip;]<\/p>\n","protected":false,"gt_translate_keys":[{"key":"rendered","format":"html"}]},"author":51,"featured_media":785038,"comment_status":"closed","ping_status":"open","sticky":false,"template":"","format":"standard","meta":{"footnotes":""},"categories":[65],"tags":[],"class_list":["post-785037","post","type-post","status-publish","format-standard","has-post-thumbnail","hentry","category-lajme"],"gt_translate_keys":[{"key":"link","format":"url"}],"_links":{"self":[{"href":"https:\/\/www.hashtag.al\/index.php\/wp-json\/wp\/v2\/posts\/785037","targetHints":{"allow":["GET"]}}],"collection":[{"href":"https:\/\/www.hashtag.al\/index.php\/wp-json\/wp\/v2\/posts"}],"about":[{"href":"https:\/\/www.hashtag.al\/index.php\/wp-json\/wp\/v2\/types\/post"}],"author":[{"embeddable":true,"href":"https:\/\/www.hashtag.al\/index.php\/wp-json\/wp\/v2\/users\/51"}],"replies":[{"embeddable":true,"href":"https:\/\/www.hashtag.al\/index.php\/wp-json\/wp\/v2\/comments?post=785037"}],"version-history":[{"count":99999,"href":"https:\/\/www.hashtag.al\/index.php\/wp-json\/wp\/v2\/posts\/785037\/revisions"}],"predecessor-version":[{"id":785039,"href":"https:\/\/www.hashtag.al\/index.php\/wp-json\/wp\/v2\/posts\/785037\/revisions\/785039"}],"wp:featuredmedia":[{"embeddable":true,"href":"https:\/\/www.hashtag.al\/index.php\/wp-json\/wp\/v2\/media\/785038"}],"wp:attachment":[{"href":"https:\/\/www.hashtag.al\/index.php\/wp-json\/wp\/v2\/media?parent=785037"}],"wp:term":[{"taxonomy":"category","embeddable":true,"href":"https:\/\/www.hashtag.al\/index.php\/wp-json\/wp\/v2\/categories?post=785037"},{"taxonomy":"post_tag","embeddable":true,"href":"https:\/\/www.hashtag.al\/index.php\/wp-json\/wp\/v2\/tags?post=785037"}],"curies":[{"name":"wp","href":"https:\/\/api.w.org\/{rel}","templated":true}]}}